{"id":50103,"date":"2025-01-28T17:12:29","date_gmt":"2025-01-28T20:12:29","guid":{"rendered":"https:\/\/radiorevelacionfm.cl\/?p=50103"},"modified":"2025-01-28T17:12:29","modified_gmt":"2025-01-28T20:12:29","slug":"festival-de-talentos-da-inicio-a-la-campana-de-verano-de-senda-en-puerto-aysen","status":"publish","type":"post","link":"https:\/\/radiorevelacionfm.cl\/?p=50103","title":{"rendered":"Festival de Talentos da inicio a la Campa\u00f1a de Verano de SENDA en Puerto Ays\u00e9n"},"content":{"rendered":"<div class=\"flex_column av_one_full  flex_column_div av-zero-column-padding first  avia-builder-el-0  el_before_av_one_full  avia-builder-el-first  \" style='border-radius:0px; '><div  class='avia-image-container  av-styling-    avia-builder-el-1  avia-builder-el-no-sibling  avia-align-center '  itemprop=\"image\" itemscope=\"itemscope\" itemtype=\"https:\/\/schema.org\/ImageObject\"  ><div class='avia-image-container-inner'><div class='avia-image-overlay-wrap'><img decoding=\"async\" class='wp-image-50104 avia-img-lazy-loading-not-50104 avia_image' src=\"https:\/\/radiorevelacionfm.cl\/wp-content\/uploads\/2025\/01\/FT4-1-1.jpeg\" alt='' title='FT4 (1) (1)' height=\"600\" width=\"900\"  itemprop=\"thumbnailUrl\" srcset=\"https:\/\/radiorevelacionfm.cl\/wp-content\/uploads\/2025\/01\/FT4-1-1.jpeg 900w, https:\/\/radiorevelacionfm.cl\/wp-content\/uploads\/2025\/01\/FT4-1-1-300x200.jpeg 300w, https:\/\/radiorevelacionfm.cl\/wp-content\/uploads\/2025\/01\/FT4-1-1-768x512.jpeg 768w, https:\/\/radiorevelacionfm.cl\/wp-content\/uploads\/2025\/01\/FT4-1-1-705x470.jpeg 705w, https:\/\/radiorevelacionfm.cl\/wp-content\/uploads\/2025\/01\/FT4-1-1-450x300.jpeg 450w, https:\/\/radiorevelacionfm.cl\/wp-content\/uploads\/2025\/01\/FT4-1-1-600x400.jpeg 600w\" sizes=\"(max-width: 900px) 100vw, 900px\" \/><\/div><\/div><\/div><\/div><div class=\"flex_column av_one_full  flex_column_div av-zero-column-padding first  avia-builder-el-2  el_after_av_one_full  el_before_av_one_full  column-top-margin\" style='border-radius:0px; '><section class=\"av_textblock_section \"  itemscope=\"itemscope\" itemtype=\"https:\/\/schema.org\/BlogPosting\" itemprop=\"blogPost\" ><div class='avia_textblock  '   itemprop=\"text\" ><p style=\"text-align: center;\"><strong><span style=\"font-size: 18pt;\">Festival de Talentos da inicio a la Campa\u00f1a de Verano de SENDA en Puerto Ays\u00e9n<\/span><\/strong><\/p>\n<div id=\"gtx-trans\" style=\"position: absolute; left: -50px; top: 4.31534px;\">\n<div class=\"gtx-trans-icon\"><\/div>\n<\/div>\n<\/div><\/section><\/div><div class=\"flex_column av_one_full  flex_column_div av-zero-column-padding first  avia-builder-el-4  el_after_av_one_full  el_before_av_hr  column-top-margin\" style='border-radius:0px; '><section class=\"av_textblock_section \"  itemscope=\"itemscope\" itemtype=\"https:\/\/schema.org\/BlogPosting\" itemprop=\"blogPost\" ><div class='avia_textblock  '   itemprop=\"text\" ><p style=\"text-align: justify;\">Con el objetivo de promover estilos de vida saludables en ni\u00f1os, ni\u00f1as, adolescentes y j\u00f3venes durante las vacaciones de verano, el Servicio Nacional para la Prevenci\u00f3n y Rehabilitaci\u00f3n del Consumo de Drogas y Alcohol (SENDA) dio inicio a su Campa\u00f1a de Verano 2025 \u00abCuidarse Siempre Est\u00e1 de Moda\u00bb con un Festival de Talentos realizado en Puerto Ays\u00e9n. La actividad, organizada por el equipo SENDA Previene Ays\u00e9n en conjunto con la Ilustre Municipalidad de Ays\u00e9n en el marco de su aniversario, reuni\u00f3 a una gran cantidad de personas en una jornada llena de m\u00fasica, danza, y expresiones art\u00edsticas locales.<\/p>\n<p style=\"text-align: justify;\">El evento ofreci\u00f3 un espacio de entretenimiento para ni\u00f1os, j\u00f3venes y familias y tambi\u00e9n se convirti\u00f3 en una plataforma para reforzar el mensaje de prevenci\u00f3n y dar a conocer los programas de SENDA. \u201cNuestra oficina SENDA Previene en conjunto con otros programas municipales y organizaciones sociales que son parte de nuestro programa comunitario han desarrollado este festival de talentos, donde ni\u00f1os, ni\u00f1as y adolescentes\u00a0 han podido demostrar sus destrezas tanto en el baile, como en el canto con el apoyo de sus familias, creemos que este tipo de actividades nos permite reforzar el trabajo en esta comuna y tambi\u00e9n en el \u00e1mbito del cuidado\u201d, expres\u00f3 la Directora Regional de SENDA, Mar\u00eda Victoria Contreras Lemus.<\/p>\n<p style=\"text-align: justify;\">El festival tambi\u00e9n cont\u00f3 con el trabajo conjunto del barrio Pedro Aguirre Cerda, cuyos l\u00edderes barriales colaboraron activamente para impulsar esta iniciativa. Asimismo, cont\u00f3 con la participaci\u00f3n de diversos programas sociales de la Municipalidad, quienes incluyeron categor\u00edas para la ni\u00f1ez, adolescencia y la juventud, lo que permiti\u00f3 una amplia participaci\u00f3n y destac\u00f3 la diversidad de talentos presentes en la comunidad, para fortalecer los lazos comunitarios y promover un entorno seguro y saludable para todos los participantes.<\/p>\n<p style=\"text-align: justify;\">En esta ocasi\u00f3n, Pablo Leiva, padre de la participante que destac\u00f3 en la categor\u00eda ni\u00f1os y ni\u00f1as, relev\u00f3 la ejecuci\u00f3n de estas iniciativas, \u00abestoy contento por ella, porque gan\u00f3 y si bien no le gusta cantar en p\u00fablico, esta vez se decidi\u00f3 y lo hizo hermosamente. Yo creo que estas instancias que hace SENDA son muy buenas, que se sigan desarrollando ojal\u00e1 todos los a\u00f1os\u00bb.<\/p>\n<p style=\"text-align: justify;\">La Campa\u00f1a de Verano 2025 de SENDA contempla una variedad de actividades para toda la familia, incluyendo talleres recreativos, ferias preventivas, y actividades deportivas que se realizar\u00e1n conjuntamente con otras instituciones como el Ministerio de Deportes, el Instituto Nacional de la Juventud, Municipalidades, Delegaciones Provinciales, el Instituto Nacional de Deportes, entre otras. Adem\u00e1s, se llevar\u00e1n a cabo operativo del programa Tolerancia Cero junto a Carabineros y operativos preventivos en lugares tur\u00edsticos. Estas acciones buscan sensibilizar sobre los riesgos asociados al consumo de sustancias y promover estilos de vida saludables.<\/p>\n<p style=\"text-align: justify;\">Para m\u00e1s informaci\u00f3n sobre la Campa\u00f1a de Verano 2025, visite el sitio web de SENDA https:\/\/www.senda.gob.cl\/cuidarse-siempre-esta-de-moda\/ o siga sus redes sociales oficiales.<\/p>\n<\/div><\/section><\/div><div  style='height:50px' class='hr hr-invisible   avia-builder-el-6  el_after_av_one_full  el_before_av_social_share '><span class='hr-inner ' ><span class='hr-inner-style'><\/span><\/span><\/div><\/p>\n<div  class='av-social-sharing-box  avia-builder-el-7  el_after_av_hr  el_before_av_hr  '><div class='av-share-box'><h5 class='av-share-link-description av-no-toc '>Compartir esta noticia<\/h5><ul class='av-share-box-list noLightbox'><li class='av-share-link av-social-link-facebook' ><a target=\"_blank\" aria-label=\"Compartir en Facebook\" href='https:\/\/www.facebook.com\/sharer.php?u=https:\/\/radiorevelacionfm.cl\/?p=50103&#038;t=Festival%20de%20Talentos%20da%20inicio%20a%20la%20Campa%C3%B1a%20de%20Verano%20de%20SENDA%20en%20Puerto%20Ays%C3%A9n' aria-hidden='false' data-av_icon='\ue8f3' data-av_iconfont='entypo-fontello' title='' data-avia-related-tooltip='Compartir en Facebook' rel=\"noopener\"><span class='avia_hidden_link_text'>Compartir en Facebook<\/span><\/a><\/li><li class='av-share-link av-social-link-twitter' ><a target=\"_blank\" aria-label=\"Compartir en Twitter\" href='https:\/\/twitter.com\/share?text=Festival%20de%20Talentos%20da%20inicio%20a%20la%20Campa%C3%B1a%20de%20Verano%20de%20SENDA%20en%20Puerto%20Ays%C3%A9n&#038;url=https:\/\/radiorevelacionfm.cl\/?p=50103' aria-hidden='false' data-av_icon='\ue8f1' data-av_iconfont='entypo-fontello' title='' data-avia-related-tooltip='Compartir en Twitter' rel=\"noopener\"><span class='avia_hidden_link_text'>Compartir en Twitter<\/span><\/a><\/li><li class='av-share-link av-social-link-whatsapp' ><a target=\"_blank\" aria-label=\"Compartir en Whatsapp\" href='https:\/\/api.whatsapp.com\/send?text=https:\/\/radiorevelacionfm.cl\/?p=50103' aria-hidden='false' data-av_icon='\uf232' data-av_iconfont='entypo-fontello' title='' data-avia-related-tooltip='Compartir en Whatsapp' rel=\"noopener\"><span class='avia_hidden_link_text'>Compartir en Whatsapp<\/span><\/a><\/li><li class='av-share-link av-social-link-linkedin' ><a target=\"_blank\" aria-label=\"Compartir en LinkedIn\" href='https:\/\/linkedin.com\/shareArticle?mini=true&#038;title=Festival%20de%20Talentos%20da%20inicio%20a%20la%20Campa%C3%B1a%20de%20Verano%20de%20SENDA%20en%20Puerto%20Ays%C3%A9n&#038;url=https:\/\/radiorevelacionfm.cl\/?p=50103' aria-hidden='false' data-av_icon='\ue8fc' data-av_iconfont='entypo-fontello' title='' data-avia-related-tooltip='Compartir en LinkedIn' rel=\"noopener\"><span class='avia_hidden_link_text'>Compartir en LinkedIn<\/span><\/a><\/li><li class='av-share-link av-social-link-mail' ><a  aria-label=\"Compartir por correo\" href='mailto:?subject=Festival%20de%20Talentos%20da%20inicio%20a%20la%20Campa%C3%B1a%20de%20Verano%20de%20SENDA%20en%20Puerto%20Ays%C3%A9n&#038;body=https:\/\/radiorevelacionfm.cl\/?p=50103' aria-hidden='false' data-av_icon='\ue805' data-av_iconfont='entypo-fontello' title='' data-avia-related-tooltip='Compartir por correo'><span class='avia_hidden_link_text'>Compartir por correo<\/span><\/a><\/li><\/ul><\/div><\/div>\n<div  style='height:50px' class='hr hr-invisible   avia-builder-el-8  el_after_av_social_share  el_before_av_comments_list '><span class='hr-inner ' ><span class='hr-inner-style'><\/span><\/span><\/div>\n<div  class='av-buildercomment  av-blog-meta-html-info-disabled av-blog-meta-tag-disabled  '><\/div>\n","protected":false},"excerpt":{"rendered":"","protected":false},"author":1,"featured_media":50104,"comment_status":"open","ping_status":"open","sticky":false,"template":"","format":"standard","meta":{"footnotes":""},"categories":[38],"tags":[],"class_list":["post-50103","post","type-post","status-publish","format-standard","has-post-thumbnail","hentry","category-regional"],"jetpack_featured_media_url":"https:\/\/radiorevelacionfm.cl\/wp-content\/uploads\/2025\/01\/FT4-1-1.jpeg","_links":{"self":[{"href":"https:\/\/radiorevelacionfm.cl\/index.php?rest_route=\/wp\/v2\/posts\/50103","targetHints":{"allow":["GET"]}}],"collection":[{"href":"https:\/\/radiorevelacionfm.cl\/index.php?rest_route=\/wp\/v2\/posts"}],"about":[{"href":"https:\/\/radiorevelacionfm.cl\/index.php?rest_route=\/wp\/v2\/types\/post"}],"author":[{"embeddable":true,"href":"https:\/\/radiorevelacionfm.cl\/index.php?rest_route=\/wp\/v2\/users\/1"}],"replies":[{"embeddable":true,"href":"https:\/\/radiorevelacionfm.cl\/index.php?rest_route=%2Fwp%2Fv2%2Fcomments&post=50103"}],"version-history":[{"count":1,"href":"https:\/\/radiorevelacionfm.cl\/index.php?rest_route=\/wp\/v2\/posts\/50103\/revisions"}],"predecessor-version":[{"id":50105,"href":"https:\/\/radiorevelacionfm.cl\/index.php?rest_route=\/wp\/v2\/posts\/50103\/revisions\/50105"}],"wp:featuredmedia":[{"embeddable":true,"href":"https:\/\/radiorevelacionfm.cl\/index.php?rest_route=\/wp\/v2\/media\/50104"}],"wp:attachment":[{"href":"https:\/\/radiorevelacionfm.cl\/index.php?rest_route=%2Fwp%2Fv2%2Fmedia&parent=50103"}],"wp:term":[{"taxonomy":"category","embeddable":true,"href":"https:\/\/radiorevelacionfm.cl\/index.php?rest_route=%2Fwp%2Fv2%2Fcategories&post=50103"},{"taxonomy":"post_tag","embeddable":true,"href":"https:\/\/radiorevelacionfm.cl\/index.php?rest_route=%2Fwp%2Fv2%2Ftags&post=50103"}],"curies":[{"name":"wp","href":"https:\/\/api.w.org\/{rel}","templated":true}]}}