{"id":50100,"date":"2025-01-28T16:00:48","date_gmt":"2025-01-28T19:00:48","guid":{"rendered":"https:\/\/radiorevelacionfm.cl\/?p=50100"},"modified":"2025-01-28T16:00:48","modified_gmt":"2025-01-28T19:00:48","slug":"con-muestra-de-productos-y-certificacion-de-20-emprendedoras-finalizan-programa-del-fosis-en-puerto-aysen","status":"publish","type":"post","link":"https:\/\/radiorevelacionfm.cl\/?p=50100","title":{"rendered":"Con muestra de productos y certificaci\u00f3n de 20 emprendedoras finalizan programa del FOSIS en Puerto Ays\u00e9n"},"content":{"rendered":"<div class=\"flex_column av_one_full  flex_column_div av-zero-column-padding first  avia-builder-el-0  el_before_av_one_full  avia-builder-el-first  \" style='border-radius:0px; '><div  class='avia-image-container  av-styling-    avia-builder-el-1  avia-builder-el-no-sibling  avia-align-center '  itemprop=\"image\" itemscope=\"itemscope\" itemtype=\"https:\/\/schema.org\/ImageObject\"  ><div class='avia-image-container-inner'><div class='avia-image-overlay-wrap'><img decoding=\"async\" class='wp-image-50101 avia-img-lazy-loading-not-50101 avia_image' src=\"https:\/\/radiorevelacionfm.cl\/wp-content\/uploads\/2025\/01\/1-94-1-1.jpeg\" alt='' title='1 (94) (1) (1)' height=\"600\" width=\"1067\"  itemprop=\"thumbnailUrl\" srcset=\"https:\/\/radiorevelacionfm.cl\/wp-content\/uploads\/2025\/01\/1-94-1-1.jpeg 1067w, https:\/\/radiorevelacionfm.cl\/wp-content\/uploads\/2025\/01\/1-94-1-1-300x169.jpeg 300w, https:\/\/radiorevelacionfm.cl\/wp-content\/uploads\/2025\/01\/1-94-1-1-1030x579.jpeg 1030w, https:\/\/radiorevelacionfm.cl\/wp-content\/uploads\/2025\/01\/1-94-1-1-768x432.jpeg 768w, https:\/\/radiorevelacionfm.cl\/wp-content\/uploads\/2025\/01\/1-94-1-1-705x396.jpeg 705w, https:\/\/radiorevelacionfm.cl\/wp-content\/uploads\/2025\/01\/1-94-1-1-450x253.jpeg 450w, https:\/\/radiorevelacionfm.cl\/wp-content\/uploads\/2025\/01\/1-94-1-1-600x337.jpeg 600w\" sizes=\"(max-width: 1067px) 100vw, 1067px\" \/><\/div><\/div><\/div><\/div><div class=\"flex_column av_one_full  flex_column_div av-zero-column-padding first  avia-builder-el-2  el_after_av_one_full  el_before_av_one_full  column-top-margin\" style='border-radius:0px; '><section class=\"av_textblock_section \"  itemscope=\"itemscope\" itemtype=\"https:\/\/schema.org\/BlogPosting\" itemprop=\"blogPost\" ><div class='avia_textblock  '   itemprop=\"text\" ><p style=\"text-align: center;\"><strong><span style=\"font-size: 18pt;\">Con muestra de productos y certificaci\u00f3n de 20 emprendedoras finalizan programa del FOSIS en Puerto Ays\u00e9n<\/span><\/strong><\/p>\n<div id=\"gtx-trans\" style=\"position: absolute; left: -50px; top: 4.31534px;\">\n<div class=\"gtx-trans-icon\"><\/div>\n<\/div>\n<\/div><\/section><\/div><div class=\"flex_column av_one_full  flex_column_div av-zero-column-padding first  avia-builder-el-4  el_after_av_one_full  el_before_av_hr  column-top-margin\" style='border-radius:0px; '><section class=\"av_textblock_section \"  itemscope=\"itemscope\" itemtype=\"https:\/\/schema.org\/BlogPosting\" itemprop=\"blogPost\" ><div class='avia_textblock  '   itemprop=\"text\" ><p style=\"text-align: justify;\"><em>Los usuarios y usuarias del programa Emprendamos recibieron capacitaci\u00f3n, asesor\u00eda y financiamiento para potenciar sus negocios, junto con la oportunidad de exhibir sus productos y servicios a la comunidad local.<\/em><\/p>\n<p style=\"text-align: justify;\">Hasta la Biblioteca Municipal de Puerto Ays\u00e9n lleg\u00f3 la directora regional del FOSIS, Fernanda Leiva, junto al representante de la Delegaci\u00f3n Presidencial Provincial, Jorge Figueroa, para ser parte de la muestra de emprendimientos y ceremonia de certificaci\u00f3n del programa Emprendamos, financiado por el Fondo de Solidaridad e Inversi\u00f3n Social, FOSIS y ejecutado en la comuna de Ays\u00e9n con apoyo de Consultores de la Patagonia.<\/p>\n<p style=\"text-align: justify;\">La instancia de cierre de este programa, que apunta a la autonom\u00eda econ\u00f3mica de sus participantes, permiti\u00f3 a las emprendedoras y emprendedores exhibir sus productos y servicios a la comunidad local, junto con recibir los certificados que acreditan haber cursado satisfactoriamente las distintas etapas de este programa que busca entregar herramientas para gestionar un negocio y aumentar la generaci\u00f3n de ingresos.<\/p>\n<p style=\"text-align: justify;\">La emprendedora Mariana Haro de Terapias Maki asegur\u00f3 que su participaci\u00f3n en el programa \u201cfue una experiencia s\u00faper gratificante poder tejer redes y conocer a otros emprendedores y emprendedoras que est\u00e1n en una situaci\u00f3n similar, tratando de sacar adelante sus negocios. Es s\u00faper reconfortante para darte cuenta de que todos est\u00e1n en la misma cuando se trata de emprender. Estar en el FOSIS fue muy importante porque me entreg\u00f3 herramientas necesarias para poder fortalecer mi proyecto\u201d<\/p>\n<p style=\"text-align: justify;\">Fernanda Leiva, directora regional del FOSIS, destac\u00f3 que \u201cestuvimos certificando y dando finalizaci\u00f3n al programa Emprendamos B\u00e1sico, donde 20 personas emprendedoras de la comuna de Ays\u00e9n participaron en las capacitaciones, asesor\u00edas y financiamiento que entrega este programa de autonom\u00eda econ\u00f3mica del FOSIS. Estamos contentos porque conversamos con las personas usuarias quienes nos contaron sobre su experiencia y c\u00f3mo sacaron todo el provecho de esta oportunidad que entregamos desde el Gobierno\u201d.<\/p>\n<p style=\"text-align: justify;\">El representante de la Delegaci\u00f3n Presidencial Provincial de Ays\u00e9n, Jorge Figueroa, agreg\u00f3 que \u201ces un gran privilegio y orgullo ver que muchos vecinos han emprendido gracias al apoyo del FOSIS, una herramienta muy importante para poder activar la econom\u00eda familiar y local. Felicitamos a las encargadas locales del FOSIS que abren un abanico de posibilidades para que las familias puedan ayudar en la econom\u00eda del hogar y salir adelante\u201d.<\/p>\n<p style=\"text-align: justify;\">El programa Emprendamos permite financiar un plan de negocios para comprar herramientas e insumos, junto con recibir asesor\u00eda personalizada y capacitaciones que mejoran el funcionamiento de un emprendimiento.<\/p>\n<\/div><\/section><\/div><div  style='height:50px' class='hr hr-invisible   avia-builder-el-6  el_after_av_one_full  el_before_av_social_share '><span class='hr-inner ' ><span class='hr-inner-style'><\/span><\/span><\/div><\/p>\n<div  class='av-social-sharing-box  avia-builder-el-7  el_after_av_hr  el_before_av_hr  '><div class='av-share-box'><h5 class='av-share-link-description av-no-toc '>Compartir esta noticia<\/h5><ul class='av-share-box-list noLightbox'><li class='av-share-link av-social-link-facebook' ><a target=\"_blank\" aria-label=\"Compartir en Facebook\" href='https:\/\/www.facebook.com\/sharer.php?u=https:\/\/radiorevelacionfm.cl\/?p=50100&#038;t=Con%20muestra%20de%20productos%20y%20certificaci%C3%B3n%20de%2020%20emprendedoras%20finalizan%20programa%20del%20FOSIS%20en%20Puerto%20Ays%C3%A9n' aria-hidden='false' data-av_icon='\ue8f3' data-av_iconfont='entypo-fontello' title='' data-avia-related-tooltip='Compartir en Facebook' rel=\"noopener\"><span class='avia_hidden_link_text'>Compartir en Facebook<\/span><\/a><\/li><li class='av-share-link av-social-link-twitter' ><a target=\"_blank\" aria-label=\"Compartir en Twitter\" href='https:\/\/twitter.com\/share?text=Con%20muestra%20de%20productos%20y%20certificaci%C3%B3n%20de%2020%20emprendedoras%20finalizan%20programa%20del%20FOSIS%20en%20Puerto%20Ays%C3%A9n&#038;url=https:\/\/radiorevelacionfm.cl\/?p=50100' aria-hidden='false' data-av_icon='\ue8f1' data-av_iconfont='entypo-fontello' title='' data-avia-related-tooltip='Compartir en Twitter' rel=\"noopener\"><span class='avia_hidden_link_text'>Compartir en Twitter<\/span><\/a><\/li><li class='av-share-link av-social-link-whatsapp' ><a target=\"_blank\" aria-label=\"Compartir en Whatsapp\" href='https:\/\/api.whatsapp.com\/send?text=https:\/\/radiorevelacionfm.cl\/?p=50100' aria-hidden='false' data-av_icon='\uf232' data-av_iconfont='entypo-fontello' title='' data-avia-related-tooltip='Compartir en Whatsapp' rel=\"noopener\"><span class='avia_hidden_link_text'>Compartir en Whatsapp<\/span><\/a><\/li><li class='av-share-link av-social-link-linkedin' ><a target=\"_blank\" aria-label=\"Compartir en LinkedIn\" href='https:\/\/linkedin.com\/shareArticle?mini=true&#038;title=Con%20muestra%20de%20productos%20y%20certificaci%C3%B3n%20de%2020%20emprendedoras%20finalizan%20programa%20del%20FOSIS%20en%20Puerto%20Ays%C3%A9n&#038;url=https:\/\/radiorevelacionfm.cl\/?p=50100' aria-hidden='false' data-av_icon='\ue8fc' data-av_iconfont='entypo-fontello' title='' data-avia-related-tooltip='Compartir en LinkedIn' rel=\"noopener\"><span class='avia_hidden_link_text'>Compartir en LinkedIn<\/span><\/a><\/li><li class='av-share-link av-social-link-mail' ><a  aria-label=\"Compartir por correo\" href='mailto:?subject=Con%20muestra%20de%20productos%20y%20certificaci%C3%B3n%20de%2020%20emprendedoras%20finalizan%20programa%20del%20FOSIS%20en%20Puerto%20Ays%C3%A9n&#038;body=https:\/\/radiorevelacionfm.cl\/?p=50100' aria-hidden='false' data-av_icon='\ue805' data-av_iconfont='entypo-fontello' title='' data-avia-related-tooltip='Compartir por correo'><span class='avia_hidden_link_text'>Compartir por correo<\/span><\/a><\/li><\/ul><\/div><\/div>\n<div  style='height:50px' class='hr hr-invisible   avia-builder-el-8  el_after_av_social_share  el_before_av_comments_list '><span class='hr-inner ' ><span class='hr-inner-style'><\/span><\/span><\/div>\n<div  class='av-buildercomment  av-blog-meta-html-info-disabled av-blog-meta-tag-disabled  '><\/div>\n","protected":false},"excerpt":{"rendered":"","protected":false},"author":1,"featured_media":50101,"comment_status":"open","ping_status":"open","sticky":false,"template":"","format":"standard","meta":{"footnotes":""},"categories":[38],"tags":[],"class_list":["post-50100","post","type-post","status-publish","format-standard","has-post-thumbnail","hentry","category-regional"],"jetpack_featured_media_url":"https:\/\/radiorevelacionfm.cl\/wp-content\/uploads\/2025\/01\/1-94-1-1.jpeg","_links":{"self":[{"href":"https:\/\/radiorevelacionfm.cl\/index.php?rest_route=\/wp\/v2\/posts\/50100","targetHints":{"allow":["GET"]}}],"collection":[{"href":"https:\/\/radiorevelacionfm.cl\/index.php?rest_route=\/wp\/v2\/posts"}],"about":[{"href":"https:\/\/radiorevelacionfm.cl\/index.php?rest_route=\/wp\/v2\/types\/post"}],"author":[{"embeddable":true,"href":"https:\/\/radiorevelacionfm.cl\/index.php?rest_route=\/wp\/v2\/users\/1"}],"replies":[{"embeddable":true,"href":"https:\/\/radiorevelacionfm.cl\/index.php?rest_route=%2Fwp%2Fv2%2Fcomments&post=50100"}],"version-history":[{"count":1,"href":"https:\/\/radiorevelacionfm.cl\/index.php?rest_route=\/wp\/v2\/posts\/50100\/revisions"}],"predecessor-version":[{"id":50102,"href":"https:\/\/radiorevelacionfm.cl\/index.php?rest_route=\/wp\/v2\/posts\/50100\/revisions\/50102"}],"wp:featuredmedia":[{"embeddable":true,"href":"https:\/\/radiorevelacionfm.cl\/index.php?rest_route=\/wp\/v2\/media\/50101"}],"wp:attachment":[{"href":"https:\/\/radiorevelacionfm.cl\/index.php?rest_route=%2Fwp%2Fv2%2Fmedia&parent=50100"}],"wp:term":[{"taxonomy":"category","embeddable":true,"href":"https:\/\/radiorevelacionfm.cl\/index.php?rest_route=%2Fwp%2Fv2%2Fcategories&post=50100"},{"taxonomy":"post_tag","embeddable":true,"href":"https:\/\/radiorevelacionfm.cl\/index.php?rest_route=%2Fwp%2Fv2%2Ftags&post=50100"}],"curies":[{"name":"wp","href":"https:\/\/api.w.org\/{rel}","templated":true}]}}