{"id":5010,"date":"2021-06-08T11:03:15","date_gmt":"2021-06-08T14:03:15","guid":{"rendered":"https:\/\/radiorevelacionfm.cl\/?p=5010"},"modified":"2021-06-08T11:03:15","modified_gmt":"2021-06-08T14:03:15","slug":"este-jueves-comienza-la-primera-version-del-encuentro-de-gestores-de-trashumantes","status":"publish","type":"post","link":"https:\/\/radiorevelacionfm.cl\/?p=5010","title":{"rendered":"Este jueves comienza la primera versi\u00f3n del Encuentro de Gestores de Trashumantes"},"content":{"rendered":"<div class=\"flex_column av_one_full  flex_column_div av-zero-column-padding first  avia-builder-el-0  el_before_av_one_full  avia-builder-el-first  \" style='border-radius:0px; '><div  class='avia-image-container  av-styling-    avia-builder-el-1  avia-builder-el-no-sibling  avia-align-center '  itemprop=\"image\" itemscope=\"itemscope\" itemtype=\"https:\/\/schema.org\/ImageObject\"  ><div class='avia-image-container-inner'><div class='avia-image-overlay-wrap'><img decoding=\"async\" class='wp-image-0 avia-img-lazy-loading-not-0 avia_image' src=\"https:\/\/radiorevelacionfm.cl\/wp-content\/uploads\/2021\/06\/encuentro-de-gestores-imagen-1-2_optimized.png\" alt='' title=''   itemprop=\"thumbnailUrl\"  \/><\/div><\/div><\/div><\/div><div class=\"flex_column av_one_full  flex_column_div av-zero-column-padding first  avia-builder-el-2  el_after_av_one_full  el_before_av_one_full  column-top-margin\" style='border-radius:0px; '><section class=\"av_textblock_section \"  itemscope=\"itemscope\" itemtype=\"https:\/\/schema.org\/BlogPosting\" itemprop=\"blogPost\" ><div class='avia_textblock  '   itemprop=\"text\" ><p style=\"text-align: center;\"><strong><span style=\"font-size: 18pt;\">Este jueves comienza la primera versi\u00f3n del Encuentro de Gestores de Trashumantes<\/span><\/strong><\/p>\n<div id=\"gtx-trans\" style=\"position: absolute; left: -50px; top: 4.31534px;\">\n<div class=\"gtx-trans-icon\"><\/div>\n<\/div>\n<\/div><\/section><\/div><div class=\"flex_column av_one_full  flex_column_div av-zero-column-padding first  avia-builder-el-4  el_after_av_one_full  el_before_av_hr  column-top-margin\" style='border-radius:0px; '><section class=\"av_textblock_section \"  itemscope=\"itemscope\" itemtype=\"https:\/\/schema.org\/BlogPosting\" itemprop=\"blogPost\" ><div class='avia_textblock  '   itemprop=\"text\" ><p style=\"text-align: justify;\">Este jueves 10, viernes 11 y s\u00e1bado 12 de junio, de 10 a 13 horas, se llevar\u00e1 a cabo la primera versi\u00f3n del Encuentro de Gestores de Trashumantes, actividad en l\u00ednea que busca transformarse en un espacio de intercambio entre los territorios del sur y las metodolog\u00edas que desarrollan sus actores para potenciar el teatro en sus localidades.<\/p>\n<p style=\"text-align: justify;\">La cita a este evento dirigido a trabajadores de las artes esc\u00e9nicas y financiado por el Programa de Apoyo a Organizaciones Culturales Colaboradoras del ministerio de las Culturas, las Artes y el Patrimonio, ser\u00e1 a trav\u00e9s de Zoom, previa inscripci\u00f3n en la p\u00e1gina: <a href=\"http:\/\/www.fundaciontrashumantes.cl\">www.fundaciontrashumantes.cl<\/a>.<\/p>\n<p style=\"text-align: justify;\">Esta primera versi\u00f3n en l\u00ednea contar\u00e1 con la exposici\u00f3n de agentes culturales que forman parte de Red Sur Trashumantes y de quienes resultaron seleccionados tras la realizaci\u00f3n de una convocatoria abierta a gestores\/as y organizaciones teatrales del Biob\u00edo, La Araucan\u00eda, Los Lagos, Ays\u00e9n y Magallanes.<\/p>\n<p style=\"text-align: justify;\">Habr\u00e1 representantes del Festival de Teatro del Biob\u00edo, de la Corporaci\u00f3n Cultural de Puerto Montt, del Festival Cielos del Infinito de Magallanes, del Fitich de Los Lagos, de Teatro Didaskalia de Temuco, de Patagonia en Escena de Ays\u00e9n y de Esc\u00e9nica Araucan\u00eda, entre otras organizaciones.<\/p>\n<p style=\"text-align: justify;\"><strong>Charlas especializadas <\/strong><\/p>\n<p style=\"text-align: justify;\">Adem\u00e1s, de la exposici\u00f3n de agentes culturales habr\u00e1 dos charlas especializadas. La primera de ellas ser\u00e1: \u201cFormaci\u00f3n de Audiencias\u201d con Pamela L\u00f3pez, gestora cultural y actual directora de Programaci\u00f3n y Audiencias del Centro Cultural Gabriela Mistral (GAM) de Santiago.<\/p>\n<p style=\"text-align: justify;\">En el espacio que desarrollar\u00e1 este viernes, a las 11.30 horas, Pamela hablar\u00e1 de los p\u00fablicos y audiencias desde el contexto actual. \u201cPodemos hablar de p\u00fablicos, sin embargo, estos son din\u00e1micos, y hoy por hoy vamos a tener que conversar sobre qu\u00e9 significa o qu\u00e9 ha implicado el coronavirus, su rol y cambio hacia la digitalizaci\u00f3n, y tambi\u00e9n la sensaci\u00f3n que tenemos de que la participaci\u00f3n comunitaria empieza a tomar componentes y piezas cada vez m\u00e1s importantes\u201d, adelanta.<\/p>\n<p style=\"text-align: justify;\">Asimismo, agrega que \u201cvamos a hablar de segmentaci\u00f3n y de la importancia de generar y tomar esas m\u00e9tricas de trabajo\u201d.<\/p>\n<p style=\"text-align: justify;\">La segunda charla, en tanto, dar\u00e1 cierre a esta primera versi\u00f3n del Encuentro de Gestores, el d\u00eda s\u00e1bado, a las 12 horas. Se trata de: \u201cLey de Donaciones Culturales\u201d con Ana L\u00f3pez, directora teatral, dramaturga y gestora cultural.<\/p>\n<p style=\"text-align: justify;\">\u201cLa charla dar\u00e1 a conocer esta herramienta que es la Ley de Donaciones Culturales, c\u00f3mo se usa, cu\u00e1l es su finalidad, la experiencia de algunos centros culturales, y tratar de entender c\u00f3mo funciona la relaci\u00f3n entre entidades culturales y empresas donantes. Tambi\u00e9n, entre personas profesionales que eventualmente puedan convertirse en donantes de proyectos de cultura. Tendremos harto de qu\u00e9 conversar y ver c\u00f3mo nos podemos acercar a esta herramienta y sacar el mayor provecho\u201d, detalla la tambi\u00e9n directora de la Compa\u00f1\u00eda Interdram.<\/p>\n<\/div><\/section><\/div><div  style='height:50px' class='hr hr-invisible   avia-builder-el-6  el_after_av_one_full  el_before_av_social_share '><span class='hr-inner ' ><span class='hr-inner-style'><\/span><\/span><\/div><\/p>\n<div  class='av-social-sharing-box  avia-builder-el-7  el_after_av_hr  el_before_av_hr  '><div class='av-share-box'><h5 class='av-share-link-description av-no-toc '>Compartir esta noticia<\/h5><ul class='av-share-box-list noLightbox'><li class='av-share-link av-social-link-facebook' ><a target=\"_blank\" aria-label=\"Compartir en Facebook\" href='https:\/\/www.facebook.com\/sharer.php?u=https:\/\/radiorevelacionfm.cl\/?p=5010&#038;t=Este%20jueves%20comienza%20la%20primera%20versi%C3%B3n%20del%20Encuentro%20de%20Gestores%20de%20Trashumantes' aria-hidden='false' data-av_icon='\ue8f3' data-av_iconfont='entypo-fontello' title='' data-avia-related-tooltip='Compartir en Facebook' rel=\"noopener\"><span class='avia_hidden_link_text'>Compartir en Facebook<\/span><\/a><\/li><li class='av-share-link av-social-link-twitter' ><a target=\"_blank\" aria-label=\"Compartir en Twitter\" href='https:\/\/twitter.com\/share?text=Este%20jueves%20comienza%20la%20primera%20versi%C3%B3n%20del%20Encuentro%20de%20Gestores%20de%20Trashumantes&#038;url=https:\/\/radiorevelacionfm.cl\/?p=5010' aria-hidden='false' data-av_icon='\ue8f1' data-av_iconfont='entypo-fontello' title='' data-avia-related-tooltip='Compartir en Twitter' rel=\"noopener\"><span class='avia_hidden_link_text'>Compartir en Twitter<\/span><\/a><\/li><li class='av-share-link av-social-link-whatsapp' ><a target=\"_blank\" aria-label=\"Compartir en Whatsapp\" href='https:\/\/api.whatsapp.com\/send?text=https:\/\/radiorevelacionfm.cl\/?p=5010' aria-hidden='false' data-av_icon='\uf232' data-av_iconfont='entypo-fontello' title='' data-avia-related-tooltip='Compartir en Whatsapp' rel=\"noopener\"><span class='avia_hidden_link_text'>Compartir en Whatsapp<\/span><\/a><\/li><li class='av-share-link av-social-link-linkedin' ><a target=\"_blank\" aria-label=\"Compartir en LinkedIn\" href='https:\/\/linkedin.com\/shareArticle?mini=true&#038;title=Este%20jueves%20comienza%20la%20primera%20versi%C3%B3n%20del%20Encuentro%20de%20Gestores%20de%20Trashumantes&#038;url=https:\/\/radiorevelacionfm.cl\/?p=5010' aria-hidden='false' data-av_icon='\ue8fc' data-av_iconfont='entypo-fontello' title='' data-avia-related-tooltip='Compartir en LinkedIn' rel=\"noopener\"><span class='avia_hidden_link_text'>Compartir en LinkedIn<\/span><\/a><\/li><li class='av-share-link av-social-link-mail' ><a  aria-label=\"Compartir por correo\" href='mailto:?subject=Este%20jueves%20comienza%20la%20primera%20versi%C3%B3n%20del%20Encuentro%20de%20Gestores%20de%20Trashumantes&#038;body=https:\/\/radiorevelacionfm.cl\/?p=5010' aria-hidden='false' data-av_icon='\ue805' data-av_iconfont='entypo-fontello' title='' data-avia-related-tooltip='Compartir por correo'><span class='avia_hidden_link_text'>Compartir por correo<\/span><\/a><\/li><\/ul><\/div><\/div>\n<div  style='height:50px' class='hr hr-invisible   avia-builder-el-8  el_after_av_social_share  el_before_av_comments_list '><span class='hr-inner ' ><span class='hr-inner-style'><\/span><\/span><\/div>\n<div  class='av-buildercomment  av-blog-meta-html-info-disabled av-blog-meta-tag-disabled  '><\/div>\n","protected":false},"excerpt":{"rendered":"","protected":false},"author":1,"featured_media":0,"comment_status":"open","ping_status":"open","sticky":false,"template":"","format":"standard","meta":{"footnotes":""},"categories":[52],"tags":[],"class_list":["post-5010","post","type-post","status-publish","format-standard","hentry","category-cultura"],"jetpack_featured_media_url":"","_links":{"self":[{"href":"https:\/\/radiorevelacionfm.cl\/index.php?rest_route=\/wp\/v2\/posts\/5010","targetHints":{"allow":["GET"]}}],"collection":[{"href":"https:\/\/radiorevelacionfm.cl\/index.php?rest_route=\/wp\/v2\/posts"}],"about":[{"href":"https:\/\/radiorevelacionfm.cl\/index.php?rest_route=\/wp\/v2\/types\/post"}],"author":[{"embeddable":true,"href":"https:\/\/radiorevelacionfm.cl\/index.php?rest_route=\/wp\/v2\/users\/1"}],"replies":[{"embeddable":true,"href":"https:\/\/radiorevelacionfm.cl\/index.php?rest_route=%2Fwp%2Fv2%2Fcomments&post=5010"}],"version-history":[{"count":1,"href":"https:\/\/radiorevelacionfm.cl\/index.php?rest_route=\/wp\/v2\/posts\/5010\/revisions"}],"predecessor-version":[{"id":5013,"href":"https:\/\/radiorevelacionfm.cl\/index.php?rest_route=\/wp\/v2\/posts\/5010\/revisions\/5013"}],"wp:attachment":[{"href":"https:\/\/radiorevelacionfm.cl\/index.php?rest_route=%2Fwp%2Fv2%2Fmedia&parent=5010"}],"wp:term":[{"taxonomy":"category","embeddable":true,"href":"https:\/\/radiorevelacionfm.cl\/index.php?rest_route=%2Fwp%2Fv2%2Fcategories&post=5010"},{"taxonomy":"post_tag","embeddable":true,"href":"https:\/\/radiorevelacionfm.cl\/index.php?rest_route=%2Fwp%2Fv2%2Ftags&post=5010"}],"curies":[{"name":"wp","href":"https:\/\/api.w.org\/{rel}","templated":true}]}}