{"id":50097,"date":"2025-01-28T15:04:37","date_gmt":"2025-01-28T18:04:37","guid":{"rendered":"https:\/\/radiorevelacionfm.cl\/?p=50097"},"modified":"2025-01-28T15:04:37","modified_gmt":"2025-01-28T18:04:37","slug":"ji-kau-kalem-expone-practicas-educativas-enfocadas-en-la-expresion-de-las-emociones-a-traves-del-arte-neurodivergencia-y-escenarios-ludicos","status":"publish","type":"post","link":"https:\/\/radiorevelacionfm.cl\/?p=50097","title":{"rendered":"JI Kau- Kalem expone pr\u00e1cticas educativas enfocadas en la expresi\u00f3n de las emociones a trav\u00e9s del arte, neurodivergencia y escenarios l\u00fadicos"},"content":{"rendered":"<div class=\"flex_column av_one_full  flex_column_div av-zero-column-padding first  avia-builder-el-0  el_before_av_one_full  avia-builder-el-first  \" style='border-radius:0px; '><div  class='avia-image-container  av-styling-    avia-builder-el-1  avia-builder-el-no-sibling  avia-align-center '  itemprop=\"image\" itemscope=\"itemscope\" itemtype=\"https:\/\/schema.org\/ImageObject\"  ><div class='avia-image-container-inner'><div class='avia-image-overlay-wrap'><img decoding=\"async\" class='wp-image-50098 avia-img-lazy-loading-not-50098 avia_image' src=\"https:\/\/radiorevelacionfm.cl\/wp-content\/uploads\/2025\/01\/img_20250120_164159_2-1_optimized.jpg\" alt='' title='img_20250120_164159_2-(1)_optimized' height=\"600\" width=\"1067\"  itemprop=\"thumbnailUrl\" srcset=\"https:\/\/radiorevelacionfm.cl\/wp-content\/uploads\/2025\/01\/img_20250120_164159_2-1_optimized.jpg 1067w, https:\/\/radiorevelacionfm.cl\/wp-content\/uploads\/2025\/01\/img_20250120_164159_2-1_optimized-300x169.jpg 300w, https:\/\/radiorevelacionfm.cl\/wp-content\/uploads\/2025\/01\/img_20250120_164159_2-1_optimized-1030x579.jpg 1030w, https:\/\/radiorevelacionfm.cl\/wp-content\/uploads\/2025\/01\/img_20250120_164159_2-1_optimized-768x432.jpg 768w, https:\/\/radiorevelacionfm.cl\/wp-content\/uploads\/2025\/01\/img_20250120_164159_2-1_optimized-705x396.jpg 705w, https:\/\/radiorevelacionfm.cl\/wp-content\/uploads\/2025\/01\/img_20250120_164159_2-1_optimized-450x253.jpg 450w, https:\/\/radiorevelacionfm.cl\/wp-content\/uploads\/2025\/01\/img_20250120_164159_2-1_optimized-600x337.jpg 600w\" sizes=\"(max-width: 1067px) 100vw, 1067px\" \/><\/div><\/div><\/div><\/div><div class=\"flex_column av_one_full  flex_column_div av-zero-column-padding first  avia-builder-el-2  el_after_av_one_full  el_before_av_one_full  column-top-margin\" style='border-radius:0px; '><section class=\"av_textblock_section \"  itemscope=\"itemscope\" itemtype=\"https:\/\/schema.org\/BlogPosting\" itemprop=\"blogPost\" ><div class='avia_textblock  '   itemprop=\"text\" ><p style=\"text-align: center;\"><strong><span style=\"font-size: 18pt;\">JI Kau- Kalem expone pr\u00e1cticas educativas enfocadas en la expresi\u00f3n de las emociones a trav\u00e9s del arte, neurodivergencia y escenarios l\u00fadicos<\/span><\/strong><\/p>\n<div id=\"gtx-trans\" style=\"position: absolute; left: -50px; top: 4.31534px;\">\n<div class=\"gtx-trans-icon\"><\/div>\n<\/div>\n<\/div><\/section><\/div><div class=\"flex_column av_one_full  flex_column_div av-zero-column-padding first  avia-builder-el-4  el_after_av_one_full  el_before_av_hr  column-top-margin\" style='border-radius:0px; '><section class=\"av_textblock_section \"  itemscope=\"itemscope\" itemtype=\"https:\/\/schema.org\/BlogPosting\" itemprop=\"blogPost\" ><div class='avia_textblock  '   itemprop=\"text\" ><p style=\"text-align: justify;\">Cada experiencia educativa en los jardines infantiles de Junji, comienza con un profundo estudio y reflexi\u00f3n conjunto por parte de sus equipos de trabajo; educadoras y t\u00e9cnicos en p\u00e1rvulos. Planificando cada actividad siempre poniendo en el centro el protagonismo, autonom\u00eda y bienestar superior de ni\u00f1os y ni\u00f1as.<\/p>\n<p style=\"text-align: justify;\">\u201cLos C\u00edrculos de Extensi\u00f3n forman parte de las comunidades de aprendizaje, las cuales son espacios de reflexi\u00f3n cr\u00edtica y colectiva, de manera intencionada y orientada a una mejora. Esta pr\u00e1ctica nos permite interactuar, compartir con otros jardines infantiles experiencias exitosas, para mejorar la reflexi\u00f3n pedag\u00f3gica, la construcci\u00f3n y los proyectos educativos sistem\u00e1ticos de aprendizajes, adem\u00e1s, de pr\u00e1cticas innovadoras\u201d una instancia participativa que muy bien define Andrea Flores, directora del Jard\u00edn Infantil \u201cKau-Kalem\u201d de Coyhaique. Describe una instancia participativa institucional, que ya es tradici\u00f3n y que tiene como norte el poder compartir conocimiento, innovaci\u00f3n de lo vivenciado en las experiencias pedag\u00f3gicas la culminaci\u00f3n de una trayectoria educativa anual.<\/p>\n<p style=\"text-align: justify;\">En esta oportunidad pudieron exponer tanto a la comunidad, jardines, funcionarios y funcionarias Junji, as\u00ed como redes locales la experiencia de dos niveles medios. Una tem\u00e1tica denominada \u201cEscenarios L\u00fadicos\u201d y otra enfocada en la expresi\u00f3n y comprensi\u00f3n de las emociones a trav\u00e9s de obras art\u00edsticas.<\/p>\n<p style=\"text-align: justify;\">Javiera Avenda\u00f1o, educadora del JI Kau-Kalem relat\u00f3 la pr\u00e1ctica educativa \u201cEscenarios L\u00fadicos\u201d la que tiene por objetivo dise\u00f1ar e implementar espacios educativos enriquecidos con material diferentes tipos de materiales; nobles, reciclados, dando la posibilidad a los ni\u00f1os y ni\u00f1as explorar, manipular, de acuerdo a sus intereses y preferencias. \u201cEste tipo de experiencias educativas, son enriquecedoras tanto para los ni\u00f1os, ni\u00f1as, las familias, el equipo, toda metodolog\u00eda de aprendizaje tiene un sustento te\u00f3rico. A parte de nuestros referentes curriculares y los est\u00e1ndares indicativos de desempe\u00f1o; que tambi\u00e9n sustentan nuestras pr\u00e1cticas, tomamos en cuenta autores como Piaget, que habla del constructivismo, a Vygotsky que habla de la interacci\u00f3n social que se produce, ah\u00ed se produce el aprendizaje de los ni\u00f1os, y ni\u00f1as en su interacci\u00f3n con sus pares, con su entorno, con los adultos que son parte del equipo educativo, manifest\u00f3 Javiera.<\/p>\n<p style=\"text-align: justify;\">Por su parte el nivel medio liderado por Daniela Gacit\u00faa, educadora de p\u00e1rvulos, quiso centrar sus pr\u00e1cticas pedag\u00f3gicas en la expresi\u00f3n de las emociones a trav\u00e9s del arte, dando espacio a la neurodivergencia llegando a conocer m\u00e1s profundamente a ni\u00f1os y ni\u00f1as. \u201cNosotros nos centramos en los intereses de los ni\u00f1os y ni\u00f1as. Por lo tanto, a trav\u00e9s de esto pudimos evaluar la documentaci\u00f3n pedag\u00f3gica, la documentaci\u00f3n pedag\u00f3gica, un proceso sistem\u00e1tico que se vincula con diferentes estrategias y con referentes curriculares como las Bases Curriculares, Marco para la Buena Ense\u00f1anza. Empezamos a visualizar que hab\u00eda ni\u00f1os y ni\u00f1as que ten\u00edan diferentes caracter\u00edsticas. Por ejemplo, ten\u00edamos un peque\u00f1o que le encantaban los insectos, mucho y finalmente le ten\u00eda miedo a las tijeretas, dijo Daniela.<\/p>\n<p style=\"text-align: justify;\">Jard\u00edn infantil Kau-Kalem es una comunidad educativa con una extensa experiencia de m\u00e1s de 26 a\u00f1os de funcionamiento, y est\u00e1 ubicado en el sector alto de la ciudad de Coyhaique. Posee un sello art\u00edstico que imprime en sus 5 niveles de atenci\u00f3n, tiene una capacidad de 124 p\u00e1rvulos de 0 a 4 a\u00f1os y cuenta con un equipo de 32 funcionarias y funcionarios. Adem\u00e1s cuenta con vacantes para este a\u00f1o 2025, si requiere informaci\u00f3n puede comunicarse con los canales formales de Junji al 67257307- 67257371 \u00f3 escribiendo a los correos: <a href=\"mailto:mjarar@junji.cl%20-\">mjarar@junji.cl &#8211;<\/a> snaguelquin@junji.cl<\/p>\n<\/div><\/section><\/div><div  style='height:50px' class='hr hr-invisible   avia-builder-el-6  el_after_av_one_full  el_before_av_social_share '><span class='hr-inner ' ><span class='hr-inner-style'><\/span><\/span><\/div><\/p>\n<div  class='av-social-sharing-box  avia-builder-el-7  el_after_av_hr  el_before_av_hr  '><div class='av-share-box'><h5 class='av-share-link-description av-no-toc '>Compartir esta noticia<\/h5><ul class='av-share-box-list noLightbox'><li class='av-share-link av-social-link-facebook' ><a target=\"_blank\" aria-label=\"Compartir en Facebook\" href='https:\/\/www.facebook.com\/sharer.php?u=https:\/\/radiorevelacionfm.cl\/?p=50097&#038;t=JI%20Kau-%20Kalem%20expone%20pr%C3%A1cticas%20educativas%20enfocadas%20en%20la%20expresi%C3%B3n%20de%20las%20emociones%20a%20trav%C3%A9s%20del%20arte%2C%20neurodivergencia%20y%20escenarios%20l%C3%BAdicos' aria-hidden='false' data-av_icon='\ue8f3' data-av_iconfont='entypo-fontello' title='' data-avia-related-tooltip='Compartir en Facebook' rel=\"noopener\"><span class='avia_hidden_link_text'>Compartir en Facebook<\/span><\/a><\/li><li class='av-share-link av-social-link-twitter' ><a target=\"_blank\" aria-label=\"Compartir en Twitter\" href='https:\/\/twitter.com\/share?text=JI%20Kau-%20Kalem%20expone%20pr%C3%A1cticas%20educativas%20enfocadas%20en%20la%20expresi%C3%B3n%20de%20las%20emociones%20a%20trav%C3%A9s%20del%20arte%2C%20neurodivergencia%20y%20escenarios%20l%C3%BAdicos&#038;url=https:\/\/radiorevelacionfm.cl\/?p=50097' aria-hidden='false' data-av_icon='\ue8f1' data-av_iconfont='entypo-fontello' title='' data-avia-related-tooltip='Compartir en Twitter' rel=\"noopener\"><span class='avia_hidden_link_text'>Compartir en Twitter<\/span><\/a><\/li><li class='av-share-link av-social-link-whatsapp' ><a target=\"_blank\" aria-label=\"Compartir en Whatsapp\" href='https:\/\/api.whatsapp.com\/send?text=https:\/\/radiorevelacionfm.cl\/?p=50097' aria-hidden='false' data-av_icon='\uf232' data-av_iconfont='entypo-fontello' title='' data-avia-related-tooltip='Compartir en Whatsapp' rel=\"noopener\"><span class='avia_hidden_link_text'>Compartir en Whatsapp<\/span><\/a><\/li><li class='av-share-link av-social-link-linkedin' ><a target=\"_blank\" aria-label=\"Compartir en LinkedIn\" href='https:\/\/linkedin.com\/shareArticle?mini=true&#038;title=JI%20Kau-%20Kalem%20expone%20pr%C3%A1cticas%20educativas%20enfocadas%20en%20la%20expresi%C3%B3n%20de%20las%20emociones%20a%20trav%C3%A9s%20del%20arte%2C%20neurodivergencia%20y%20escenarios%20l%C3%BAdicos&#038;url=https:\/\/radiorevelacionfm.cl\/?p=50097' aria-hidden='false' data-av_icon='\ue8fc' data-av_iconfont='entypo-fontello' title='' data-avia-related-tooltip='Compartir en LinkedIn' rel=\"noopener\"><span class='avia_hidden_link_text'>Compartir en LinkedIn<\/span><\/a><\/li><li class='av-share-link av-social-link-mail' ><a  aria-label=\"Compartir por correo\" href='mailto:?subject=JI%20Kau-%20Kalem%20expone%20pr%C3%A1cticas%20educativas%20enfocadas%20en%20la%20expresi%C3%B3n%20de%20las%20emociones%20a%20trav%C3%A9s%20del%20arte%2C%20neurodivergencia%20y%20escenarios%20l%C3%BAdicos&#038;body=https:\/\/radiorevelacionfm.cl\/?p=50097' aria-hidden='false' data-av_icon='\ue805' data-av_iconfont='entypo-fontello' title='' data-avia-related-tooltip='Compartir por correo'><span class='avia_hidden_link_text'>Compartir por correo<\/span><\/a><\/li><\/ul><\/div><\/div>\n<div  style='height:50px' class='hr hr-invisible   avia-builder-el-8  el_after_av_social_share  el_before_av_comments_list '><span class='hr-inner ' ><span class='hr-inner-style'><\/span><\/span><\/div>\n<div  class='av-buildercomment  av-blog-meta-html-info-disabled av-blog-meta-tag-disabled  '><\/div>\n","protected":false},"excerpt":{"rendered":"","protected":false},"author":1,"featured_media":50098,"comment_status":"open","ping_status":"open","sticky":false,"template":"","format":"standard","meta":{"footnotes":""},"categories":[49],"tags":[],"class_list":["post-50097","post","type-post","status-publish","format-standard","has-post-thumbnail","hentry","category-educacion"],"jetpack_featured_media_url":"https:\/\/radiorevelacionfm.cl\/wp-content\/uploads\/2025\/01\/img_20250120_164159_2-1_optimized.jpg","_links":{"self":[{"href":"https:\/\/radiorevelacionfm.cl\/index.php?rest_route=\/wp\/v2\/posts\/50097","targetHints":{"allow":["GET"]}}],"collection":[{"href":"https:\/\/radiorevelacionfm.cl\/index.php?rest_route=\/wp\/v2\/posts"}],"about":[{"href":"https:\/\/radiorevelacionfm.cl\/index.php?rest_route=\/wp\/v2\/types\/post"}],"author":[{"embeddable":true,"href":"https:\/\/radiorevelacionfm.cl\/index.php?rest_route=\/wp\/v2\/users\/1"}],"replies":[{"embeddable":true,"href":"https:\/\/radiorevelacionfm.cl\/index.php?rest_route=%2Fwp%2Fv2%2Fcomments&post=50097"}],"version-history":[{"count":1,"href":"https:\/\/radiorevelacionfm.cl\/index.php?rest_route=\/wp\/v2\/posts\/50097\/revisions"}],"predecessor-version":[{"id":50099,"href":"https:\/\/radiorevelacionfm.cl\/index.php?rest_route=\/wp\/v2\/posts\/50097\/revisions\/50099"}],"wp:featuredmedia":[{"embeddable":true,"href":"https:\/\/radiorevelacionfm.cl\/index.php?rest_route=\/wp\/v2\/media\/50098"}],"wp:attachment":[{"href":"https:\/\/radiorevelacionfm.cl\/index.php?rest_route=%2Fwp%2Fv2%2Fmedia&parent=50097"}],"wp:term":[{"taxonomy":"category","embeddable":true,"href":"https:\/\/radiorevelacionfm.cl\/index.php?rest_route=%2Fwp%2Fv2%2Fcategories&post=50097"},{"taxonomy":"post_tag","embeddable":true,"href":"https:\/\/radiorevelacionfm.cl\/index.php?rest_route=%2Fwp%2Fv2%2Ftags&post=50097"}],"curies":[{"name":"wp","href":"https:\/\/api.w.org\/{rel}","templated":true}]}}