{"id":50091,"date":"2025-01-28T13:34:13","date_gmt":"2025-01-28T16:34:13","guid":{"rendered":"https:\/\/radiorevelacionfm.cl\/?p=50091"},"modified":"2025-01-28T13:34:13","modified_gmt":"2025-01-28T16:34:13","slug":"adjudican-construccion-de-segunda-etapa-de-senderos-sector-ventisquero-colgante-y-tempanos-en-parque-nacional-queulat","status":"publish","type":"post","link":"https:\/\/radiorevelacionfm.cl\/?p=50091","title":{"rendered":"Adjudican construcci\u00f3n de segunda etapa de senderos sector ventisquero colgante y t\u00e9mpanos, en Parque Nacional Queulat"},"content":{"rendered":"<div class=\"flex_column av_one_full  flex_column_div av-zero-column-padding first  avia-builder-el-0  el_before_av_one_full  avia-builder-el-first  \" style='border-radius:0px; '><div  class='avia-image-container  av-styling-    avia-builder-el-1  avia-builder-el-no-sibling  avia-align-center '  itemprop=\"image\" itemscope=\"itemscope\" itemtype=\"https:\/\/schema.org\/ImageObject\"  ><div class='avia-image-container-inner'><div class='avia-image-overlay-wrap'><img decoding=\"async\" class='wp-image-50092 avia-img-lazy-loading-not-50092 avia_image' src=\"https:\/\/radiorevelacionfm.cl\/wp-content\/uploads\/2025\/01\/QUEULAT-1-1-1.jpg\" alt='' title='QUEULAT-1 (1) (1)' height=\"600\" width=\"800\"  itemprop=\"thumbnailUrl\" srcset=\"https:\/\/radiorevelacionfm.cl\/wp-content\/uploads\/2025\/01\/QUEULAT-1-1-1.jpg 800w, https:\/\/radiorevelacionfm.cl\/wp-content\/uploads\/2025\/01\/QUEULAT-1-1-1-300x225.jpg 300w, https:\/\/radiorevelacionfm.cl\/wp-content\/uploads\/2025\/01\/QUEULAT-1-1-1-768x576.jpg 768w, https:\/\/radiorevelacionfm.cl\/wp-content\/uploads\/2025\/01\/QUEULAT-1-1-1-705x529.jpg 705w, https:\/\/radiorevelacionfm.cl\/wp-content\/uploads\/2025\/01\/QUEULAT-1-1-1-450x338.jpg 450w, https:\/\/radiorevelacionfm.cl\/wp-content\/uploads\/2025\/01\/QUEULAT-1-1-1-600x450.jpg 600w\" sizes=\"(max-width: 800px) 100vw, 800px\" \/><\/div><\/div><\/div><\/div><div class=\"flex_column av_one_full  flex_column_div av-zero-column-padding first  avia-builder-el-2  el_after_av_one_full  el_before_av_one_full  column-top-margin\" style='border-radius:0px; '><section class=\"av_textblock_section \"  itemscope=\"itemscope\" itemtype=\"https:\/\/schema.org\/BlogPosting\" itemprop=\"blogPost\" ><div class='avia_textblock  '   itemprop=\"text\" ><p style=\"text-align: center;\"><strong><span style=\"font-size: 18pt;\">Adjudican construcci\u00f3n de segunda etapa de senderos sector ventisquero colgante y t\u00e9mpanos, en Parque Nacional Queulat<\/span><\/strong><\/p>\n<div id=\"gtx-trans\" style=\"position: absolute; left: -50px; top: 4.31534px;\">\n<div class=\"gtx-trans-icon\"><\/div>\n<\/div>\n<\/div><\/section><\/div><div class=\"flex_column av_one_full  flex_column_div av-zero-column-padding first  avia-builder-el-4  el_after_av_one_full  el_before_av_hr  column-top-margin\" style='border-radius:0px; '><section class=\"av_textblock_section \"  itemscope=\"itemscope\" itemtype=\"https:\/\/schema.org\/BlogPosting\" itemprop=\"blogPost\" ><div class='avia_textblock  '   itemprop=\"text\" ><p style=\"text-align: justify;\"><em>Obras consideran construir 5 miradores y un nuevo muelle, y son financiadas con recursos provenientes del Gobierno Regional de Ays\u00e9n.<\/em><\/p>\n<p style=\"text-align: justify;\">La Secretaria Regional Ministerial de Obras P\u00fablicas, Paloma Jara inform\u00f3 que fue adjudicada a la empresa constructora Santa Eduarda SPA la construcci\u00f3n de infraestructura de uso p\u00fablico en el Parque Nacional Queulat, sendero Ventisquero Colgante, segunda etapa, ubicado en la comuna de Cisnes.<\/p>\n<p style=\"text-align: justify;\">Al respecto, la Seremi del MOP destac\u00f3 el convenio entre la Direcci\u00f3n de Arquitectura perteneciente al MOP, el Gobierno Regional y la Corporaci\u00f3n Nacional Forestal (Conaf) que hace posible la ejecuci\u00f3n de estas obras y agreg\u00f3 \u201cdentro de los ejes estrat\u00e9gicos de nuestro ministerio que representan el gobierno del presidente Gabriel Boric est\u00e1 el trabajo que estamos haciendo para dar valor a los lugares que son \u00e1reas protegidas y que nos entregan aspectos cient\u00edficos, como en lo cultural. Este convenio nos ha permitido mejorar \u00e1reas protegidas tanto en el Queulat como en el Jeinimeni en donde hemos podido ver senderos que tienen accesibilidad universal, cambiando la forma en que podemos acceder a estos Parques Nacionales. Es importante tambi\u00e9n destacar, que esta es la segunda parte de las obras de pasarelas y mejoramiento que se van a realizar dentro del Parque Queulat -uno de los parques m\u00e1s visitados en nuestra regi\u00f3n- y que vienen a mejorar la oferta tur\u00edstica que podemos tener enmarcados en el hito de la Ruta esc\u00e9nica; esto significa que adem\u00e1s, aquellos que visitan nuestra regi\u00f3n buscando tener una experiencia dentro de la ruta 7, tambi\u00e9n pueden acceder a Parques que mejoran a\u00fan m\u00e1s la calidad de su visita\u201d.<\/p>\n<p style=\"text-align: justify;\">Por su parte, el Gobernador regional de Ays\u00e9n, Marcelo Santana se\u00f1al\u00f3: \u201cEstamos muy contentos porque va a comenzar la segunda etapa de una obra s\u00faper importante que tiene que ver no s\u00f3lo con la reactivaci\u00f3n econ\u00f3mica asociada a la generaci\u00f3n de empleo, sino tambi\u00e9n tiene que ver con la puesta en valor de nuestras \u00e1reas protegidas; particularmente esta obra contempla el mejoramiento de senderos, miradores y de un muelle en el Parque Nacional Queulat en la comuna de Cisnes. Ya se est\u00e1 interviniendo, esta es la segunda etapa, es una inversi\u00f3n del Gobierno Regional de casi 1700 millones de pesos y esperamos que prontamente ya se entregue terreno a la empresa que se acaba de adjudicar esta importante iniciativa\u201d.<\/p>\n<p style=\"text-align: justify;\">La unidad T\u00e9cnica y fiscalizadora de estas obras es la Direcci\u00f3n Regional de Arquitectura del Ministerio de Obras P\u00fablicas. Los trabajos consideran el mejoramiento y construcci\u00f3n de dos senderos, el ventisquero colgante que tiene una extensi\u00f3n de 3,3 km y el sendero T\u00e9mpanos que se extiende por 600 metros; adem\u00e1s, se contempla la construcci\u00f3n de cinco miradores y un muelle en la laguna T\u00e9mpanos, los que tendr\u00e1n el mismo tratamiento y materialidades de la infraestructura construida de la etapa anterior y en sector de La Junta, con lo cual se va homogeneizando y creando una imagen arquitect\u00f3nica en dichas \u00e1reas silvestres protegidas de nuestra regi\u00f3n.<\/p>\n<p style=\"text-align: justify;\">El\u00a0 Administrador del Parque Nacional Queulat de CONAF, Juan Reyes Campos se\u00f1al\u00f3 que el Parque Nacional Queulat es el \u00e1rea silvestre de la regi\u00f3n de Ays\u00e9n que es la m\u00e1s visitada. \u201cNosotros recibimos alrededor de 500 personas diarias. Entonces, tenemos una presi\u00f3n de turistas muy importante, por eso este proyecto nos ayuda a mejorar esta infraestructura para la visitaci\u00f3n. Estos senderos son de alta presi\u00f3n, son senderos que presentan mucha erosi\u00f3n con suelos fr\u00e1giles y que han tenido mucho uso, as\u00ed que necesitan una mantenci\u00f3n. Recordemos que en ambos senderos son sobre 300 las personas que realizan cada uno de los senderos o los visitantes hacen los dos senderos, por lo tanto los tramos son de ida y vuelta, as\u00ed que es una doble carga. Lo importante es que el proyecto tiene alta durabilidad, entonces toda la carga que tengan la va a soportar s\u00faper bien, va a ser muy bueno el proyecto, as\u00ed que esperamos que con este tipo de infraestructura se aumente el nivel de experiencia de los visitantes, se mejora indudablemente su experiencia\u201d.<\/p>\n<\/div><\/section><\/div><div  style='height:50px' class='hr hr-invisible   avia-builder-el-6  el_after_av_one_full  el_before_av_social_share '><span class='hr-inner ' ><span class='hr-inner-style'><\/span><\/span><\/div><\/p>\n<div  class='av-social-sharing-box  avia-builder-el-7  el_after_av_hr  el_before_av_hr  '><div class='av-share-box'><h5 class='av-share-link-description av-no-toc '>Compartir esta noticia<\/h5><ul class='av-share-box-list noLightbox'><li class='av-share-link av-social-link-facebook' ><a target=\"_blank\" aria-label=\"Compartir en Facebook\" href='https:\/\/www.facebook.com\/sharer.php?u=https:\/\/radiorevelacionfm.cl\/?p=50091&#038;t=Adjudican%20construcci%C3%B3n%20de%20segunda%20etapa%20de%20senderos%20sector%20ventisquero%20colgante%20y%20t%C3%A9mpanos%2C%20en%20Parque%20Nacional%20Queulat' aria-hidden='false' data-av_icon='\ue8f3' data-av_iconfont='entypo-fontello' title='' data-avia-related-tooltip='Compartir en Facebook' rel=\"noopener\"><span class='avia_hidden_link_text'>Compartir en Facebook<\/span><\/a><\/li><li class='av-share-link av-social-link-twitter' ><a target=\"_blank\" aria-label=\"Compartir en Twitter\" href='https:\/\/twitter.com\/share?text=Adjudican%20construcci%C3%B3n%20de%20segunda%20etapa%20de%20senderos%20sector%20ventisquero%20colgante%20y%20t%C3%A9mpanos%2C%20en%20Parque%20Nacional%20Queulat&#038;url=https:\/\/radiorevelacionfm.cl\/?p=50091' aria-hidden='false' data-av_icon='\ue8f1' data-av_iconfont='entypo-fontello' title='' data-avia-related-tooltip='Compartir en Twitter' rel=\"noopener\"><span class='avia_hidden_link_text'>Compartir en Twitter<\/span><\/a><\/li><li class='av-share-link av-social-link-whatsapp' ><a target=\"_blank\" aria-label=\"Compartir en Whatsapp\" href='https:\/\/api.whatsapp.com\/send?text=https:\/\/radiorevelacionfm.cl\/?p=50091' aria-hidden='false' data-av_icon='\uf232' data-av_iconfont='entypo-fontello' title='' data-avia-related-tooltip='Compartir en Whatsapp' rel=\"noopener\"><span class='avia_hidden_link_text'>Compartir en Whatsapp<\/span><\/a><\/li><li class='av-share-link av-social-link-linkedin' ><a target=\"_blank\" aria-label=\"Compartir en LinkedIn\" href='https:\/\/linkedin.com\/shareArticle?mini=true&#038;title=Adjudican%20construcci%C3%B3n%20de%20segunda%20etapa%20de%20senderos%20sector%20ventisquero%20colgante%20y%20t%C3%A9mpanos%2C%20en%20Parque%20Nacional%20Queulat&#038;url=https:\/\/radiorevelacionfm.cl\/?p=50091' aria-hidden='false' data-av_icon='\ue8fc' data-av_iconfont='entypo-fontello' title='' data-avia-related-tooltip='Compartir en LinkedIn' rel=\"noopener\"><span class='avia_hidden_link_text'>Compartir en LinkedIn<\/span><\/a><\/li><li class='av-share-link av-social-link-mail' ><a  aria-label=\"Compartir por correo\" href='mailto:?subject=Adjudican%20construcci%C3%B3n%20de%20segunda%20etapa%20de%20senderos%20sector%20ventisquero%20colgante%20y%20t%C3%A9mpanos%2C%20en%20Parque%20Nacional%20Queulat&#038;body=https:\/\/radiorevelacionfm.cl\/?p=50091' aria-hidden='false' data-av_icon='\ue805' data-av_iconfont='entypo-fontello' title='' data-avia-related-tooltip='Compartir por correo'><span class='avia_hidden_link_text'>Compartir por correo<\/span><\/a><\/li><\/ul><\/div><\/div>\n<div  style='height:50px' class='hr hr-invisible   avia-builder-el-8  el_after_av_social_share  el_before_av_comments_list '><span class='hr-inner ' ><span class='hr-inner-style'><\/span><\/span><\/div>\n<div  class='av-buildercomment  av-blog-meta-html-info-disabled av-blog-meta-tag-disabled  '><\/div>\n","protected":false},"excerpt":{"rendered":"","protected":false},"author":1,"featured_media":50092,"comment_status":"open","ping_status":"open","sticky":false,"template":"","format":"standard","meta":{"footnotes":""},"categories":[38],"tags":[],"class_list":["post-50091","post","type-post","status-publish","format-standard","has-post-thumbnail","hentry","category-regional"],"jetpack_featured_media_url":"https:\/\/radiorevelacionfm.cl\/wp-content\/uploads\/2025\/01\/QUEULAT-1-1-1.jpg","_links":{"self":[{"href":"https:\/\/radiorevelacionfm.cl\/index.php?rest_route=\/wp\/v2\/posts\/50091","targetHints":{"allow":["GET"]}}],"collection":[{"href":"https:\/\/radiorevelacionfm.cl\/index.php?rest_route=\/wp\/v2\/posts"}],"about":[{"href":"https:\/\/radiorevelacionfm.cl\/index.php?rest_route=\/wp\/v2\/types\/post"}],"author":[{"embeddable":true,"href":"https:\/\/radiorevelacionfm.cl\/index.php?rest_route=\/wp\/v2\/users\/1"}],"replies":[{"embeddable":true,"href":"https:\/\/radiorevelacionfm.cl\/index.php?rest_route=%2Fwp%2Fv2%2Fcomments&post=50091"}],"version-history":[{"count":1,"href":"https:\/\/radiorevelacionfm.cl\/index.php?rest_route=\/wp\/v2\/posts\/50091\/revisions"}],"predecessor-version":[{"id":50093,"href":"https:\/\/radiorevelacionfm.cl\/index.php?rest_route=\/wp\/v2\/posts\/50091\/revisions\/50093"}],"wp:featuredmedia":[{"embeddable":true,"href":"https:\/\/radiorevelacionfm.cl\/index.php?rest_route=\/wp\/v2\/media\/50092"}],"wp:attachment":[{"href":"https:\/\/radiorevelacionfm.cl\/index.php?rest_route=%2Fwp%2Fv2%2Fmedia&parent=50091"}],"wp:term":[{"taxonomy":"category","embeddable":true,"href":"https:\/\/radiorevelacionfm.cl\/index.php?rest_route=%2Fwp%2Fv2%2Fcategories&post=50091"},{"taxonomy":"post_tag","embeddable":true,"href":"https:\/\/radiorevelacionfm.cl\/index.php?rest_route=%2Fwp%2Fv2%2Ftags&post=50091"}],"curies":[{"name":"wp","href":"https:\/\/api.w.org\/{rel}","templated":true}]}}