{"id":50089,"date":"2025-01-28T11:51:25","date_gmt":"2025-01-28T14:51:25","guid":{"rendered":"https:\/\/radiorevelacionfm.cl\/?p=50089"},"modified":"2025-01-28T11:51:25","modified_gmt":"2025-01-28T14:51:25","slug":"puerto-aysen-fiscalia-formaliza-a-imputado-por-secuestro-con-violacion-de-su-ex-pareja","status":"publish","type":"post","link":"https:\/\/radiorevelacionfm.cl\/?p=50089","title":{"rendered":"Puerto Ays\u00e9n: Fiscal\u00eda formaliza a imputado por secuestro con violaci\u00f3n de su ex pareja"},"content":{"rendered":"<div class=\"flex_column av_one_full  flex_column_div av-zero-column-padding first  avia-builder-el-0  el_before_av_one_full  avia-builder-el-first  \" style='border-radius:0px; '><div  class='avia-image-container  av-styling-    avia-builder-el-1  avia-builder-el-no-sibling  avia-align-center '  itemprop=\"image\" itemscope=\"itemscope\" itemtype=\"https:\/\/schema.org\/ImageObject\"  ><div class='avia-image-container-inner'><div class='avia-image-overlay-wrap'><img decoding=\"async\" class='wp-image-31966 avia-img-lazy-loading-not-31966 avia_image' src=\"https:\/\/radiorevelacionfm.cl\/wp-content\/uploads\/2023\/06\/fiscalia_aysen1-2-1_optimized.jpg\" alt='' title='fiscalia_aysen1-(2)-(1)_optimized' height=\"600\" width=\"900\"  itemprop=\"thumbnailUrl\" srcset=\"https:\/\/radiorevelacionfm.cl\/wp-content\/uploads\/2023\/06\/fiscalia_aysen1-2-1_optimized.jpg 900w, https:\/\/radiorevelacionfm.cl\/wp-content\/uploads\/2023\/06\/fiscalia_aysen1-2-1_optimized-300x200.jpg 300w, https:\/\/radiorevelacionfm.cl\/wp-content\/uploads\/2023\/06\/fiscalia_aysen1-2-1_optimized-768x512.jpg 768w, https:\/\/radiorevelacionfm.cl\/wp-content\/uploads\/2023\/06\/fiscalia_aysen1-2-1_optimized-705x470.jpg 705w, https:\/\/radiorevelacionfm.cl\/wp-content\/uploads\/2023\/06\/fiscalia_aysen1-2-1_optimized-450x300.jpg 450w, https:\/\/radiorevelacionfm.cl\/wp-content\/uploads\/2023\/06\/fiscalia_aysen1-2-1_optimized-600x400.jpg 600w\" sizes=\"(max-width: 900px) 100vw, 900px\" \/><\/div><\/div><\/div><\/div><div class=\"flex_column av_one_full  flex_column_div av-zero-column-padding first  avia-builder-el-2  el_after_av_one_full  el_before_av_one_full  column-top-margin\" style='border-radius:0px; '><section class=\"av_textblock_section \"  itemscope=\"itemscope\" itemtype=\"https:\/\/schema.org\/BlogPosting\" itemprop=\"blogPost\" ><div class='avia_textblock  '   itemprop=\"text\" ><p style=\"text-align: center;\"><span style=\"font-size: 18pt;\"><b>Puerto Ays\u00e9n: Fiscal\u00eda formaliza a imputado por secuestro con violaci\u00f3n de su ex pareja<\/b><\/span><\/p>\n<div id=\"gtx-trans\" style=\"position: absolute; left: -50px; top: 4.31534px;\">\n<div class=\"gtx-trans-icon\"><\/div>\n<\/div>\n<\/div><\/section><\/div><div class=\"flex_column av_one_full  flex_column_div av-zero-column-padding first  avia-builder-el-4  el_after_av_one_full  el_before_av_hr  column-top-margin\" style='border-radius:0px; '><section class=\"av_textblock_section \"  itemscope=\"itemscope\" itemtype=\"https:\/\/schema.org\/BlogPosting\" itemprop=\"blogPost\" ><div class='avia_textblock  '   itemprop=\"text\" ><p style=\"font-weight: 400; text-align: justify;\">La Fiscal\u00eda Local de Ays\u00e9n formaliz\u00f3 una investigaci\u00f3n por el delito de secuestro con violaci\u00f3n en contra de un hombre de 37 a\u00f1os, quien agredi\u00f3 a su ex conviviente y madre de su hijo.<\/p>\n<p style=\"font-weight: 400; text-align: justify;\">Seg\u00fan explic\u00f3 la abogada asistente, Yessica Vidal, este lunes \u201cfue formalizado un hombre de 37 a\u00f1os por el delito de secuestro calificado (con violaci\u00f3n), hecho denunciado por su ex conviviente y madre de su hijo, quien se\u00f1ala que el d\u00eda 22 enero del 2025 el imputado concurri\u00f3 a su domicilio, procediendo a insultarla debido a los celos que manten\u00eda el imputado, encerr\u00e1ndola en una habitaci\u00f3n y pidi\u00e9ndole que saliera del domicilio, agredi\u00e9ndola adem\u00e1s con golpes en el cuerpo para posteriormente, en horario de la noche, la forz\u00f3 a mantener relaciones sexuales\u201d.<\/p>\n<p style=\"font-weight: 400; text-align: justify;\">La abogada Yessica Vidal a\u00f1adi\u00f3 que \u201cla v\u00edctima, el d\u00eda 23 de enero en horario de la tarde, logr\u00f3 salir del domicilio y solicitar ayuda a Carabineros\u201d.<\/p>\n<p style=\"font-weight: 400; text-align: justify;\">La audiencia de control de la detenci\u00f3n del imputado se efectu\u00f3 el viernes y este lunes fue formalizado ante el Juzgado de Garant\u00eda de Ays\u00e9n, el cual decret\u00f3 la prisi\u00f3n preventiva del imputado por considerar su libertad un peligro para la sociedad.<\/p>\n<p style=\"font-weight: 400; text-align: justify;\">El detenido fue formalizado por el delito de secuestro calificado, fijando el tribunal un plazo de 90 d\u00edas para el t\u00e9rmino de la investigaci\u00f3n. Posteriormente, fue traslado por personal de Gendarmer\u00eda a la c\u00e1rcel de Puerto Ays\u00e9n.<\/p>\n<\/div><\/section><\/div><div  style='height:50px' class='hr hr-invisible   avia-builder-el-6  el_after_av_one_full  el_before_av_social_share '><span class='hr-inner ' ><span class='hr-inner-style'><\/span><\/span><\/div><\/p>\n<div  class='av-social-sharing-box  avia-builder-el-7  el_after_av_hr  el_before_av_hr  '><div class='av-share-box'><h5 class='av-share-link-description av-no-toc '>Compartir esta noticia<\/h5><ul class='av-share-box-list noLightbox'><li class='av-share-link av-social-link-facebook' ><a target=\"_blank\" aria-label=\"Compartir en Facebook\" href='https:\/\/www.facebook.com\/sharer.php?u=https:\/\/radiorevelacionfm.cl\/?p=50089&#038;t=Puerto%20Ays%C3%A9n%3A%20Fiscal%C3%ADa%20formaliza%20a%20imputado%20por%20secuestro%20con%20violaci%C3%B3n%20de%20su%20ex%20pareja' aria-hidden='false' data-av_icon='\ue8f3' data-av_iconfont='entypo-fontello' title='' data-avia-related-tooltip='Compartir en Facebook' rel=\"noopener\"><span class='avia_hidden_link_text'>Compartir en Facebook<\/span><\/a><\/li><li class='av-share-link av-social-link-twitter' ><a target=\"_blank\" aria-label=\"Compartir en Twitter\" href='https:\/\/twitter.com\/share?text=Puerto%20Ays%C3%A9n%3A%20Fiscal%C3%ADa%20formaliza%20a%20imputado%20por%20secuestro%20con%20violaci%C3%B3n%20de%20su%20ex%20pareja&#038;url=https:\/\/radiorevelacionfm.cl\/?p=50089' aria-hidden='false' data-av_icon='\ue8f1' data-av_iconfont='entypo-fontello' title='' data-avia-related-tooltip='Compartir en Twitter' rel=\"noopener\"><span class='avia_hidden_link_text'>Compartir en Twitter<\/span><\/a><\/li><li class='av-share-link av-social-link-whatsapp' ><a target=\"_blank\" aria-label=\"Compartir en Whatsapp\" href='https:\/\/api.whatsapp.com\/send?text=https:\/\/radiorevelacionfm.cl\/?p=50089' aria-hidden='false' data-av_icon='\uf232' data-av_iconfont='entypo-fontello' title='' data-avia-related-tooltip='Compartir en Whatsapp' rel=\"noopener\"><span class='avia_hidden_link_text'>Compartir en Whatsapp<\/span><\/a><\/li><li class='av-share-link av-social-link-linkedin' ><a target=\"_blank\" aria-label=\"Compartir en LinkedIn\" href='https:\/\/linkedin.com\/shareArticle?mini=true&#038;title=Puerto%20Ays%C3%A9n%3A%20Fiscal%C3%ADa%20formaliza%20a%20imputado%20por%20secuestro%20con%20violaci%C3%B3n%20de%20su%20ex%20pareja&#038;url=https:\/\/radiorevelacionfm.cl\/?p=50089' aria-hidden='false' data-av_icon='\ue8fc' data-av_iconfont='entypo-fontello' title='' data-avia-related-tooltip='Compartir en LinkedIn' rel=\"noopener\"><span class='avia_hidden_link_text'>Compartir en LinkedIn<\/span><\/a><\/li><li class='av-share-link av-social-link-mail' ><a  aria-label=\"Compartir por correo\" href='mailto:?subject=Puerto%20Ays%C3%A9n%3A%20Fiscal%C3%ADa%20formaliza%20a%20imputado%20por%20secuestro%20con%20violaci%C3%B3n%20de%20su%20ex%20pareja&#038;body=https:\/\/radiorevelacionfm.cl\/?p=50089' aria-hidden='false' data-av_icon='\ue805' data-av_iconfont='entypo-fontello' title='' data-avia-related-tooltip='Compartir por correo'><span class='avia_hidden_link_text'>Compartir por correo<\/span><\/a><\/li><\/ul><\/div><\/div>\n<div  style='height:50px' class='hr hr-invisible   avia-builder-el-8  el_after_av_social_share  el_before_av_comments_list '><span class='hr-inner ' ><span class='hr-inner-style'><\/span><\/span><\/div>\n<div  class='av-buildercomment  av-blog-meta-html-info-disabled av-blog-meta-tag-disabled  '><\/div>\n","protected":false},"excerpt":{"rendered":"","protected":false},"author":1,"featured_media":31966,"comment_status":"open","ping_status":"open","sticky":false,"template":"","format":"standard","meta":{"footnotes":""},"categories":[55],"tags":[],"class_list":["post-50089","post","type-post","status-publish","format-standard","has-post-thumbnail","hentry","category-justicia"],"jetpack_featured_media_url":"https:\/\/radiorevelacionfm.cl\/wp-content\/uploads\/2023\/06\/fiscalia_aysen1-2-1_optimized.jpg","_links":{"self":[{"href":"https:\/\/radiorevelacionfm.cl\/index.php?rest_route=\/wp\/v2\/posts\/50089","targetHints":{"allow":["GET"]}}],"collection":[{"href":"https:\/\/radiorevelacionfm.cl\/index.php?rest_route=\/wp\/v2\/posts"}],"about":[{"href":"https:\/\/radiorevelacionfm.cl\/index.php?rest_route=\/wp\/v2\/types\/post"}],"author":[{"embeddable":true,"href":"https:\/\/radiorevelacionfm.cl\/index.php?rest_route=\/wp\/v2\/users\/1"}],"replies":[{"embeddable":true,"href":"https:\/\/radiorevelacionfm.cl\/index.php?rest_route=%2Fwp%2Fv2%2Fcomments&post=50089"}],"version-history":[{"count":1,"href":"https:\/\/radiorevelacionfm.cl\/index.php?rest_route=\/wp\/v2\/posts\/50089\/revisions"}],"predecessor-version":[{"id":50090,"href":"https:\/\/radiorevelacionfm.cl\/index.php?rest_route=\/wp\/v2\/posts\/50089\/revisions\/50090"}],"wp:featuredmedia":[{"embeddable":true,"href":"https:\/\/radiorevelacionfm.cl\/index.php?rest_route=\/wp\/v2\/media\/31966"}],"wp:attachment":[{"href":"https:\/\/radiorevelacionfm.cl\/index.php?rest_route=%2Fwp%2Fv2%2Fmedia&parent=50089"}],"wp:term":[{"taxonomy":"category","embeddable":true,"href":"https:\/\/radiorevelacionfm.cl\/index.php?rest_route=%2Fwp%2Fv2%2Fcategories&post=50089"},{"taxonomy":"post_tag","embeddable":true,"href":"https:\/\/radiorevelacionfm.cl\/index.php?rest_route=%2Fwp%2Fv2%2Ftags&post=50089"}],"curies":[{"name":"wp","href":"https:\/\/api.w.org\/{rel}","templated":true}]}}