{"id":50086,"date":"2025-01-28T11:17:50","date_gmt":"2025-01-28T14:17:50","guid":{"rendered":"https:\/\/radiorevelacionfm.cl\/?p=50086"},"modified":"2025-01-28T11:17:50","modified_gmt":"2025-01-28T14:17:50","slug":"puesta-en-marcha-funcionarios-de-cosam-aysen-se-preparan-para-traslado-a-nuevas-dependencias","status":"publish","type":"post","link":"https:\/\/radiorevelacionfm.cl\/?p=50086","title":{"rendered":"Puesta en Marcha: Funcionarios de COSAM Ays\u00e9n se preparan para traslado a nuevas dependencias"},"content":{"rendered":"<div class=\"flex_column av_one_full  flex_column_div av-zero-column-padding first  avia-builder-el-0  el_before_av_one_full  avia-builder-el-first  \" style='border-radius:0px; '><div  class='avia-image-container  av-styling-    avia-builder-el-1  avia-builder-el-no-sibling  avia-align-center '  itemprop=\"image\" itemscope=\"itemscope\" itemtype=\"https:\/\/schema.org\/ImageObject\"  ><div class='avia-image-container-inner'><div class='avia-image-overlay-wrap'><img decoding=\"async\" class='wp-image-50087 avia-img-lazy-loading-not-50087 avia_image' src=\"https:\/\/radiorevelacionfm.cl\/wp-content\/uploads\/2025\/01\/COSAM-AYSEN-1-1-1.jpeg\" alt='' title='COSAM AYS\u00c9N (1) (1) (1)' height=\"600\" width=\"900\"  itemprop=\"thumbnailUrl\" srcset=\"https:\/\/radiorevelacionfm.cl\/wp-content\/uploads\/2025\/01\/COSAM-AYSEN-1-1-1.jpeg 900w, https:\/\/radiorevelacionfm.cl\/wp-content\/uploads\/2025\/01\/COSAM-AYSEN-1-1-1-300x200.jpeg 300w, https:\/\/radiorevelacionfm.cl\/wp-content\/uploads\/2025\/01\/COSAM-AYSEN-1-1-1-768x512.jpeg 768w, https:\/\/radiorevelacionfm.cl\/wp-content\/uploads\/2025\/01\/COSAM-AYSEN-1-1-1-705x470.jpeg 705w, https:\/\/radiorevelacionfm.cl\/wp-content\/uploads\/2025\/01\/COSAM-AYSEN-1-1-1-450x300.jpeg 450w, https:\/\/radiorevelacionfm.cl\/wp-content\/uploads\/2025\/01\/COSAM-AYSEN-1-1-1-600x400.jpeg 600w\" sizes=\"(max-width: 900px) 100vw, 900px\" \/><\/div><\/div><\/div><\/div><div class=\"flex_column av_one_full  flex_column_div av-zero-column-padding first  avia-builder-el-2  el_after_av_one_full  el_before_av_one_full  column-top-margin\" style='border-radius:0px; '><section class=\"av_textblock_section \"  itemscope=\"itemscope\" itemtype=\"https:\/\/schema.org\/BlogPosting\" itemprop=\"blogPost\" ><div class='avia_textblock  '   itemprop=\"text\" ><p style=\"text-align: center;\"><span style=\"font-size: 18pt;\"><b>Puesta en Marcha: Funcionarios de COSAM Ays\u00e9n se preparan para traslado a nuevas dependencias<\/b><\/span><\/p>\n<div id=\"gtx-trans\" style=\"position: absolute; left: -50px; top: 4.31534px;\">\n<div class=\"gtx-trans-icon\"><\/div>\n<\/div>\n<\/div><\/section><\/div><div class=\"flex_column av_one_full  flex_column_div av-zero-column-padding first  avia-builder-el-4  el_after_av_one_full  el_before_av_hr  column-top-margin\" style='border-radius:0px; '><section class=\"av_textblock_section \"  itemscope=\"itemscope\" itemtype=\"https:\/\/schema.org\/BlogPosting\" itemprop=\"blogPost\" ><div class='avia_textblock  '   itemprop=\"text\" ><p style=\"font-weight: 400; text-align: justify;\">Con el fin de dar a conocer los pormenores de lo que ser\u00e1 el pr\u00f3ximo traslado a las nuevas dependencias del COSAM adulto de la provincia, un equipo del Servicio de Salud Ays\u00e9n (SSA) mantuvo una jornada de trabajo con los funcionarios y funcionarias que se reubicar\u00e1n en este establecimiento.<\/p>\n<p style=\"font-weight: 400; text-align: justify;\">\u201cEstamos partiendo con algunas actividades relacionadas a la gesti\u00f3n del cambio. Hay que generar nuevos espacios e informaci\u00f3n, tanto para la comunidad como para los equipos, que est\u00e1n muy motivados para este trabajo. Tuvimos dos jornadas bien importantes, donde estuvimos mirando cuales son las necesidades de cambio y c\u00f3mo queremos llegar y concretarlos. El equipo se mostr\u00f3 muy dispuesto para una puesta en marcha y la gesti\u00f3n del cambio, que es un proceso continuo\u201d, explic\u00f3 Andrea Fuentes Villalobos, Jefa del Subdepartamento de Salud Mental del SSA.<\/p>\n<p style=\"font-weight: 400; text-align: justify;\">Las nuevas dependencias contar\u00e1n con m\u00e1s de 200 metros cuadrados, 142 existentes y otros 66 nuevos, en una ubicaci\u00f3n c\u00e9ntrica y cercana a los dem\u00e1s dispositivos que son parte de la atenci\u00f3n en salud mental en la Provincia de Ays\u00e9n.<\/p>\n<p style=\"font-weight: 400; text-align: justify;\">\u201cQuiero decirles con gran orgullo que pr\u00f3ximamente vamos a inaugurar un nuevo espacio en el cual se va a intervenir al p\u00fablico adulto, con el equipo que ya cuenta el COSAM y profesionales psiquiatras, m\u00e9dicos intentando acercar m\u00e1s la salud mental a la comunidad, tratando de llevar este enfoque comunitario a sus casas y que puedan ser parte de este proceso, por eso tambi\u00e9n invitamos a la comunidad a hacer un diagn\u00f3stico participativo\u201d, dijo Karen Cari, directora t\u00e9cnica (S) del COSAM de Puerto Ays\u00e9n.<\/p>\n<p style=\"font-weight: 400; text-align: justify;\">La gesti\u00f3n del cambio busca facilitar los procesos de transformaci\u00f3n e implica trabajar en la aceptaci\u00f3n y asimilaci\u00f3n de ellos en las instituciones.<\/p>\n<p style=\"font-weight: 400; text-align: justify;\">La salud mental es eje estructural del programa de Gobierno del Presidente Gabriel Boric y esto cobra a\u00fan m\u00e1s relevancia en una zona como la regi\u00f3n de Ays\u00e9n, donde seg\u00fan datos de 2016, la tasa de suicidios fue casi el doble que el resto del pa\u00eds, con 17,7 cada cien mil habitantes.<\/p>\n<p style=\"font-weight: 400; text-align: justify;\">A estos se suma la tasa de denuncias por Violencia Intrafamiliar que tambi\u00e9n se ubica entre las m\u00e1s altas del pa\u00eds y con alta prevalencia de consumo de tabaco y alcohol.<\/p>\n<p style=\"font-weight: 400; text-align: justify;\">El nuevo COSAM de Ays\u00e9n pretende dotar a la poblaci\u00f3n de la zona norte de la regi\u00f3n de un Centro de Salud Mental Comunitario que permita acceder oportunamente a los cuidados de salud mental con un enfoque comunitario.<\/p>\n<p style=\"font-weight: 400; text-align: justify;\">Lo que se busca es organizar y facilitar el acceso, derivaci\u00f3n y seguimiento de aquellas acciones que no son resueltas actualmente dentro de la red asistencial y con una infraestructura adecuada acorde a los actuales est\u00e1ndares normativos, con el objetivo de mejorar la atenci\u00f3n en salud mental de la poblaci\u00f3n aysenina.<\/p>\n<p style=\"font-weight: 400; text-align: justify;\">\u201cMe va a convenir mucho, porque vivo cerca, as\u00ed que me quedar\u00e1 m\u00e1s cerca, no tendr\u00e9 que caminar tanto y ser\u00e1 una gran ayuda para mucha gente, y seguramente habr\u00e1 m\u00e1s comodidad, as\u00ed que todo mejor\u201d, expres\u00f3 Cristian Ru\u00edz, una de las personas que se atiende en el COSAM.<\/p>\n<p style=\"font-weight: 400; text-align: justify;\">La infraestructura contar\u00e1 con seis boxes de atenci\u00f3n y sala de seguimiento de entrevistas, entre otros espacios.<\/p>\n<p style=\"font-weight: 400; text-align: justify;\">Las obras se iniciaron en julio pasado y el monto supera los 350 millones de pesos, proyect\u00e1ndose la inauguraci\u00f3n para las pr\u00f3ximas semanas.<\/p>\n<\/div><\/section><\/div><div  style='height:50px' class='hr hr-invisible   avia-builder-el-6  el_after_av_one_full  el_before_av_social_share '><span class='hr-inner ' ><span class='hr-inner-style'><\/span><\/span><\/div><\/p>\n<div  class='av-social-sharing-box  avia-builder-el-7  el_after_av_hr  el_before_av_hr  '><div class='av-share-box'><h5 class='av-share-link-description av-no-toc '>Compartir esta noticia<\/h5><ul class='av-share-box-list noLightbox'><li class='av-share-link av-social-link-facebook' ><a target=\"_blank\" aria-label=\"Compartir en Facebook\" href='https:\/\/www.facebook.com\/sharer.php?u=https:\/\/radiorevelacionfm.cl\/?p=50086&#038;t=Puesta%20en%20Marcha%3A%20Funcionarios%20de%20COSAM%20Ays%C3%A9n%20se%20preparan%20para%20traslado%20a%20nuevas%20dependencias' aria-hidden='false' data-av_icon='\ue8f3' data-av_iconfont='entypo-fontello' title='' data-avia-related-tooltip='Compartir en Facebook' rel=\"noopener\"><span class='avia_hidden_link_text'>Compartir en Facebook<\/span><\/a><\/li><li class='av-share-link av-social-link-twitter' ><a target=\"_blank\" aria-label=\"Compartir en Twitter\" href='https:\/\/twitter.com\/share?text=Puesta%20en%20Marcha%3A%20Funcionarios%20de%20COSAM%20Ays%C3%A9n%20se%20preparan%20para%20traslado%20a%20nuevas%20dependencias&#038;url=https:\/\/radiorevelacionfm.cl\/?p=50086' aria-hidden='false' data-av_icon='\ue8f1' data-av_iconfont='entypo-fontello' title='' data-avia-related-tooltip='Compartir en Twitter' rel=\"noopener\"><span class='avia_hidden_link_text'>Compartir en Twitter<\/span><\/a><\/li><li class='av-share-link av-social-link-whatsapp' ><a target=\"_blank\" aria-label=\"Compartir en Whatsapp\" href='https:\/\/api.whatsapp.com\/send?text=https:\/\/radiorevelacionfm.cl\/?p=50086' aria-hidden='false' data-av_icon='\uf232' data-av_iconfont='entypo-fontello' title='' data-avia-related-tooltip='Compartir en Whatsapp' rel=\"noopener\"><span class='avia_hidden_link_text'>Compartir en Whatsapp<\/span><\/a><\/li><li class='av-share-link av-social-link-linkedin' ><a target=\"_blank\" aria-label=\"Compartir en LinkedIn\" href='https:\/\/linkedin.com\/shareArticle?mini=true&#038;title=Puesta%20en%20Marcha%3A%20Funcionarios%20de%20COSAM%20Ays%C3%A9n%20se%20preparan%20para%20traslado%20a%20nuevas%20dependencias&#038;url=https:\/\/radiorevelacionfm.cl\/?p=50086' aria-hidden='false' data-av_icon='\ue8fc' data-av_iconfont='entypo-fontello' title='' data-avia-related-tooltip='Compartir en LinkedIn' rel=\"noopener\"><span class='avia_hidden_link_text'>Compartir en LinkedIn<\/span><\/a><\/li><li class='av-share-link av-social-link-mail' ><a  aria-label=\"Compartir por correo\" href='mailto:?subject=Puesta%20en%20Marcha%3A%20Funcionarios%20de%20COSAM%20Ays%C3%A9n%20se%20preparan%20para%20traslado%20a%20nuevas%20dependencias&#038;body=https:\/\/radiorevelacionfm.cl\/?p=50086' aria-hidden='false' data-av_icon='\ue805' data-av_iconfont='entypo-fontello' title='' data-avia-related-tooltip='Compartir por correo'><span class='avia_hidden_link_text'>Compartir por correo<\/span><\/a><\/li><\/ul><\/div><\/div>\n<div  style='height:50px' class='hr hr-invisible   avia-builder-el-8  el_after_av_social_share  el_before_av_comments_list '><span class='hr-inner ' ><span class='hr-inner-style'><\/span><\/span><\/div>\n<div  class='av-buildercomment  av-blog-meta-html-info-disabled av-blog-meta-tag-disabled  '><\/div>\n","protected":false},"excerpt":{"rendered":"","protected":false},"author":1,"featured_media":50087,"comment_status":"open","ping_status":"open","sticky":false,"template":"","format":"standard","meta":{"footnotes":""},"categories":[46],"tags":[],"class_list":["post-50086","post","type-post","status-publish","format-standard","has-post-thumbnail","hentry","category-salud"],"jetpack_featured_media_url":"https:\/\/radiorevelacionfm.cl\/wp-content\/uploads\/2025\/01\/COSAM-AYSEN-1-1-1.jpeg","_links":{"self":[{"href":"https:\/\/radiorevelacionfm.cl\/index.php?rest_route=\/wp\/v2\/posts\/50086","targetHints":{"allow":["GET"]}}],"collection":[{"href":"https:\/\/radiorevelacionfm.cl\/index.php?rest_route=\/wp\/v2\/posts"}],"about":[{"href":"https:\/\/radiorevelacionfm.cl\/index.php?rest_route=\/wp\/v2\/types\/post"}],"author":[{"embeddable":true,"href":"https:\/\/radiorevelacionfm.cl\/index.php?rest_route=\/wp\/v2\/users\/1"}],"replies":[{"embeddable":true,"href":"https:\/\/radiorevelacionfm.cl\/index.php?rest_route=%2Fwp%2Fv2%2Fcomments&post=50086"}],"version-history":[{"count":1,"href":"https:\/\/radiorevelacionfm.cl\/index.php?rest_route=\/wp\/v2\/posts\/50086\/revisions"}],"predecessor-version":[{"id":50088,"href":"https:\/\/radiorevelacionfm.cl\/index.php?rest_route=\/wp\/v2\/posts\/50086\/revisions\/50088"}],"wp:featuredmedia":[{"embeddable":true,"href":"https:\/\/radiorevelacionfm.cl\/index.php?rest_route=\/wp\/v2\/media\/50087"}],"wp:attachment":[{"href":"https:\/\/radiorevelacionfm.cl\/index.php?rest_route=%2Fwp%2Fv2%2Fmedia&parent=50086"}],"wp:term":[{"taxonomy":"category","embeddable":true,"href":"https:\/\/radiorevelacionfm.cl\/index.php?rest_route=%2Fwp%2Fv2%2Fcategories&post=50086"},{"taxonomy":"post_tag","embeddable":true,"href":"https:\/\/radiorevelacionfm.cl\/index.php?rest_route=%2Fwp%2Fv2%2Ftags&post=50086"}],"curies":[{"name":"wp","href":"https:\/\/api.w.org\/{rel}","templated":true}]}}