{"id":50083,"date":"2025-01-29T10:29:49","date_gmt":"2025-01-29T13:29:49","guid":{"rendered":"https:\/\/radiorevelacionfm.cl\/?p=50083"},"modified":"2025-01-29T10:29:49","modified_gmt":"2025-01-29T13:29:49","slug":"ultimos-dias-para-matricularse-sin-costo-en-inacap-sede-coyhaique","status":"publish","type":"post","link":"https:\/\/radiorevelacionfm.cl\/?p=50083","title":{"rendered":"\u00a1\u00daltimos d\u00edas para matricularse sin costo en INACAP Sede Coyhaique!"},"content":{"rendered":"<div class=\"flex_column av_one_full  flex_column_div av-zero-column-padding first  avia-builder-el-0  el_before_av_one_full  avia-builder-el-first  \" style='border-radius:0px; '><div  class='avia-image-container  av-styling-    avia-builder-el-1  avia-builder-el-no-sibling  avia-align-center '  itemprop=\"image\" itemscope=\"itemscope\" itemtype=\"https:\/\/schema.org\/ImageObject\"  ><div class='avia-image-container-inner'><div class='avia-image-overlay-wrap'><img decoding=\"async\" class='wp-image-50084 avia-img-lazy-loading-not-50084 avia_image' src=\"https:\/\/radiorevelacionfm.cl\/wp-content\/uploads\/2025\/01\/convenios-1_optimized.jpg\" alt='' title='convenios-(1)_optimized' height=\"642\" width=\"802\"  itemprop=\"thumbnailUrl\" srcset=\"https:\/\/radiorevelacionfm.cl\/wp-content\/uploads\/2025\/01\/convenios-1_optimized.jpg 802w, https:\/\/radiorevelacionfm.cl\/wp-content\/uploads\/2025\/01\/convenios-1_optimized-300x240.jpg 300w, https:\/\/radiorevelacionfm.cl\/wp-content\/uploads\/2025\/01\/convenios-1_optimized-768x615.jpg 768w, https:\/\/radiorevelacionfm.cl\/wp-content\/uploads\/2025\/01\/convenios-1_optimized-705x564.jpg 705w, https:\/\/radiorevelacionfm.cl\/wp-content\/uploads\/2025\/01\/convenios-1_optimized-450x360.jpg 450w, https:\/\/radiorevelacionfm.cl\/wp-content\/uploads\/2025\/01\/convenios-1_optimized-600x480.jpg 600w\" sizes=\"(max-width: 802px) 100vw, 802px\" \/><\/div><\/div><\/div><\/div><div class=\"flex_column av_one_full  flex_column_div av-zero-column-padding first  avia-builder-el-2  el_after_av_one_full  el_before_av_one_full  column-top-margin\" style='border-radius:0px; '><section class=\"av_textblock_section \"  itemscope=\"itemscope\" itemtype=\"https:\/\/schema.org\/BlogPosting\" itemprop=\"blogPost\" ><div class='avia_textblock  '   itemprop=\"text\" ><p style=\"text-align: center;\"><span style=\"font-size: 18pt;\"><strong>\u00a1\u00daltimos d\u00edas para matricularse sin costo en INACAP Sede Coyhaique!<\/strong><\/span><\/p>\n<div id=\"gtx-trans\" style=\"position: absolute; left: -50px; top: 4.31534px;\">\n<div class=\"gtx-trans-icon\"><\/div>\n<\/div>\n<\/div><\/section><\/div><div class=\"flex_column av_one_full  flex_column_div av-zero-column-padding first  avia-builder-el-4  el_after_av_one_full  el_before_av_hr  column-top-margin\" style='border-radius:0px; '><section class=\"av_textblock_section \"  itemscope=\"itemscope\" itemtype=\"https:\/\/schema.org\/BlogPosting\" itemprop=\"blogPost\" ><div class='avia_textblock  '   itemprop=\"text\" ><p style=\"text-align: justify;\">Estudiar en una de las principales instituciones de educaci\u00f3n superior de la regi\u00f3n nunca fue tan accesible. Hasta el pr\u00f3ximo 31 de enero, INACAP Sede Coyhaique ofrece la posibilidad de matricularse sin costo alguno, brindando una oportunidad \u00fanica para quienes deseen comenzar o continuar su formaci\u00f3n profesional.<\/p>\n<p style=\"text-align: justify;\">La directora de Admisi\u00f3n, Estudiantes y Comunicaciones, Constanza Sep\u00falveda, hizo un llamado enf\u00e1tico a los interesados:<\/p>\n<p style=\"text-align: justify;\">\u00abTe invitamos a matricularte antes del 31 de enero a costo $0. Este es el momento ideal para dar el siguiente paso en tu desarrollo profesional. Si tienes dudas, ven a nuestra sede en Las Violetas #171, Coyhaique. Estamos aqu\u00ed para ayudarte.\u201d<\/p>\n<p style=\"text-align: justify;\">La oferta acad\u00e9mica para el 2025 incluye diversas carreras que responden a las demandas del mercado y est\u00e1n orientadas a potenciar las capacidades de los estudiantes:<\/p>\n<ul style=\"text-align: justify;\">\n<li>Administraci\u00f3n de Empresas (Diurno)<\/li>\n<li>T\u00e9cnico en Administraci\u00f3n P\u00fablica (Vespertino)<\/li>\n<li>T\u00e9cnico Agr\u00edcola (Diurno)<\/li>\n<li>Dise\u00f1o Digital y Web (Diurno)<\/li>\n<li>T\u00e9cnico en Odontolog\u00eda (Diurno)<\/li>\n<li>Ingenier\u00eda Agr\u00edcola (Diurno)<\/li>\n<\/ul>\n<p style=\"text-align: justify;\">Adem\u00e1s, la sede mantiene importantes convenios con instituciones clave, como Ej\u00e9rcito de Chile, Bomberos, Carabineros, Caja Los Andes y Mutual de Seguridad, abriendo nuevas posibilidades para sus estudiantes.<\/p>\n<p style=\"text-align: justify;\">Para quienes quieran formalizar su matr\u00edcula, las puertas de INACAP Sede Coyhaique est\u00e1n abiertas de lunes a jueves, entre las 09:00 y 19:00 hrs, y los viernes de 09:00 a 18:00 hrs.<\/p>\n<p style=\"text-align: justify;\">La matr\u00edcula con costo $0 solo estar\u00e1 disponible hasta el 31 de enero, mientras que el proceso regular continuar\u00e1 hasta marzo.<\/p>\n<p style=\"text-align: justify;\">\u00a1No pierdas esta oportunidad de comenzar tu formaci\u00f3n profesional en una instituci\u00f3n que impulsa tu futuro!<\/p>\n<\/div><\/section><\/div><div  style='height:50px' class='hr hr-invisible   avia-builder-el-6  el_after_av_one_full  el_before_av_social_share '><span class='hr-inner ' ><span class='hr-inner-style'><\/span><\/span><\/div><\/p>\n<div  class='av-social-sharing-box  avia-builder-el-7  el_after_av_hr  el_before_av_hr  '><div class='av-share-box'><h5 class='av-share-link-description av-no-toc '>Compartir esta noticia<\/h5><ul class='av-share-box-list noLightbox'><li class='av-share-link av-social-link-facebook' ><a target=\"_blank\" aria-label=\"Compartir en Facebook\" href='https:\/\/www.facebook.com\/sharer.php?u=https:\/\/radiorevelacionfm.cl\/?p=50083&#038;t=%C2%A1%C3%9Altimos%20d%C3%ADas%20para%20matricularse%20sin%20costo%20en%20INACAP%20Sede%20Coyhaique%21' aria-hidden='false' data-av_icon='\ue8f3' data-av_iconfont='entypo-fontello' title='' data-avia-related-tooltip='Compartir en Facebook' rel=\"noopener\"><span class='avia_hidden_link_text'>Compartir en Facebook<\/span><\/a><\/li><li class='av-share-link av-social-link-twitter' ><a target=\"_blank\" aria-label=\"Compartir en Twitter\" href='https:\/\/twitter.com\/share?text=%C2%A1%C3%9Altimos%20d%C3%ADas%20para%20matricularse%20sin%20costo%20en%20INACAP%20Sede%20Coyhaique%21&#038;url=https:\/\/radiorevelacionfm.cl\/?p=50083' aria-hidden='false' data-av_icon='\ue8f1' data-av_iconfont='entypo-fontello' title='' data-avia-related-tooltip='Compartir en Twitter' rel=\"noopener\"><span class='avia_hidden_link_text'>Compartir en Twitter<\/span><\/a><\/li><li class='av-share-link av-social-link-whatsapp' ><a target=\"_blank\" aria-label=\"Compartir en Whatsapp\" href='https:\/\/api.whatsapp.com\/send?text=https:\/\/radiorevelacionfm.cl\/?p=50083' aria-hidden='false' data-av_icon='\uf232' data-av_iconfont='entypo-fontello' title='' data-avia-related-tooltip='Compartir en Whatsapp' rel=\"noopener\"><span class='avia_hidden_link_text'>Compartir en Whatsapp<\/span><\/a><\/li><li class='av-share-link av-social-link-linkedin' ><a target=\"_blank\" aria-label=\"Compartir en LinkedIn\" href='https:\/\/linkedin.com\/shareArticle?mini=true&#038;title=%C2%A1%C3%9Altimos%20d%C3%ADas%20para%20matricularse%20sin%20costo%20en%20INACAP%20Sede%20Coyhaique%21&#038;url=https:\/\/radiorevelacionfm.cl\/?p=50083' aria-hidden='false' data-av_icon='\ue8fc' data-av_iconfont='entypo-fontello' title='' data-avia-related-tooltip='Compartir en LinkedIn' rel=\"noopener\"><span class='avia_hidden_link_text'>Compartir en LinkedIn<\/span><\/a><\/li><li class='av-share-link av-social-link-mail' ><a  aria-label=\"Compartir por correo\" href='mailto:?subject=%C2%A1%C3%9Altimos%20d%C3%ADas%20para%20matricularse%20sin%20costo%20en%20INACAP%20Sede%20Coyhaique%21&#038;body=https:\/\/radiorevelacionfm.cl\/?p=50083' aria-hidden='false' data-av_icon='\ue805' data-av_iconfont='entypo-fontello' title='' data-avia-related-tooltip='Compartir por correo'><span class='avia_hidden_link_text'>Compartir por correo<\/span><\/a><\/li><\/ul><\/div><\/div>\n<div  style='height:50px' class='hr hr-invisible   avia-builder-el-8  el_after_av_social_share  el_before_av_comments_list '><span class='hr-inner ' ><span class='hr-inner-style'><\/span><\/span><\/div>\n<div  class='av-buildercomment  av-blog-meta-html-info-disabled av-blog-meta-tag-disabled  '><\/div>\n","protected":false},"excerpt":{"rendered":"","protected":false},"author":1,"featured_media":50084,"comment_status":"open","ping_status":"open","sticky":false,"template":"","format":"standard","meta":{"footnotes":""},"categories":[49],"tags":[],"class_list":["post-50083","post","type-post","status-publish","format-standard","has-post-thumbnail","hentry","category-educacion"],"jetpack_featured_media_url":"https:\/\/radiorevelacionfm.cl\/wp-content\/uploads\/2025\/01\/convenios-1_optimized.jpg","_links":{"self":[{"href":"https:\/\/radiorevelacionfm.cl\/index.php?rest_route=\/wp\/v2\/posts\/50083","targetHints":{"allow":["GET"]}}],"collection":[{"href":"https:\/\/radiorevelacionfm.cl\/index.php?rest_route=\/wp\/v2\/posts"}],"about":[{"href":"https:\/\/radiorevelacionfm.cl\/index.php?rest_route=\/wp\/v2\/types\/post"}],"author":[{"embeddable":true,"href":"https:\/\/radiorevelacionfm.cl\/index.php?rest_route=\/wp\/v2\/users\/1"}],"replies":[{"embeddable":true,"href":"https:\/\/radiorevelacionfm.cl\/index.php?rest_route=%2Fwp%2Fv2%2Fcomments&post=50083"}],"version-history":[{"count":1,"href":"https:\/\/radiorevelacionfm.cl\/index.php?rest_route=\/wp\/v2\/posts\/50083\/revisions"}],"predecessor-version":[{"id":50085,"href":"https:\/\/radiorevelacionfm.cl\/index.php?rest_route=\/wp\/v2\/posts\/50083\/revisions\/50085"}],"wp:featuredmedia":[{"embeddable":true,"href":"https:\/\/radiorevelacionfm.cl\/index.php?rest_route=\/wp\/v2\/media\/50084"}],"wp:attachment":[{"href":"https:\/\/radiorevelacionfm.cl\/index.php?rest_route=%2Fwp%2Fv2%2Fmedia&parent=50083"}],"wp:term":[{"taxonomy":"category","embeddable":true,"href":"https:\/\/radiorevelacionfm.cl\/index.php?rest_route=%2Fwp%2Fv2%2Fcategories&post=50083"},{"taxonomy":"post_tag","embeddable":true,"href":"https:\/\/radiorevelacionfm.cl\/index.php?rest_route=%2Fwp%2Fv2%2Ftags&post=50083"}],"curies":[{"name":"wp","href":"https:\/\/api.w.org\/{rel}","templated":true}]}}