{"id":50076,"date":"2025-01-28T09:47:27","date_gmt":"2025-01-28T12:47:27","guid":{"rendered":"https:\/\/radiorevelacionfm.cl\/?p=50076"},"modified":"2025-01-28T09:47:27","modified_gmt":"2025-01-28T12:47:27","slug":"vecinos-y-alcalde-exigen-pronta-solucion-en-pasarela-el-salto-que-conecta-colonia-sur-en-cochrane","status":"publish","type":"post","link":"https:\/\/radiorevelacionfm.cl\/?p=50076","title":{"rendered":"Vecinos y alcalde exigen pronta soluci\u00f3n en Pasarela El Salto que conecta colonia sur en Cochrane"},"content":{"rendered":"<div class=\"flex_column av_one_full  flex_column_div av-zero-column-padding first  avia-builder-el-0  el_before_av_one_full  avia-builder-el-first  \" style='border-radius:0px; '><div  class='avia-image-container  av-styling-    avia-builder-el-1  avia-builder-el-no-sibling  avia-align-center '  itemprop=\"image\" itemscope=\"itemscope\" itemtype=\"https:\/\/schema.org\/ImageObject\"  ><div class='avia-image-container-inner'><div class='avia-image-overlay-wrap'><img decoding=\"async\" class='wp-image-50077 avia-img-lazy-loading-not-50077 avia_image' src=\"https:\/\/radiorevelacionfm.cl\/wp-content\/uploads\/2025\/01\/pasarela-el-salto-cochrane-4-1_optimized.jpg\" alt='' title='pasarela-el-salto-cochrane-(4)-(1)_optimized' height=\"600\" width=\"900\"  itemprop=\"thumbnailUrl\" srcset=\"https:\/\/radiorevelacionfm.cl\/wp-content\/uploads\/2025\/01\/pasarela-el-salto-cochrane-4-1_optimized.jpg 900w, https:\/\/radiorevelacionfm.cl\/wp-content\/uploads\/2025\/01\/pasarela-el-salto-cochrane-4-1_optimized-300x200.jpg 300w, https:\/\/radiorevelacionfm.cl\/wp-content\/uploads\/2025\/01\/pasarela-el-salto-cochrane-4-1_optimized-768x512.jpg 768w, https:\/\/radiorevelacionfm.cl\/wp-content\/uploads\/2025\/01\/pasarela-el-salto-cochrane-4-1_optimized-705x470.jpg 705w, https:\/\/radiorevelacionfm.cl\/wp-content\/uploads\/2025\/01\/pasarela-el-salto-cochrane-4-1_optimized-450x300.jpg 450w, https:\/\/radiorevelacionfm.cl\/wp-content\/uploads\/2025\/01\/pasarela-el-salto-cochrane-4-1_optimized-600x400.jpg 600w\" sizes=\"(max-width: 900px) 100vw, 900px\" \/><\/div><\/div><\/div><\/div><div class=\"flex_column av_one_full  flex_column_div av-zero-column-padding first  avia-builder-el-2  el_after_av_one_full  el_before_av_one_full  column-top-margin\" style='border-radius:0px; '><section class=\"av_textblock_section \"  itemscope=\"itemscope\" itemtype=\"https:\/\/schema.org\/BlogPosting\" itemprop=\"blogPost\" ><div class='avia_textblock  '   itemprop=\"text\" ><p style=\"text-align: center;\"><strong><span style=\"font-size: 18pt;\">Vecinos y alcalde exigen pronta soluci\u00f3n en Pasarela El Salto que conecta colonia sur en Cochrane<\/span><\/strong><\/p>\n<div id=\"gtx-trans\" style=\"position: absolute; left: -50px; top: 4.31534px;\">\n<div class=\"gtx-trans-icon\"><\/div>\n<\/div>\n<\/div><\/section><\/div><div class=\"flex_column av_one_full  flex_column_div av-zero-column-padding first  avia-builder-el-4  el_after_av_one_full  el_before_av_hr  column-top-margin\" style='border-radius:0px; '><section class=\"av_textblock_section \"  itemscope=\"itemscope\" itemtype=\"https:\/\/schema.org\/BlogPosting\" itemprop=\"blogPost\" ><div class='avia_textblock  '   itemprop=\"text\" ><p style=\"text-align: justify;\">Municipio de Cochrane, encabezado por el alcalde Patricio Ulloa Georgia, ha manifestado su profunda preocupaci\u00f3n por el cr\u00edtico estado de la pasarela El Salto, una estructura clave para la conexi\u00f3n del sector Colonia Sur.<\/p>\n<p style=\"text-align: justify;\">La pasarela, que tiene una capacidad m\u00e1xima de 1,5 toneladas, se encuentra en condiciones alarmantes, lo que representa un alto riesgo tanto para los vecinos como para quienes transitan por la zona. Seg\u00fan inform\u00f3 el alcalde y vecinos, esta situaci\u00f3n ya ha sido reportada a la Seremi de Obras P\u00fablicas y a la Direcci\u00f3n de Vialidad hace algunos d\u00edas en audiencia, advirtiendo que el deterioro podr\u00eda derivar en un accidente fatal.<\/p>\n<p style=\"text-align: justify;\">En tanto <strong>vecino del sector Fundo Los \u00c1lamos, Fernando Gatica<\/strong> quien lleva casi 36 a\u00f1os viviendo en la zona, manifest\u00f3 su preocupaci\u00f3n por el mal estado en el que se encuentra la pasarela. \u00abMe he acercado como hombre, campesino y poblador a reclamarle a Vialidad que, por favor, vayan a ver esta pasarela. \u00bfQu\u00e9 va a pasar cuando ocurra un accidente, cuando alguien muera o caiga un veh\u00edculo? \u00bfReci\u00e9n ah\u00ed se van a preocupar de construir un puente en condiciones para estar tranquilos?\u00bb, se\u00f1al\u00f3, haciendo un llamado urgente a las autoridades para tomar medidas antes de que ocurra una tragedia.<\/p>\n<p style=\"text-align: justify;\">El edil destac\u00f3 que el r\u00edo El Salto presenta un caudal considerable, lo que hace que la actual pasarela no cumpla con los est\u00e1ndares m\u00ednimos de seguridad. Frente a este escenario, el alcalde insisti\u00f3 en la necesidad de una intervenci\u00f3n inmediata: \u00abNo podemos esperar a que ocurra una tragedia. Es responsabilidad de Vialidad y del Ministerio de Obras P\u00fablicas actuar ahora para construir un puente seguro que conecte de manera adecuada el sector Colonia Sur.\u00bb<\/p>\n<p style=\"text-align: justify;\">\u00abLa pasarela est\u00e1 en muy malas condiciones y, de continuar as\u00ed, es probable que termine siendo cerrada tras una inspecci\u00f3n de expertos. Esto no solo afectar\u00eda gravemente la conectividad del sector, sino que podr\u00eda generar un accidente fatal. La \u00fanica soluci\u00f3n viable es construir de forma urgente un puente mecano que brinde una conexi\u00f3n segura para nuestros vecinos y quienes transitan hacia el lugar\u00bb <strong>expres\u00f3 el alcalde Patricio Ulloa Georgia.<\/strong><\/p>\n<p style=\"text-align: justify;\">La Municipalidad de Cochrane seguir\u00e1 insistiendo ante las autoridades competentes para que esta obra prioritaria se ejecute en el menor tiempo posible, y as\u00ed garantizar la seguridad y calidad de vida de quienes dependen de esta infraestructura.<\/p>\n<\/div><\/section><\/div><div  style='height:50px' class='hr hr-invisible   avia-builder-el-6  el_after_av_one_full  el_before_av_social_share '><span class='hr-inner ' ><span class='hr-inner-style'><\/span><\/span><\/div><\/p>\n<div  class='av-social-sharing-box  avia-builder-el-7  el_after_av_hr  el_before_av_hr  '><div class='av-share-box'><h5 class='av-share-link-description av-no-toc '>Compartir esta noticia<\/h5><ul class='av-share-box-list noLightbox'><li class='av-share-link av-social-link-facebook' ><a target=\"_blank\" aria-label=\"Compartir en Facebook\" href='https:\/\/www.facebook.com\/sharer.php?u=https:\/\/radiorevelacionfm.cl\/?p=50076&#038;t=Vecinos%20y%20alcalde%20exigen%20pronta%20soluci%C3%B3n%20en%20Pasarela%20El%20Salto%20que%20conecta%20colonia%20sur%20en%20Cochrane' aria-hidden='false' data-av_icon='\ue8f3' data-av_iconfont='entypo-fontello' title='' data-avia-related-tooltip='Compartir en Facebook' rel=\"noopener\"><span class='avia_hidden_link_text'>Compartir en Facebook<\/span><\/a><\/li><li class='av-share-link av-social-link-twitter' ><a target=\"_blank\" aria-label=\"Compartir en Twitter\" href='https:\/\/twitter.com\/share?text=Vecinos%20y%20alcalde%20exigen%20pronta%20soluci%C3%B3n%20en%20Pasarela%20El%20Salto%20que%20conecta%20colonia%20sur%20en%20Cochrane&#038;url=https:\/\/radiorevelacionfm.cl\/?p=50076' aria-hidden='false' data-av_icon='\ue8f1' data-av_iconfont='entypo-fontello' title='' data-avia-related-tooltip='Compartir en Twitter' rel=\"noopener\"><span class='avia_hidden_link_text'>Compartir en Twitter<\/span><\/a><\/li><li class='av-share-link av-social-link-whatsapp' ><a target=\"_blank\" aria-label=\"Compartir en Whatsapp\" href='https:\/\/api.whatsapp.com\/send?text=https:\/\/radiorevelacionfm.cl\/?p=50076' aria-hidden='false' data-av_icon='\uf232' data-av_iconfont='entypo-fontello' title='' data-avia-related-tooltip='Compartir en Whatsapp' rel=\"noopener\"><span class='avia_hidden_link_text'>Compartir en Whatsapp<\/span><\/a><\/li><li class='av-share-link av-social-link-linkedin' ><a target=\"_blank\" aria-label=\"Compartir en LinkedIn\" href='https:\/\/linkedin.com\/shareArticle?mini=true&#038;title=Vecinos%20y%20alcalde%20exigen%20pronta%20soluci%C3%B3n%20en%20Pasarela%20El%20Salto%20que%20conecta%20colonia%20sur%20en%20Cochrane&#038;url=https:\/\/radiorevelacionfm.cl\/?p=50076' aria-hidden='false' data-av_icon='\ue8fc' data-av_iconfont='entypo-fontello' title='' data-avia-related-tooltip='Compartir en LinkedIn' rel=\"noopener\"><span class='avia_hidden_link_text'>Compartir en LinkedIn<\/span><\/a><\/li><li class='av-share-link av-social-link-mail' ><a  aria-label=\"Compartir por correo\" href='mailto:?subject=Vecinos%20y%20alcalde%20exigen%20pronta%20soluci%C3%B3n%20en%20Pasarela%20El%20Salto%20que%20conecta%20colonia%20sur%20en%20Cochrane&#038;body=https:\/\/radiorevelacionfm.cl\/?p=50076' aria-hidden='false' data-av_icon='\ue805' data-av_iconfont='entypo-fontello' title='' data-avia-related-tooltip='Compartir por correo'><span class='avia_hidden_link_text'>Compartir por correo<\/span><\/a><\/li><\/ul><\/div><\/div>\n<div  style='height:50px' class='hr hr-invisible   avia-builder-el-8  el_after_av_social_share  el_before_av_comments_list '><span class='hr-inner ' ><span class='hr-inner-style'><\/span><\/span><\/div>\n<div  class='av-buildercomment  av-blog-meta-html-info-disabled av-blog-meta-tag-disabled  '><\/div>\n","protected":false},"excerpt":{"rendered":"","protected":false},"author":1,"featured_media":50077,"comment_status":"open","ping_status":"open","sticky":false,"template":"","format":"standard","meta":{"footnotes":""},"categories":[38],"tags":[],"class_list":["post-50076","post","type-post","status-publish","format-standard","has-post-thumbnail","hentry","category-regional"],"jetpack_featured_media_url":"https:\/\/radiorevelacionfm.cl\/wp-content\/uploads\/2025\/01\/pasarela-el-salto-cochrane-4-1_optimized.jpg","_links":{"self":[{"href":"https:\/\/radiorevelacionfm.cl\/index.php?rest_route=\/wp\/v2\/posts\/50076","targetHints":{"allow":["GET"]}}],"collection":[{"href":"https:\/\/radiorevelacionfm.cl\/index.php?rest_route=\/wp\/v2\/posts"}],"about":[{"href":"https:\/\/radiorevelacionfm.cl\/index.php?rest_route=\/wp\/v2\/types\/post"}],"author":[{"embeddable":true,"href":"https:\/\/radiorevelacionfm.cl\/index.php?rest_route=\/wp\/v2\/users\/1"}],"replies":[{"embeddable":true,"href":"https:\/\/radiorevelacionfm.cl\/index.php?rest_route=%2Fwp%2Fv2%2Fcomments&post=50076"}],"version-history":[{"count":1,"href":"https:\/\/radiorevelacionfm.cl\/index.php?rest_route=\/wp\/v2\/posts\/50076\/revisions"}],"predecessor-version":[{"id":50078,"href":"https:\/\/radiorevelacionfm.cl\/index.php?rest_route=\/wp\/v2\/posts\/50076\/revisions\/50078"}],"wp:featuredmedia":[{"embeddable":true,"href":"https:\/\/radiorevelacionfm.cl\/index.php?rest_route=\/wp\/v2\/media\/50077"}],"wp:attachment":[{"href":"https:\/\/radiorevelacionfm.cl\/index.php?rest_route=%2Fwp%2Fv2%2Fmedia&parent=50076"}],"wp:term":[{"taxonomy":"category","embeddable":true,"href":"https:\/\/radiorevelacionfm.cl\/index.php?rest_route=%2Fwp%2Fv2%2Fcategories&post=50076"},{"taxonomy":"post_tag","embeddable":true,"href":"https:\/\/radiorevelacionfm.cl\/index.php?rest_route=%2Fwp%2Fv2%2Ftags&post=50076"}],"curies":[{"name":"wp","href":"https:\/\/api.w.org\/{rel}","templated":true}]}}