{"id":50073,"date":"2025-01-28T10:43:22","date_gmt":"2025-01-28T13:43:22","guid":{"rendered":"https:\/\/radiorevelacionfm.cl\/?p=50073"},"modified":"2025-01-28T10:43:49","modified_gmt":"2025-01-28T13:43:49","slug":"en-el-dia-de-la-educacion-ambiental-participa-en-el-curso-gratuito-de-consumo-sostenible-del-sernac-y-se-parte-del-cambio","status":"publish","type":"post","link":"https:\/\/radiorevelacionfm.cl\/?p=50073","title":{"rendered":"D\u00eda de la Educaci\u00f3n Ambiental: \u00a1Participa en el curso gratuito de consumo sostenible del Sernac y s\u00e9 parte del cambio!"},"content":{"rendered":"<div class=\"flex_column av_one_full  flex_column_div av-zero-column-padding first  avia-builder-el-0  el_before_av_one_full  avia-builder-el-first  \" style='border-radius:0px; '><div  class='avia-image-container  av-styling-    avia-builder-el-1  avia-builder-el-no-sibling  avia-align-center '  itemprop=\"image\" itemscope=\"itemscope\" itemtype=\"https:\/\/schema.org\/ImageObject\"  ><div class='avia-image-container-inner'><div class='avia-image-overlay-wrap'><img decoding=\"async\" class='wp-image-50074 avia-img-lazy-loading-not-50074 avia_image' src=\"https:\/\/radiorevelacionfm.cl\/wp-content\/uploads\/2025\/01\/afiche-consumosostenible-sernac-2025-1_optimized.jpg\" alt='' title='afiche-consumosostenible-sernac-2025-(1)_optimized' height=\"865\" width=\"802\"  itemprop=\"thumbnailUrl\" srcset=\"https:\/\/radiorevelacionfm.cl\/wp-content\/uploads\/2025\/01\/afiche-consumosostenible-sernac-2025-1_optimized.jpg 802w, https:\/\/radiorevelacionfm.cl\/wp-content\/uploads\/2025\/01\/afiche-consumosostenible-sernac-2025-1_optimized-278x300.jpg 278w, https:\/\/radiorevelacionfm.cl\/wp-content\/uploads\/2025\/01\/afiche-consumosostenible-sernac-2025-1_optimized-768x828.jpg 768w, https:\/\/radiorevelacionfm.cl\/wp-content\/uploads\/2025\/01\/afiche-consumosostenible-sernac-2025-1_optimized-654x705.jpg 654w, https:\/\/radiorevelacionfm.cl\/wp-content\/uploads\/2025\/01\/afiche-consumosostenible-sernac-2025-1_optimized-450x485.jpg 450w, https:\/\/radiorevelacionfm.cl\/wp-content\/uploads\/2025\/01\/afiche-consumosostenible-sernac-2025-1_optimized-600x647.jpg 600w\" sizes=\"(max-width: 802px) 100vw, 802px\" \/><\/div><\/div><\/div><\/div>\n<div class=\"flex_column av_one_full  flex_column_div av-zero-column-padding first  avia-builder-el-2  el_after_av_one_full  el_before_av_one_full  column-top-margin\" style='border-radius:0px; '><section class=\"av_textblock_section \"  itemscope=\"itemscope\" itemtype=\"https:\/\/schema.org\/BlogPosting\" itemprop=\"blogPost\" ><div class='avia_textblock  '   itemprop=\"text\" ><p style=\"text-align: center;\"><strong><span style=\"font-size: 18pt;\">D\u00eda de la Educaci\u00f3n Ambiental: \u00a1Participa en el curso gratuito de consumo sostenible del Sernac y s\u00e9 parte del cambio!<\/span><\/strong><\/p>\n<div id=\"gtx-trans\" style=\"position: absolute; left: -50px; top: 4.31534px;\">\n<div class=\"gtx-trans-icon\"><\/div>\n<\/div>\n<\/div><\/section><\/div><div class=\"flex_column av_one_full  flex_column_div av-zero-column-padding first  avia-builder-el-4  el_after_av_one_full  el_before_av_hr  column-top-margin\" style='border-radius:0px; '><section class=\"av_textblock_section \"  itemscope=\"itemscope\" itemtype=\"https:\/\/schema.org\/BlogPosting\" itemprop=\"blogPost\" ><div class='avia_textblock  '   itemprop=\"text\" ><ul>\n<li style=\"text-align: justify;\"><em>Las inscripciones para el curso online est\u00e1n disponibles desde el 27 de enero hasta el 27 de abril. <\/em><\/li>\n<\/ul>\n<p style=\"text-align: justify;\">En el marco del D\u00eda Mundial de la Educaci\u00f3n Ambiental, el Servicio Nacional del Consumidor (SERNAC) invita a toda la ciudadan\u00eda a formar parte del curso online y gratuito \u201cConsumo Sostenible para la Ciudadan\u00eda\u201d.<\/p>\n<p style=\"text-align: justify;\">La iniciativa buscar\u00e1 capacitar a las personas en decisiones de consumo responsables y sostenibles, entregando informaci\u00f3n relevante para enfrentar los desaf\u00edos globales, como el cambio clim\u00e1tico y, de esta forma, contribuir activamente al cuidado del medio ambiente.<\/p>\n<p style=\"text-align: justify;\">El curso entregar\u00e1 a los participantes herramientas pr\u00e1cticas y conocimientos claves para comprender el impacto de nuestras elecciones de consumo, abordar la crisis clim\u00e1tica y adoptar h\u00e1bitos responsables que promuevan un desarrollo sostenible.<\/p>\n<p style=\"text-align: justify;\">Las inscripciones para el curso online estar\u00e1n disponibles desde el 27 de enero hasta el 27 de abril.<\/p>\n<p style=\"text-align: justify;\">Para la Directora Regional del SERNAC en Ays\u00e9n, Sandra Espinoza, \u201ceste curso es una oportunidad \u00fanica para significar el D\u00eda de la Educaci\u00f3n Ambiental, fomentando la conciencia, la acci\u00f3n y la sensibilizaci\u00f3n.\u00a0 Proteger el medio ambiente es fundamental para asegurar un futuro en bienestar y prosperidad para las nuevas generaciones\u201d.<\/p>\n<p style=\"text-align: justify;\"><strong>Lo que aprender\u00e1s:<\/strong><\/p>\n<ul style=\"text-align: justify;\">\n<li><strong>Crisis clim\u00e1tica:<\/strong> C\u00f3mo nuestras actividades diarias contribuyen al calentamiento global y qu\u00e9 acciones podemos tomar para reducir nuestra huella de carbono.<\/li>\n<li><strong>Pol\u00edticas p\u00fablicas:<\/strong> El rol clave del Estado en fomentar el consumo responsable mediante regulaciones, incentivos y educaci\u00f3n.<\/li>\n<li><strong>H\u00e1bitos de consumo sostenible:<\/strong> Desde reducir, reutilizar y reciclar, hasta elegir productos locales y evaluar el impacto ambiental de nuestras decisiones.<\/li>\n<\/ul>\n<p style=\"text-align: justify;\"><strong>Caracter\u00edsticas del curso:<\/strong><\/p>\n<ul style=\"text-align: justify;\">\n<li><strong>Modalidad:<\/strong> 100% online y asincr\u00f3nico, para que avances a tu ritmo.<\/li>\n<li><strong>Duraci\u00f3n:<\/strong> 10 horas divididas en tres m\u00f3dulos din\u00e1micos y pr\u00e1cticos.<\/li>\n<li><strong>Certificaci\u00f3n:<\/strong> Al completar todas las actividades, recibir\u00e1s un diploma de reconocimiento.<\/li>\n<\/ul>\n<p style=\"text-align: justify;\"><strong>Calendario y metodolog\u00eda:<\/strong><\/p>\n<ul style=\"text-align: justify;\">\n<li><strong>Inscripciones:<\/strong> Desde el 27 de enero hasta el 27 de abril de 2025.<\/li>\n<li><strong>Acceso:<\/strong> Gratuito y disponible en el <a href=\"https:\/\/aula.sernac.cl\/\">Aula Virtual del SERNAC<\/a>.<\/li>\n<\/ul>\n<p style=\"text-align: justify;\"><strong><em>\u00a1Inscr\u00edbete hoy y celebra este d\u00eda aprendiendo a consumir de manera sostenible!<br \/>\nPara m\u00e1s informaci\u00f3n o consultas, completa este formulario: <\/em><\/strong><a href=\"https:\/\/aula.sernac.cl\/enrol\/index.php?id=124\">Link de Inscripci\u00f3n Aqu\u00ed<\/a><\/p>\n<\/div><\/section><\/div><\/p>\n<div  style='height:50px' class='hr hr-invisible   avia-builder-el-6  el_after_av_one_full  el_before_av_social_share '><span class='hr-inner ' ><span class='hr-inner-style'><\/span><\/span><\/div>\n<div  class='av-social-sharing-box  avia-builder-el-7  el_after_av_hr  el_before_av_hr  '><div class='av-share-box'><h5 class='av-share-link-description av-no-toc '>Compartir esta noticia<\/h5><ul class='av-share-box-list noLightbox'><li class='av-share-link av-social-link-facebook' ><a target=\"_blank\" aria-label=\"Compartir en Facebook\" href='https:\/\/www.facebook.com\/sharer.php?u=https:\/\/radiorevelacionfm.cl\/?p=50073&#038;t=D%C3%ADa%20de%20la%20Educaci%C3%B3n%20Ambiental%3A%20%C2%A1Participa%20en%20el%20curso%20gratuito%20de%20consumo%20sostenible%20del%20Sernac%20y%20s%C3%A9%20parte%20del%20cambio%21' aria-hidden='false' data-av_icon='\ue8f3' data-av_iconfont='entypo-fontello' title='' data-avia-related-tooltip='Compartir en Facebook' rel=\"noopener\"><span class='avia_hidden_link_text'>Compartir en Facebook<\/span><\/a><\/li><li class='av-share-link av-social-link-twitter' ><a target=\"_blank\" aria-label=\"Compartir en Twitter\" href='https:\/\/twitter.com\/share?text=D%C3%ADa%20de%20la%20Educaci%C3%B3n%20Ambiental%3A%20%C2%A1Participa%20en%20el%20curso%20gratuito%20de%20consumo%20sostenible%20del%20Sernac%20y%20s%C3%A9%20parte%20del%20cambio%21&#038;url=https:\/\/radiorevelacionfm.cl\/?p=50073' aria-hidden='false' data-av_icon='\ue8f1' data-av_iconfont='entypo-fontello' title='' data-avia-related-tooltip='Compartir en Twitter' rel=\"noopener\"><span class='avia_hidden_link_text'>Compartir en Twitter<\/span><\/a><\/li><li class='av-share-link av-social-link-whatsapp' ><a target=\"_blank\" aria-label=\"Compartir en Whatsapp\" href='https:\/\/api.whatsapp.com\/send?text=https:\/\/radiorevelacionfm.cl\/?p=50073' aria-hidden='false' data-av_icon='\uf232' data-av_iconfont='entypo-fontello' title='' data-avia-related-tooltip='Compartir en Whatsapp' rel=\"noopener\"><span class='avia_hidden_link_text'>Compartir en Whatsapp<\/span><\/a><\/li><li class='av-share-link av-social-link-linkedin' ><a target=\"_blank\" aria-label=\"Compartir en LinkedIn\" href='https:\/\/linkedin.com\/shareArticle?mini=true&#038;title=D%C3%ADa%20de%20la%20Educaci%C3%B3n%20Ambiental%3A%20%C2%A1Participa%20en%20el%20curso%20gratuito%20de%20consumo%20sostenible%20del%20Sernac%20y%20s%C3%A9%20parte%20del%20cambio%21&#038;url=https:\/\/radiorevelacionfm.cl\/?p=50073' aria-hidden='false' data-av_icon='\ue8fc' data-av_iconfont='entypo-fontello' title='' data-avia-related-tooltip='Compartir en LinkedIn' rel=\"noopener\"><span class='avia_hidden_link_text'>Compartir en LinkedIn<\/span><\/a><\/li><li class='av-share-link av-social-link-mail' ><a  aria-label=\"Compartir por correo\" href='mailto:?subject=D%C3%ADa%20de%20la%20Educaci%C3%B3n%20Ambiental%3A%20%C2%A1Participa%20en%20el%20curso%20gratuito%20de%20consumo%20sostenible%20del%20Sernac%20y%20s%C3%A9%20parte%20del%20cambio%21&#038;body=https:\/\/radiorevelacionfm.cl\/?p=50073' aria-hidden='false' data-av_icon='\ue805' data-av_iconfont='entypo-fontello' title='' data-avia-related-tooltip='Compartir por correo'><span class='avia_hidden_link_text'>Compartir por correo<\/span><\/a><\/li><\/ul><\/div><\/div>\n<div  style='height:50px' class='hr hr-invisible   avia-builder-el-8  el_after_av_social_share  el_before_av_comments_list '><span class='hr-inner ' ><span class='hr-inner-style'><\/span><\/span><\/div>\n<div  class='av-buildercomment  av-blog-meta-html-info-disabled av-blog-meta-tag-disabled  '><\/div>\n","protected":false},"excerpt":{"rendered":"","protected":false},"author":1,"featured_media":50074,"comment_status":"open","ping_status":"open","sticky":false,"template":"","format":"standard","meta":{"footnotes":""},"categories":[38],"tags":[],"class_list":["post-50073","post","type-post","status-publish","format-standard","has-post-thumbnail","hentry","category-regional"],"jetpack_featured_media_url":"https:\/\/radiorevelacionfm.cl\/wp-content\/uploads\/2025\/01\/afiche-consumosostenible-sernac-2025-1_optimized.jpg","_links":{"self":[{"href":"https:\/\/radiorevelacionfm.cl\/index.php?rest_route=\/wp\/v2\/posts\/50073","targetHints":{"allow":["GET"]}}],"collection":[{"href":"https:\/\/radiorevelacionfm.cl\/index.php?rest_route=\/wp\/v2\/posts"}],"about":[{"href":"https:\/\/radiorevelacionfm.cl\/index.php?rest_route=\/wp\/v2\/types\/post"}],"author":[{"embeddable":true,"href":"https:\/\/radiorevelacionfm.cl\/index.php?rest_route=\/wp\/v2\/users\/1"}],"replies":[{"embeddable":true,"href":"https:\/\/radiorevelacionfm.cl\/index.php?rest_route=%2Fwp%2Fv2%2Fcomments&post=50073"}],"version-history":[{"count":2,"href":"https:\/\/radiorevelacionfm.cl\/index.php?rest_route=\/wp\/v2\/posts\/50073\/revisions"}],"predecessor-version":[{"id":50082,"href":"https:\/\/radiorevelacionfm.cl\/index.php?rest_route=\/wp\/v2\/posts\/50073\/revisions\/50082"}],"wp:featuredmedia":[{"embeddable":true,"href":"https:\/\/radiorevelacionfm.cl\/index.php?rest_route=\/wp\/v2\/media\/50074"}],"wp:attachment":[{"href":"https:\/\/radiorevelacionfm.cl\/index.php?rest_route=%2Fwp%2Fv2%2Fmedia&parent=50073"}],"wp:term":[{"taxonomy":"category","embeddable":true,"href":"https:\/\/radiorevelacionfm.cl\/index.php?rest_route=%2Fwp%2Fv2%2Fcategories&post=50073"},{"taxonomy":"post_tag","embeddable":true,"href":"https:\/\/radiorevelacionfm.cl\/index.php?rest_route=%2Fwp%2Fv2%2Ftags&post=50073"}],"curies":[{"name":"wp","href":"https:\/\/api.w.org\/{rel}","templated":true}]}}