{"id":50070,"date":"2025-01-27T20:36:09","date_gmt":"2025-01-27T23:36:09","guid":{"rendered":"https:\/\/radiorevelacionfm.cl\/?p=50070"},"modified":"2025-01-27T20:36:09","modified_gmt":"2025-01-27T23:36:09","slug":"delegado-regional-destaca-creacion-del-ministerio-de-seguridad-publica","status":"publish","type":"post","link":"https:\/\/radiorevelacionfm.cl\/?p=50070","title":{"rendered":"Delegado Regional destaca creaci\u00f3n del Ministerio de Seguridad P\u00fablica"},"content":{"rendered":"<div class=\"flex_column av_one_full  flex_column_div av-zero-column-padding first  avia-builder-el-0  el_before_av_one_full  avia-builder-el-first  \" style='border-radius:0px; '><div  class='avia-image-container  av-styling-    avia-builder-el-1  avia-builder-el-no-sibling  avia-align-center '  itemprop=\"image\" itemscope=\"itemscope\" itemtype=\"https:\/\/schema.org\/ImageObject\"  ><div class='avia-image-container-inner'><div class='avia-image-overlay-wrap'><img decoding=\"async\" class='wp-image-50071 avia-img-lazy-loading-not-50071 avia_image' src=\"https:\/\/radiorevelacionfm.cl\/wp-content\/uploads\/2025\/01\/img_20250127_114436-1_optimized-1.jpg\" alt='' title='img_20250127_114436-(1)_optimized (1)' height=\"600\" width=\"994\"  itemprop=\"thumbnailUrl\" srcset=\"https:\/\/radiorevelacionfm.cl\/wp-content\/uploads\/2025\/01\/img_20250127_114436-1_optimized-1.jpg 994w, https:\/\/radiorevelacionfm.cl\/wp-content\/uploads\/2025\/01\/img_20250127_114436-1_optimized-1-300x181.jpg 300w, https:\/\/radiorevelacionfm.cl\/wp-content\/uploads\/2025\/01\/img_20250127_114436-1_optimized-1-768x464.jpg 768w, https:\/\/radiorevelacionfm.cl\/wp-content\/uploads\/2025\/01\/img_20250127_114436-1_optimized-1-705x426.jpg 705w, https:\/\/radiorevelacionfm.cl\/wp-content\/uploads\/2025\/01\/img_20250127_114436-1_optimized-1-450x272.jpg 450w, https:\/\/radiorevelacionfm.cl\/wp-content\/uploads\/2025\/01\/img_20250127_114436-1_optimized-1-600x362.jpg 600w\" sizes=\"(max-width: 994px) 100vw, 994px\" \/><\/div><\/div><\/div><\/div><div class=\"flex_column av_one_full  flex_column_div av-zero-column-padding first  avia-builder-el-2  el_after_av_one_full  el_before_av_one_full  column-top-margin\" style='border-radius:0px; '><section class=\"av_textblock_section \"  itemscope=\"itemscope\" itemtype=\"https:\/\/schema.org\/BlogPosting\" itemprop=\"blogPost\" ><div class='avia_textblock  '   itemprop=\"text\" ><p style=\"font-weight: 400; text-align: center;\"><span style=\"font-size: 18pt;\"><strong>Delegado Regional destaca creaci\u00f3n del Ministerio de Seguridad P\u00fablica<\/strong><\/span><\/p>\n<div id=\"gtx-trans\" style=\"position: absolute; left: -50px; top: 4.31534px;\">\n<div class=\"gtx-trans-icon\"><\/div>\n<\/div>\n<\/div><\/section><\/div><div class=\"flex_column av_one_full  flex_column_div av-zero-column-padding first  avia-builder-el-4  el_after_av_one_full  el_before_av_hr  column-top-margin\" style='border-radius:0px; '><section class=\"av_textblock_section \"  itemscope=\"itemscope\" itemtype=\"https:\/\/schema.org\/BlogPosting\" itemprop=\"blogPost\" ><div class='avia_textblock  '   itemprop=\"text\" ><p style=\"font-weight: 400; text-align: justify;\"><em>El Ministerio de Seguridad P\u00fablica ser\u00e1 el encargado de colaborar con el Presidente de la Rep\u00fablica en materias relativas al resguardo, mantenci\u00f3n y promoci\u00f3n de la seguridad y orden p\u00fablico, la prevenci\u00f3n del delito y la protecci\u00f3n de las personas en materias de seguridad.<\/em><\/p>\n<p style=\"font-weight: 400; text-align: justify;\">Como un paso fundamental en la estrategia del Gobierno, para contar con un Estado m\u00e1s fuerte, con herramientas s\u00f3lidas y eficaces para combatir el crimen y la violencia, calific\u00f3 el Delegado Presidencial Regional de Ays\u00e9n, Jorge D\u00edaz Guzm\u00e1n, la promulgaci\u00f3n de la ley que crea el Ministerio de Seguridad P\u00fablica.<\/p>\n<p style=\"font-weight: 400; text-align: justify;\">Acompa\u00f1ado por el jefe de la XI Zona de Carabineros, general Eduardo Palma Fuentes, y por el Jefe Regional Subrogante PDI Ays\u00e9n, Subprefecto V\u00edctor Toledo Escalona, el Delegado detall\u00f3 que la instituci\u00f3n estar\u00e1 encargada de colaborar con el Presidente de la Rep\u00fablica en materias relativas al resguardo, mantenci\u00f3n y promoci\u00f3n de la seguridad y orden p\u00fablico, la prevenci\u00f3n del delito y la protecci\u00f3n de las personas en materias de seguridad.<\/p>\n<p style=\"font-weight: 400; text-align: justify;\">\u201cEl nuevo Ministerio de Seguridad P\u00fablica se encargar\u00e1 de formular, dise\u00f1ar y evaluar las pol\u00edticas y estrategias nacionales tendientes a prevenir y combatir el crimen organizado nacional y transnacional, el narcotr\u00e1fico y los actos terroristas. Para lo anterior, la nueva instituci\u00f3n deber\u00e1 coordinar y promover el trabajo conjunto con la Agencia Nacional de Inteligencia, las Fuerzas de Orden y Seguridad P\u00fablica y los dem\u00e1s organismos competentes en la materia. Adem\u00e1s, deber\u00e1 proponer al Presidente de la Rep\u00fablica iniciativas legales, reglamentarias y administrativas en las materias de su competencia, adem\u00e1s de evaluar su aplicaci\u00f3n\u201d, indic\u00f3 Jorge D\u00edaz.<\/p>\n<p style=\"font-weight: 400; text-align: justify;\">El general Eduardo Palma Fuentes destac\u00f3 que la nueva Secretar\u00eda de Estado \u201cdisponga de m\u00e1s herramientas y atribuciones para perseguir y prevenir el delito, con la creaci\u00f3n de un Sistema Nacional de Protecci\u00f3n Ciudadana, consejos nacionales y regionales de Seguridad P\u00fablica y de Prevenci\u00f3n del Delito, un Centro Integrado de Coordinaci\u00f3n Policial, entre otras medidas\u201d.<\/p>\n<p style=\"font-weight: 400; text-align: justify;\">Por su parte, el subprefecto V\u00edctor Toledo se\u00f1al\u00f3 que es importante \u201ccontinuar efectuando investigaciones robustas, entregar antecedentes al Ministerio P\u00fablico que permitan desbaratar bandas y organizaciones criminales que han ingresado a la regi\u00f3n, tal como se ha hecho hasta ahora y en esa l\u00ednea vamos a seguir trabajando\u201d.<\/p>\n<p style=\"font-weight: 400; text-align: justify;\">En ese sentido, reforz\u00f3 que \u201cla creaci\u00f3n de este Ministerio de Seguridad P\u00fablica va a potenciar el trabajo investigativo, porque invita a tener una mayor conexi\u00f3n entre las diferentes instituciones del Estado y, por lo tanto, eso siempre va a favorecer el fin \u00faltimo que es, a trav\u00e9s de procesos investigativos, reducir la criminalidad y por ende transmitir mayor seguridad a los habitantes de la Regi\u00f3n de Ays\u00e9n\u201d. Como detectives, \u201csiempre hay que prospectar escenarios y, en materia investigativa, tenemos que estar atentos a cualquier escenario que se pueda dar\u201d, finaliz\u00f3 el oficial policial.<\/p>\n<p style=\"font-weight: 400; text-align: justify;\"><strong>Estructura del Ministerio de Seguridad P\u00fablica<\/strong><\/p>\n<p style=\"font-weight: 400; text-align: justify;\">El Ministerio de Seguridad P\u00fablica contar\u00e1 con dos subsecretar\u00edas: Subsecretar\u00eda de Seguridad P\u00fablica y Subsecretar\u00eda de Prevenci\u00f3n del Delito.<\/p>\n<p style=\"font-weight: 400; text-align: justify;\">Adem\u00e1s, contar\u00e1 con secretar\u00edas regionales ministeriales (seremis) de Seguridad P\u00fablica, que representar\u00e1n al ministerio en cada regi\u00f3n del pa\u00eds. El o la Seremi de Seguridad, tendr\u00e1 dedicaci\u00f3n exclusiva a las tareas relacionadas a la materia para implementar medidas espec\u00edficas a cada realidad regional. Adem\u00e1s, existir\u00e1n departamentos provinciales de Seguridad P\u00fablica, cuyo territorio podr\u00e1 comprender una o m\u00e1s provincias de la misma regi\u00f3n, de acuerdo a criterios de distancia, conectividad, entre otros.<\/p>\n<\/div><\/section><\/div><div  style='height:50px' class='hr hr-invisible   avia-builder-el-6  el_after_av_one_full  el_before_av_social_share '><span class='hr-inner ' ><span class='hr-inner-style'><\/span><\/span><\/div><\/p>\n<div  class='av-social-sharing-box  avia-builder-el-7  el_after_av_hr  el_before_av_hr  '><div class='av-share-box'><h5 class='av-share-link-description av-no-toc '>Compartir esta noticia<\/h5><ul class='av-share-box-list noLightbox'><li class='av-share-link av-social-link-facebook' ><a target=\"_blank\" aria-label=\"Compartir en Facebook\" href='https:\/\/www.facebook.com\/sharer.php?u=https:\/\/radiorevelacionfm.cl\/?p=50070&#038;t=Delegado%20Regional%20destaca%20creaci%C3%B3n%20del%20Ministerio%20de%20Seguridad%20P%C3%BAblica' aria-hidden='false' data-av_icon='\ue8f3' data-av_iconfont='entypo-fontello' title='' data-avia-related-tooltip='Compartir en Facebook' rel=\"noopener\"><span class='avia_hidden_link_text'>Compartir en Facebook<\/span><\/a><\/li><li class='av-share-link av-social-link-twitter' ><a target=\"_blank\" aria-label=\"Compartir en Twitter\" href='https:\/\/twitter.com\/share?text=Delegado%20Regional%20destaca%20creaci%C3%B3n%20del%20Ministerio%20de%20Seguridad%20P%C3%BAblica&#038;url=https:\/\/radiorevelacionfm.cl\/?p=50070' aria-hidden='false' data-av_icon='\ue8f1' data-av_iconfont='entypo-fontello' title='' data-avia-related-tooltip='Compartir en Twitter' rel=\"noopener\"><span class='avia_hidden_link_text'>Compartir en Twitter<\/span><\/a><\/li><li class='av-share-link av-social-link-whatsapp' ><a target=\"_blank\" aria-label=\"Compartir en Whatsapp\" href='https:\/\/api.whatsapp.com\/send?text=https:\/\/radiorevelacionfm.cl\/?p=50070' aria-hidden='false' data-av_icon='\uf232' data-av_iconfont='entypo-fontello' title='' data-avia-related-tooltip='Compartir en Whatsapp' rel=\"noopener\"><span class='avia_hidden_link_text'>Compartir en Whatsapp<\/span><\/a><\/li><li class='av-share-link av-social-link-linkedin' ><a target=\"_blank\" aria-label=\"Compartir en LinkedIn\" href='https:\/\/linkedin.com\/shareArticle?mini=true&#038;title=Delegado%20Regional%20destaca%20creaci%C3%B3n%20del%20Ministerio%20de%20Seguridad%20P%C3%BAblica&#038;url=https:\/\/radiorevelacionfm.cl\/?p=50070' aria-hidden='false' data-av_icon='\ue8fc' data-av_iconfont='entypo-fontello' title='' data-avia-related-tooltip='Compartir en LinkedIn' rel=\"noopener\"><span class='avia_hidden_link_text'>Compartir en LinkedIn<\/span><\/a><\/li><li class='av-share-link av-social-link-mail' ><a  aria-label=\"Compartir por correo\" href='mailto:?subject=Delegado%20Regional%20destaca%20creaci%C3%B3n%20del%20Ministerio%20de%20Seguridad%20P%C3%BAblica&#038;body=https:\/\/radiorevelacionfm.cl\/?p=50070' aria-hidden='false' data-av_icon='\ue805' data-av_iconfont='entypo-fontello' title='' data-avia-related-tooltip='Compartir por correo'><span class='avia_hidden_link_text'>Compartir por correo<\/span><\/a><\/li><\/ul><\/div><\/div>\n<div  style='height:50px' class='hr hr-invisible   avia-builder-el-8  el_after_av_social_share  el_before_av_comments_list '><span class='hr-inner ' ><span class='hr-inner-style'><\/span><\/span><\/div>\n<div  class='av-buildercomment  av-blog-meta-html-info-disabled av-blog-meta-tag-disabled  '><\/div>\n","protected":false},"excerpt":{"rendered":"","protected":false},"author":1,"featured_media":50071,"comment_status":"open","ping_status":"open","sticky":false,"template":"","format":"standard","meta":{"footnotes":""},"categories":[38],"tags":[],"class_list":["post-50070","post","type-post","status-publish","format-standard","has-post-thumbnail","hentry","category-regional"],"jetpack_featured_media_url":"https:\/\/radiorevelacionfm.cl\/wp-content\/uploads\/2025\/01\/img_20250127_114436-1_optimized-1.jpg","_links":{"self":[{"href":"https:\/\/radiorevelacionfm.cl\/index.php?rest_route=\/wp\/v2\/posts\/50070","targetHints":{"allow":["GET"]}}],"collection":[{"href":"https:\/\/radiorevelacionfm.cl\/index.php?rest_route=\/wp\/v2\/posts"}],"about":[{"href":"https:\/\/radiorevelacionfm.cl\/index.php?rest_route=\/wp\/v2\/types\/post"}],"author":[{"embeddable":true,"href":"https:\/\/radiorevelacionfm.cl\/index.php?rest_route=\/wp\/v2\/users\/1"}],"replies":[{"embeddable":true,"href":"https:\/\/radiorevelacionfm.cl\/index.php?rest_route=%2Fwp%2Fv2%2Fcomments&post=50070"}],"version-history":[{"count":1,"href":"https:\/\/radiorevelacionfm.cl\/index.php?rest_route=\/wp\/v2\/posts\/50070\/revisions"}],"predecessor-version":[{"id":50072,"href":"https:\/\/radiorevelacionfm.cl\/index.php?rest_route=\/wp\/v2\/posts\/50070\/revisions\/50072"}],"wp:featuredmedia":[{"embeddable":true,"href":"https:\/\/radiorevelacionfm.cl\/index.php?rest_route=\/wp\/v2\/media\/50071"}],"wp:attachment":[{"href":"https:\/\/radiorevelacionfm.cl\/index.php?rest_route=%2Fwp%2Fv2%2Fmedia&parent=50070"}],"wp:term":[{"taxonomy":"category","embeddable":true,"href":"https:\/\/radiorevelacionfm.cl\/index.php?rest_route=%2Fwp%2Fv2%2Fcategories&post=50070"},{"taxonomy":"post_tag","embeddable":true,"href":"https:\/\/radiorevelacionfm.cl\/index.php?rest_route=%2Fwp%2Fv2%2Ftags&post=50070"}],"curies":[{"name":"wp","href":"https:\/\/api.w.org\/{rel}","templated":true}]}}