{"id":50067,"date":"2025-01-27T21:31:18","date_gmt":"2025-01-28T00:31:18","guid":{"rendered":"https:\/\/radiorevelacionfm.cl\/?p=50067"},"modified":"2025-01-27T21:31:18","modified_gmt":"2025-01-28T00:31:18","slug":"con-jornada-al-aire-libre-celebran-dia-de-la-educacion-ambiental-en-reserva-nacional-coyhaique","status":"publish","type":"post","link":"https:\/\/radiorevelacionfm.cl\/?p=50067","title":{"rendered":"Con jornada al aire libre celebran D\u00eda de la Educaci\u00f3n Ambiental en Reserva Nacional Coyhaique"},"content":{"rendered":"<div class=\"flex_column av_one_full  flex_column_div av-zero-column-padding first  avia-builder-el-0  el_before_av_one_full  avia-builder-el-first  \" style='border-radius:0px; '><div  class='avia-image-container  av-styling-    avia-builder-el-1  avia-builder-el-no-sibling  avia-align-center '  itemprop=\"image\" itemscope=\"itemscope\" itemtype=\"https:\/\/schema.org\/ImageObject\"  ><div class='avia-image-container-inner'><div class='avia-image-overlay-wrap'><img decoding=\"async\" class='wp-image-50080 avia-img-lazy-loading-not-50080 avia_image' src=\"https:\/\/radiorevelacionfm.cl\/wp-content\/uploads\/2025\/01\/reserva-coyhaique1-1_optimized-1.jpg\" alt='' title='reserva-coyhaique1-(1)_optimized (1)' height=\"600\" width=\"830\"  itemprop=\"thumbnailUrl\" srcset=\"https:\/\/radiorevelacionfm.cl\/wp-content\/uploads\/2025\/01\/reserva-coyhaique1-1_optimized-1.jpg 830w, https:\/\/radiorevelacionfm.cl\/wp-content\/uploads\/2025\/01\/reserva-coyhaique1-1_optimized-1-300x217.jpg 300w, https:\/\/radiorevelacionfm.cl\/wp-content\/uploads\/2025\/01\/reserva-coyhaique1-1_optimized-1-768x555.jpg 768w, https:\/\/radiorevelacionfm.cl\/wp-content\/uploads\/2025\/01\/reserva-coyhaique1-1_optimized-1-705x510.jpg 705w, https:\/\/radiorevelacionfm.cl\/wp-content\/uploads\/2025\/01\/reserva-coyhaique1-1_optimized-1-450x325.jpg 450w, https:\/\/radiorevelacionfm.cl\/wp-content\/uploads\/2025\/01\/reserva-coyhaique1-1_optimized-1-600x434.jpg 600w\" sizes=\"(max-width: 830px) 100vw, 830px\" \/><\/div><\/div><\/div><\/div><div class=\"flex_column av_one_full  flex_column_div av-zero-column-padding first  avia-builder-el-2  el_after_av_one_full  el_before_av_one_full  column-top-margin\" style='border-radius:0px; '><section class=\"av_textblock_section \"  itemscope=\"itemscope\" itemtype=\"https:\/\/schema.org\/BlogPosting\" itemprop=\"blogPost\" ><div class='avia_textblock  '   itemprop=\"text\" ><p style=\"text-align: center;\"><span style=\"font-size: 18pt;\"><strong>Con jornada al aire libre celebran D\u00eda de la Educaci\u00f3n Ambiental en Reserva Nacional Coyhaique<\/strong><\/span><\/p>\n<div id=\"gtx-trans\" style=\"position: absolute; left: -50px; top: 4.31534px;\">\n<div class=\"gtx-trans-icon\"><\/div>\n<\/div>\n<\/div><\/section><\/div><\/p>\n<div class=\"flex_column av_one_full  flex_column_div av-zero-column-padding first  avia-builder-el-4  el_after_av_one_full  el_before_av_hr  column-top-margin\" style='border-radius:0px; '><section class=\"av_textblock_section \"  itemscope=\"itemscope\" itemtype=\"https:\/\/schema.org\/BlogPosting\" itemprop=\"blogPost\" ><div class='avia_textblock  '   itemprop=\"text\" ><p style=\"text-align: justify;\">Desde hace 50 a\u00f1os que cada 26 de enero se celebra el d\u00eda de la educaci\u00f3n Ambiental, desde que en que la Conferencia de las Naciones Unidas se expuso la necesidad de contar con criterios y principios comunes para ofrecer a los pueblos del mundo orientaci\u00f3n e inspiraci\u00f3n para preservar y mejorar el medio ambiente.<\/p>\n<p style=\"text-align: justify;\">Para conmemorar este d\u00eda, la Seremi del Medio Ambiente, junto al Municipio de Coyhaique, Seremi del Agricultura &#8211; Conaf, organizaron una jornada educativa en el sendero interpretativo y sonoro de Laguna Verde en la Reserva nacional Coyhaique.<\/p>\n<p style=\"text-align: justify;\">El Seremi del Medio Ambiente, Yoal D\u00edaz destac\u00f3 que como Ministerio desarrollan diversos programas que tienen a la educaci\u00f3n ambiental como cimiento, tal es el caso del\u00a0 Sistema de Certificaci\u00f3n Ambiental de Establecimientos Educacionales SNCAE, el sistema de Certificaci\u00f3n Ambiental Municipal SCAM y\u00a0 El Fondo de Protecci\u00f3n Ambiental \u201cestamos celebrando el d\u00eda de la educaci\u00f3n ambiental en este hermoso entorno, un espacio que invita a conocerlo y a disfrutar el nuevo sendero sonoro que estamos viviendo; y desde esta experiencia quiero tambi\u00e9n reconocer y agradecer a los siete proyectos regionales que fueron seleccionados por nuestro Fondo de Protecci\u00f3n Ambiental, que busca que las comunidades puedan hacer acci\u00f3n ambiental en su territorio, as\u00ed que sigamos trabajando en conjunto por m\u00e1s y mejor educaci\u00f3n ambiental\u201d, agreg\u00f3 la autoridad ambiental.<\/p>\n<p style=\"text-align: justify;\">La actividad convoc\u00f3 a la Agrupaci\u00f3n Destellos de Energ\u00eda Coyhaique ADEC, y colaboradoras del CECOSF Dr. Alejandro Guti\u00e9rrez, quienes realizaron el recorrido, participaron de actividades educativas y de una charla sobre prevenci\u00f3n de incendios forestales. Durante la visita, la presidenta de ADEC, Sandra Candia, explic\u00f3 \u201cestamos para buscar estas instancias, porque nosotras estamos preocupadas de la salud y bienestar mental de la poblaci\u00f3n, sobre todo juvenil y adultos mayores (\u2026) somos un voluntariado que busca instancias como esta y se agradece que el ministerio del Medio Ambiente nos haya escuchado e invitado participar de esta jornada en la naturaleza, que es ideal y aprender a cuidar nuestro medio ambiente\u201d.<\/p>\n<p style=\"text-align: justify;\">La educaci\u00f3n ambiental es un proceso permanente que compromete a toda la comunidad, para conocer, valorar y aprender a convivir de manera respetuosa y solidaria con los distintos ecosistemas en que estamos insertos.<\/p>\n<p style=\"text-align: justify;\">Por su parte el Seremi de Agricultura, Eugenio Ruiz, record\u00f3 a la comunidad que \u201cla educaci\u00f3n ambiental es lo que hace que el ser humano sea m\u00e1s humano, es sincronizarse, es saber que yo formo parte de la naturaleza y me hace retomar aquellos saberes que nos llevan a ser m\u00e1s amigables con nuestro entorno (..) les invitamos a participar de este ba\u00f1o de naturaleza, ba\u00f1o de bosque\u201d, mientras que el alcalde de Coyhaique Carlos Gatica agradeci\u00f3 el trabajo colaborativo para llevar a cabo la actividad destacando que\u00a0 \u201cesta conexi\u00f3n con la naturaleza nos va a ayudar a poder generar un futuro m\u00e1s prominente y por supuesto m\u00e1s sostenible y sustentable para todos y todas.\u201d, concluy\u00f3.<\/p>\n<p style=\"text-align: justify;\">Esta conmemoraci\u00f3n nos recuerda la importancia de proteger los ecosistemas, pero tambi\u00e9n nos invita a reflexionar sobre nuestro rol como ciudadanos en la construcci\u00f3n de un futuro sostenible.<\/p>\n<\/div><\/section><\/div>\n<div  style='height:50px' class='hr hr-invisible   avia-builder-el-6  el_after_av_one_full  el_before_av_social_share '><span class='hr-inner ' ><span class='hr-inner-style'><\/span><\/span><\/div>\n<div  class='av-social-sharing-box  avia-builder-el-7  el_after_av_hr  el_before_av_hr  '><div class='av-share-box'><h5 class='av-share-link-description av-no-toc '>Compartir esta noticia<\/h5><ul class='av-share-box-list noLightbox'><li class='av-share-link av-social-link-facebook' ><a target=\"_blank\" aria-label=\"Compartir en Facebook\" href='https:\/\/www.facebook.com\/sharer.php?u=https:\/\/radiorevelacionfm.cl\/?p=50067&#038;t=Con%20jornada%20al%20aire%20libre%20celebran%20D%C3%ADa%20de%20la%20Educaci%C3%B3n%20Ambiental%20en%20Reserva%20Nacional%20Coyhaique' aria-hidden='false' data-av_icon='\ue8f3' data-av_iconfont='entypo-fontello' title='' data-avia-related-tooltip='Compartir en Facebook' rel=\"noopener\"><span class='avia_hidden_link_text'>Compartir en Facebook<\/span><\/a><\/li><li class='av-share-link av-social-link-twitter' ><a target=\"_blank\" aria-label=\"Compartir en Twitter\" href='https:\/\/twitter.com\/share?text=Con%20jornada%20al%20aire%20libre%20celebran%20D%C3%ADa%20de%20la%20Educaci%C3%B3n%20Ambiental%20en%20Reserva%20Nacional%20Coyhaique&#038;url=https:\/\/radiorevelacionfm.cl\/?p=50067' aria-hidden='false' data-av_icon='\ue8f1' data-av_iconfont='entypo-fontello' title='' data-avia-related-tooltip='Compartir en Twitter' rel=\"noopener\"><span class='avia_hidden_link_text'>Compartir en Twitter<\/span><\/a><\/li><li class='av-share-link av-social-link-whatsapp' ><a target=\"_blank\" aria-label=\"Compartir en Whatsapp\" href='https:\/\/api.whatsapp.com\/send?text=https:\/\/radiorevelacionfm.cl\/?p=50067' aria-hidden='false' data-av_icon='\uf232' data-av_iconfont='entypo-fontello' title='' data-avia-related-tooltip='Compartir en Whatsapp' rel=\"noopener\"><span class='avia_hidden_link_text'>Compartir en Whatsapp<\/span><\/a><\/li><li class='av-share-link av-social-link-linkedin' ><a target=\"_blank\" aria-label=\"Compartir en LinkedIn\" href='https:\/\/linkedin.com\/shareArticle?mini=true&#038;title=Con%20jornada%20al%20aire%20libre%20celebran%20D%C3%ADa%20de%20la%20Educaci%C3%B3n%20Ambiental%20en%20Reserva%20Nacional%20Coyhaique&#038;url=https:\/\/radiorevelacionfm.cl\/?p=50067' aria-hidden='false' data-av_icon='\ue8fc' data-av_iconfont='entypo-fontello' title='' data-avia-related-tooltip='Compartir en LinkedIn' rel=\"noopener\"><span class='avia_hidden_link_text'>Compartir en LinkedIn<\/span><\/a><\/li><li class='av-share-link av-social-link-mail' ><a  aria-label=\"Compartir por correo\" href='mailto:?subject=Con%20jornada%20al%20aire%20libre%20celebran%20D%C3%ADa%20de%20la%20Educaci%C3%B3n%20Ambiental%20en%20Reserva%20Nacional%20Coyhaique&#038;body=https:\/\/radiorevelacionfm.cl\/?p=50067' aria-hidden='false' data-av_icon='\ue805' data-av_iconfont='entypo-fontello' title='' data-avia-related-tooltip='Compartir por correo'><span class='avia_hidden_link_text'>Compartir por correo<\/span><\/a><\/li><\/ul><\/div><\/div>\n<div  style='height:50px' class='hr hr-invisible   avia-builder-el-8  el_after_av_social_share  el_before_av_comments_list '><span class='hr-inner ' ><span class='hr-inner-style'><\/span><\/span><\/div>\n<div  class='av-buildercomment  av-blog-meta-html-info-disabled av-blog-meta-tag-disabled  '><\/div>\n","protected":false},"excerpt":{"rendered":"","protected":false},"author":1,"featured_media":50080,"comment_status":"open","ping_status":"open","sticky":false,"template":"","format":"standard","meta":{"footnotes":""},"categories":[39],"tags":[],"class_list":["post-50067","post","type-post","status-publish","format-standard","has-post-thumbnail","hentry","category-medio-ambiente"],"jetpack_featured_media_url":"https:\/\/radiorevelacionfm.cl\/wp-content\/uploads\/2025\/01\/reserva-coyhaique1-1_optimized-1.jpg","_links":{"self":[{"href":"https:\/\/radiorevelacionfm.cl\/index.php?rest_route=\/wp\/v2\/posts\/50067","targetHints":{"allow":["GET"]}}],"collection":[{"href":"https:\/\/radiorevelacionfm.cl\/index.php?rest_route=\/wp\/v2\/posts"}],"about":[{"href":"https:\/\/radiorevelacionfm.cl\/index.php?rest_route=\/wp\/v2\/types\/post"}],"author":[{"embeddable":true,"href":"https:\/\/radiorevelacionfm.cl\/index.php?rest_route=\/wp\/v2\/users\/1"}],"replies":[{"embeddable":true,"href":"https:\/\/radiorevelacionfm.cl\/index.php?rest_route=%2Fwp%2Fv2%2Fcomments&post=50067"}],"version-history":[{"count":2,"href":"https:\/\/radiorevelacionfm.cl\/index.php?rest_route=\/wp\/v2\/posts\/50067\/revisions"}],"predecessor-version":[{"id":50081,"href":"https:\/\/radiorevelacionfm.cl\/index.php?rest_route=\/wp\/v2\/posts\/50067\/revisions\/50081"}],"wp:featuredmedia":[{"embeddable":true,"href":"https:\/\/radiorevelacionfm.cl\/index.php?rest_route=\/wp\/v2\/media\/50080"}],"wp:attachment":[{"href":"https:\/\/radiorevelacionfm.cl\/index.php?rest_route=%2Fwp%2Fv2%2Fmedia&parent=50067"}],"wp:term":[{"taxonomy":"category","embeddable":true,"href":"https:\/\/radiorevelacionfm.cl\/index.php?rest_route=%2Fwp%2Fv2%2Fcategories&post=50067"},{"taxonomy":"post_tag","embeddable":true,"href":"https:\/\/radiorevelacionfm.cl\/index.php?rest_route=%2Fwp%2Fv2%2Ftags&post=50067"}],"curies":[{"name":"wp","href":"https:\/\/api.w.org\/{rel}","templated":true}]}}