{"id":50065,"date":"2025-01-27T17:53:20","date_gmt":"2025-01-27T20:53:20","guid":{"rendered":"https:\/\/radiorevelacionfm.cl\/?p=50065"},"modified":"2025-01-27T17:53:20","modified_gmt":"2025-01-27T20:53:20","slug":"realizaran-trabajos-de-ampliacion-y-mejoramiento-de-redes-electricas-en-la-junta","status":"publish","type":"post","link":"https:\/\/radiorevelacionfm.cl\/?p=50065","title":{"rendered":"Realizar\u00e1n trabajos de ampliaci\u00f3n y mejoramiento de redes el\u00e9ctricas en La Junta"},"content":{"rendered":"<div class=\"flex_column av_one_full  flex_column_div av-zero-column-padding first  avia-builder-el-0  el_before_av_one_full  avia-builder-el-first  \" style='border-radius:0px; '><div  class='avia-image-container  av-styling-    avia-builder-el-1  avia-builder-el-no-sibling  avia-align-center '  itemprop=\"image\" itemscope=\"itemscope\" itemtype=\"https:\/\/schema.org\/ImageObject\"  ><div class='avia-image-container-inner'><div class='avia-image-overlay-wrap'><img decoding=\"async\" class='wp-image-49538 avia-img-lazy-loading-not-49538 avia_image' src=\"https:\/\/radiorevelacionfm.cl\/wp-content\/uploads\/2025\/01\/edelaysen-01-1_optimized-1.jpg\" alt='' title='edelaysen-01-(1)_optimized (1)' height=\"600\" width=\"940\"  itemprop=\"thumbnailUrl\" srcset=\"https:\/\/radiorevelacionfm.cl\/wp-content\/uploads\/2025\/01\/edelaysen-01-1_optimized-1.jpg 940w, https:\/\/radiorevelacionfm.cl\/wp-content\/uploads\/2025\/01\/edelaysen-01-1_optimized-1-300x191.jpg 300w, https:\/\/radiorevelacionfm.cl\/wp-content\/uploads\/2025\/01\/edelaysen-01-1_optimized-1-768x490.jpg 768w, https:\/\/radiorevelacionfm.cl\/wp-content\/uploads\/2025\/01\/edelaysen-01-1_optimized-1-705x450.jpg 705w, https:\/\/radiorevelacionfm.cl\/wp-content\/uploads\/2025\/01\/edelaysen-01-1_optimized-1-450x287.jpg 450w, https:\/\/radiorevelacionfm.cl\/wp-content\/uploads\/2025\/01\/edelaysen-01-1_optimized-1-600x383.jpg 600w\" sizes=\"(max-width: 940px) 100vw, 940px\" \/><\/div><\/div><\/div><\/div><div class=\"flex_column av_one_full  flex_column_div av-zero-column-padding first  avia-builder-el-2  el_after_av_one_full  el_before_av_one_full  column-top-margin\" style='border-radius:0px; '><section class=\"av_textblock_section \"  itemscope=\"itemscope\" itemtype=\"https:\/\/schema.org\/BlogPosting\" itemprop=\"blogPost\" ><div class='avia_textblock  '   itemprop=\"text\" ><p style=\"text-align: center;\"><strong><span style=\"font-size: 18pt;\">Realizar\u00e1n trabajos de ampliaci\u00f3n y mejoramiento de redes el\u00e9ctricas en La Junta<\/span><\/strong><\/p>\n<div id=\"gtx-trans\" style=\"position: absolute; left: -50px; top: 4.31534px;\">\n<div class=\"gtx-trans-icon\"><\/div>\n<\/div>\n<\/div><\/section><\/div><div class=\"flex_column av_one_full  flex_column_div av-zero-column-padding first  avia-builder-el-4  el_after_av_one_full  el_before_av_hr  column-top-margin\" style='border-radius:0px; '><section class=\"av_textblock_section \"  itemscope=\"itemscope\" itemtype=\"https:\/\/schema.org\/BlogPosting\" itemprop=\"blogPost\" ><div class='avia_textblock  '   itemprop=\"text\" ><p style=\"text-align: justify;\"><em>Este mi\u00e9rcoles 29 de enero, entre las 10:00 horas y las 16:00 horas, Edelaysen llevar\u00e1 a cabo importantes obras para fortalecer y ampliar el servicio el\u00e9ctrico en la localidad de La Junta en la comuna de Cisnes. <\/em><\/p>\n<p style=\"text-align: justify;\">La el\u00e9ctrica, en su compromiso por entregar un suministro el\u00e9ctrico m\u00e1s confiable y robusto, desarrollar\u00e1 trabajos de ampliaci\u00f3n y mejoramiento de sus redes en La Junta. Estas labores buscan optimizar la calidad del servicio, beneficiando directamente a las familias y emprendimientos de la localidad.<\/p>\n<p style=\"text-align: justify;\">De esta manera, desde Edelaysen informaron que los trabajos contemplan intervenciones en diferentes puntos estrat\u00e9gicos de la red, que permitir\u00e1n mejorar la distribuci\u00f3n de energ\u00eda, preparar la infraestructura para futuras demandas y asegurar la continuidad del servicio en condiciones clim\u00e1ticas adversas.<\/p>\n<p style=\"text-align: justify;\">Atilano Jaramillo, jefe de zona destac\u00f3 la importancia de estas obras agregando que \u201cSabemos que el suministro el\u00e9ctrico es fundamental para el bienestar de nuestros vecinos y el desarrollo de la localidad. Por ello, seguimos trabajando d\u00eda a d\u00eda para modernizar nuestras redes y adaptarlas a las necesidades que tienen los habitantes de La Junta\u201d.<\/p>\n<p style=\"text-align: justify;\">Edelaysen agradece la compresi\u00f3n de sus clientes por los posibles inconvenientes durante el desarrollo de estas labores. Para consultas, requerimientos o mayor informaci\u00f3n, la el\u00e9ctrica da a conocer su l\u00ednea gratuita 800 600 803, visitar el sitio web <a href=\"http:\/\/www.edelaysen.cl\">www.edelaysen.cl<\/a> o acceder a los servicios disponibles en la App Edelaysen.<\/p>\n<p style=\"text-align: justify;\"><strong>\u00a0<\/strong><\/p>\n<\/div><\/section><\/div><div  style='height:50px' class='hr hr-invisible   avia-builder-el-6  el_after_av_one_full  el_before_av_social_share '><span class='hr-inner ' ><span class='hr-inner-style'><\/span><\/span><\/div><\/p>\n<div  class='av-social-sharing-box  avia-builder-el-7  el_after_av_hr  el_before_av_hr  '><div class='av-share-box'><h5 class='av-share-link-description av-no-toc '>Compartir esta noticia<\/h5><ul class='av-share-box-list noLightbox'><li class='av-share-link av-social-link-facebook' ><a target=\"_blank\" aria-label=\"Compartir en Facebook\" href='https:\/\/www.facebook.com\/sharer.php?u=https:\/\/radiorevelacionfm.cl\/?p=50065&#038;t=Realizar%C3%A1n%20trabajos%20de%20ampliaci%C3%B3n%20y%20mejoramiento%20de%20redes%20el%C3%A9ctricas%20en%20La%20Junta' aria-hidden='false' data-av_icon='\ue8f3' data-av_iconfont='entypo-fontello' title='' data-avia-related-tooltip='Compartir en Facebook' rel=\"noopener\"><span class='avia_hidden_link_text'>Compartir en Facebook<\/span><\/a><\/li><li class='av-share-link av-social-link-twitter' ><a target=\"_blank\" aria-label=\"Compartir en Twitter\" href='https:\/\/twitter.com\/share?text=Realizar%C3%A1n%20trabajos%20de%20ampliaci%C3%B3n%20y%20mejoramiento%20de%20redes%20el%C3%A9ctricas%20en%20La%20Junta&#038;url=https:\/\/radiorevelacionfm.cl\/?p=50065' aria-hidden='false' data-av_icon='\ue8f1' data-av_iconfont='entypo-fontello' title='' data-avia-related-tooltip='Compartir en Twitter' rel=\"noopener\"><span class='avia_hidden_link_text'>Compartir en Twitter<\/span><\/a><\/li><li class='av-share-link av-social-link-whatsapp' ><a target=\"_blank\" aria-label=\"Compartir en Whatsapp\" href='https:\/\/api.whatsapp.com\/send?text=https:\/\/radiorevelacionfm.cl\/?p=50065' aria-hidden='false' data-av_icon='\uf232' data-av_iconfont='entypo-fontello' title='' data-avia-related-tooltip='Compartir en Whatsapp' rel=\"noopener\"><span class='avia_hidden_link_text'>Compartir en Whatsapp<\/span><\/a><\/li><li class='av-share-link av-social-link-linkedin' ><a target=\"_blank\" aria-label=\"Compartir en LinkedIn\" href='https:\/\/linkedin.com\/shareArticle?mini=true&#038;title=Realizar%C3%A1n%20trabajos%20de%20ampliaci%C3%B3n%20y%20mejoramiento%20de%20redes%20el%C3%A9ctricas%20en%20La%20Junta&#038;url=https:\/\/radiorevelacionfm.cl\/?p=50065' aria-hidden='false' data-av_icon='\ue8fc' data-av_iconfont='entypo-fontello' title='' data-avia-related-tooltip='Compartir en LinkedIn' rel=\"noopener\"><span class='avia_hidden_link_text'>Compartir en LinkedIn<\/span><\/a><\/li><li class='av-share-link av-social-link-mail' ><a  aria-label=\"Compartir por correo\" href='mailto:?subject=Realizar%C3%A1n%20trabajos%20de%20ampliaci%C3%B3n%20y%20mejoramiento%20de%20redes%20el%C3%A9ctricas%20en%20La%20Junta&#038;body=https:\/\/radiorevelacionfm.cl\/?p=50065' aria-hidden='false' data-av_icon='\ue805' data-av_iconfont='entypo-fontello' title='' data-avia-related-tooltip='Compartir por correo'><span class='avia_hidden_link_text'>Compartir por correo<\/span><\/a><\/li><\/ul><\/div><\/div>\n<div  style='height:50px' class='hr hr-invisible   avia-builder-el-8  el_after_av_social_share  el_before_av_comments_list '><span class='hr-inner ' ><span class='hr-inner-style'><\/span><\/span><\/div>\n<div  class='av-buildercomment  av-blog-meta-html-info-disabled av-blog-meta-tag-disabled  '><\/div>\n","protected":false},"excerpt":{"rendered":"","protected":false},"author":1,"featured_media":49538,"comment_status":"open","ping_status":"open","sticky":false,"template":"","format":"standard","meta":{"footnotes":""},"categories":[38],"tags":[],"class_list":["post-50065","post","type-post","status-publish","format-standard","has-post-thumbnail","hentry","category-regional"],"jetpack_featured_media_url":"https:\/\/radiorevelacionfm.cl\/wp-content\/uploads\/2025\/01\/edelaysen-01-1_optimized-1.jpg","_links":{"self":[{"href":"https:\/\/radiorevelacionfm.cl\/index.php?rest_route=\/wp\/v2\/posts\/50065","targetHints":{"allow":["GET"]}}],"collection":[{"href":"https:\/\/radiorevelacionfm.cl\/index.php?rest_route=\/wp\/v2\/posts"}],"about":[{"href":"https:\/\/radiorevelacionfm.cl\/index.php?rest_route=\/wp\/v2\/types\/post"}],"author":[{"embeddable":true,"href":"https:\/\/radiorevelacionfm.cl\/index.php?rest_route=\/wp\/v2\/users\/1"}],"replies":[{"embeddable":true,"href":"https:\/\/radiorevelacionfm.cl\/index.php?rest_route=%2Fwp%2Fv2%2Fcomments&post=50065"}],"version-history":[{"count":1,"href":"https:\/\/radiorevelacionfm.cl\/index.php?rest_route=\/wp\/v2\/posts\/50065\/revisions"}],"predecessor-version":[{"id":50066,"href":"https:\/\/radiorevelacionfm.cl\/index.php?rest_route=\/wp\/v2\/posts\/50065\/revisions\/50066"}],"wp:featuredmedia":[{"embeddable":true,"href":"https:\/\/radiorevelacionfm.cl\/index.php?rest_route=\/wp\/v2\/media\/49538"}],"wp:attachment":[{"href":"https:\/\/radiorevelacionfm.cl\/index.php?rest_route=%2Fwp%2Fv2%2Fmedia&parent=50065"}],"wp:term":[{"taxonomy":"category","embeddable":true,"href":"https:\/\/radiorevelacionfm.cl\/index.php?rest_route=%2Fwp%2Fv2%2Fcategories&post=50065"},{"taxonomy":"post_tag","embeddable":true,"href":"https:\/\/radiorevelacionfm.cl\/index.php?rest_route=%2Fwp%2Fv2%2Ftags&post=50065"}],"curies":[{"name":"wp","href":"https:\/\/api.w.org\/{rel}","templated":true}]}}