{"id":50062,"date":"2025-01-27T18:36:17","date_gmt":"2025-01-27T21:36:17","guid":{"rendered":"https:\/\/radiorevelacionfm.cl\/?p=50062"},"modified":"2025-01-27T18:36:17","modified_gmt":"2025-01-27T21:36:17","slug":"ni-la-lluvia-ni-el-frio-empanaron-la-exitosa-presentacion-de-glup-y-lucybell-en-puerto-aysen","status":"publish","type":"post","link":"https:\/\/radiorevelacionfm.cl\/?p=50062","title":{"rendered":"Ni la lluvia ni el fr\u00edo empa\u00f1aron la exitosa presentaci\u00f3n de Glup y Lucybell en Puerto Ays\u00e9n"},"content":{"rendered":"<div class=\"flex_column av_one_full  flex_column_div av-zero-column-padding first  avia-builder-el-0  el_before_av_one_full  avia-builder-el-first  \" style='border-radius:0px; '><div  class='avia-image-container  av-styling-    avia-builder-el-1  avia-builder-el-no-sibling  avia-align-center '  itemprop=\"image\" itemscope=\"itemscope\" itemtype=\"https:\/\/schema.org\/ImageObject\"  ><div class='avia-image-container-inner'><div class='avia-image-overlay-wrap'><img decoding=\"async\" class='wp-image-50063 avia-img-lazy-loading-not-50063 avia_image' src=\"https:\/\/radiorevelacionfm.cl\/wp-content\/uploads\/2025\/01\/FB_IMG_1738009309133-1-1.jpg\" alt='' title='FB_IMG_1738009309133 (1) (1)' height=\"600\" width=\"1065\"  itemprop=\"thumbnailUrl\" srcset=\"https:\/\/radiorevelacionfm.cl\/wp-content\/uploads\/2025\/01\/FB_IMG_1738009309133-1-1.jpg 1065w, https:\/\/radiorevelacionfm.cl\/wp-content\/uploads\/2025\/01\/FB_IMG_1738009309133-1-1-300x169.jpg 300w, https:\/\/radiorevelacionfm.cl\/wp-content\/uploads\/2025\/01\/FB_IMG_1738009309133-1-1-1030x580.jpg 1030w, https:\/\/radiorevelacionfm.cl\/wp-content\/uploads\/2025\/01\/FB_IMG_1738009309133-1-1-768x433.jpg 768w, https:\/\/radiorevelacionfm.cl\/wp-content\/uploads\/2025\/01\/FB_IMG_1738009309133-1-1-705x397.jpg 705w, https:\/\/radiorevelacionfm.cl\/wp-content\/uploads\/2025\/01\/FB_IMG_1738009309133-1-1-450x254.jpg 450w, https:\/\/radiorevelacionfm.cl\/wp-content\/uploads\/2025\/01\/FB_IMG_1738009309133-1-1-600x338.jpg 600w\" sizes=\"(max-width: 1065px) 100vw, 1065px\" \/><\/div><\/div><\/div><\/div><div class=\"flex_column av_one_full  flex_column_div av-zero-column-padding first  avia-builder-el-2  el_after_av_one_full  el_before_av_one_full  column-top-margin\" style='border-radius:0px; '><section class=\"av_textblock_section \"  itemscope=\"itemscope\" itemtype=\"https:\/\/schema.org\/BlogPosting\" itemprop=\"blogPost\" ><div class='avia_textblock  '   itemprop=\"text\" ><p style=\"text-align: center;\"><span style=\"font-size: 18pt;\"><strong>Ni la lluvia ni el fr\u00edo empa\u00f1aron la exitosa presentaci\u00f3n de Glup y Lucybell en Puerto Ays\u00e9n<\/strong><\/span><\/p>\n<div id=\"gtx-trans\" style=\"position: absolute; left: -50px; top: 4.31534px;\">\n<div class=\"gtx-trans-icon\"><\/div>\n<\/div>\n<\/div><\/section><\/div><div class=\"flex_column av_one_full  flex_column_div av-zero-column-padding first  avia-builder-el-4  el_after_av_one_full  el_before_av_hr  column-top-margin\" style='border-radius:0px; '><section class=\"av_textblock_section \"  itemscope=\"itemscope\" itemtype=\"https:\/\/schema.org\/BlogPosting\" itemprop=\"blogPost\" ><div class='avia_textblock  '   itemprop=\"text\" ><p style=\"text-align: justify;\"><em>Miles de personas arribaron hasta el sector Parque Municipal para disfrutar de los conciertos de las bandas nacionales, enmarcado en el cumplea\u00f1os de la capital comunal.<\/em><\/p>\n<p style=\"text-align: justify;\">Pese a la intensa lluvia y viento que marcaron este domingo 26 de enero, pasadas las 22.00 horas inici\u00f3 la denominada \u201cNoche de Rock Nacional\u201d, en el marco del 97 aniversario de Puerto Ays\u00e9n, que tuvo lugar en el escenario principal de sector Parque Municipal.<\/p>\n<p style=\"text-align: justify;\">Los encargados de abrir los fuegos, fueron los exponentes de \u201cGlup\u201d, una banda de tres hermanos, oriundos de Osorno y que ya durante los noventa y dos mil se transformaron en un \u00edcono dentro del rock-pop.<\/p>\n<p style=\"text-align: justify;\">\u201cMi destino\u201d, \u201cFreebola\u201d y \u201cEnamorado de t\u00ed\u201d fueron algunos de los grandes hits que la agrupaci\u00f3n, liderada por su vocalista, Koko Stambuk, interpretaron y que los asistentes corearon a todo pulm\u00f3n. Ni la lluvia, ni el viento que a esa hora no dio tregua, fueron impedimento para la puesta en escena de este espect\u00e1culo de una hora de duraci\u00f3n. Donde Stambuk baj\u00f3 hasta el p\u00fablico, conect\u00e1ndose con cada uno de las y los presentes, para finalizar su show con la canci\u00f3n que, sin duda, es la m\u00e1s coreada de su repertorio: \u201cGrado 3\u201d.<\/p>\n<p style=\"text-align: justify;\">\u201cEstuvo muy lindo. Obviamente Puerto Ays\u00e9n es una de las ciudades m\u00e1s al sur que visitamos, entonces siempre hay exceptivas. Agradecemos much\u00edsimo, y con mucha humildad que, a pesar de la lluvia, la gente haya venido. Todo fue incre\u00edble, la gente es demasiado linda. Ustedes son gente muy cari\u00f1osa, as\u00ed que cada vez que nos inviten, aqu\u00ed vamos a estar, llueve, truene o relampaguee\u201d, se\u00f1al\u00f3 tras el t\u00e9rmino de su presentaci\u00f3n, el l\u00edder de Glup.<\/p>\n<p style=\"text-align: justify;\">Sobre su performance, indic\u00f3 que \u201cme dijeron que me mantuviera en el escenario para que no me moje. Jam\u00e1s no me mojar\u00eda, si veo que la gente se est\u00e1 mojando y pas\u00e1ndolo bien con nosotros. La lluvia es lo de menos, es un ratito, luego te secas. Pero ese momento que queda, es inolvidable\u201d.<\/p>\n<p style=\"text-align: justify;\">Sobre sus desaf\u00edos futuros, el tambi\u00e9n compositor y productor musical explic\u00f3 que \u201cvamos a grabar un disco nuevo este a\u00f1o, lo hemos prometido y nos ha costado mucho trabajo. Yo no vivo en Chile, entonces tenemos que combinar las fechas para juntarnos, para tocar, para componer, para meternos en el estudio a grabar. Pero ese es nuestro siguiente paso\u201d.<\/p>\n<p style=\"text-align: justify;\">LUCYBELL<\/p>\n<p style=\"text-align: justify;\">Inmediatamente, se dio inicio al concierto de la banda de rock alternativo, Lucybell quien, en su llegada al recinto, manifest\u00f3 -a trav\u00e9s de su vocalista, Claudio Valenzuela-, que \u201cme encanta la forma en que se vive aqu\u00ed la lluvia, que es muy diferente a lo que pasa en otras ciudades. Ac\u00e1, se disfruta. Entonces, para nosotros es muy interesante que, pese al fr\u00edo y al viento, haya venido tanta gente a pasarla bien y acompa\u00f1arnos. En nuestra carrera, eso ha sido una constante. Tenemos un p\u00fablico que hemos logrado conservar, y con quienes nos vamos alimentando mutuamente\u201d.<\/p>\n<p style=\"text-align: justify;\">La presentaci\u00f3n, que se extendi\u00f3 por m\u00e1s de una hora, reuni\u00f3 a vecinos, visitantes y turistas de diversos puntos de la comuna y la regi\u00f3n, quienes corearon cada uno de los temas, en este repaso que la banda con m\u00e1s de 30 a\u00f1os de trayectoria, realiz\u00f3 por todos sus grandes \u00e9xitos, logrando cautivar a todo el p\u00fablico.<\/p>\n<p style=\"text-align: justify;\">Previo al evento, el baterista Jos\u00e9 Miguel \u201cCote\u201d Foncea, expres\u00f3 que \u201cvenimos de tocar una extensa gira de fin de a\u00f1o. Estamos reci\u00e9n calientitos del festival de Olmu\u00e9, que fue un gran concierto. Lucybell es una banda en vivo, la gente nos conoce. Pero encontrarse con el p\u00fablico y que canten nuestras canciones, creo que es la meta del d\u00eda. Hoy vamos a tocar con todo el \u00e1nimo, como siempre\u201d.<\/p>\n<p style=\"text-align: justify;\">Por su parte, Eduardo Caces, bajista de Lucybell, dijo que \u201cestamos planeando, todo lo que ha sucedido ha sido vertiginoso este principio de a\u00f1o, pero indudablemente tenemos claro que en octubre vamos a hacer un \u00faltimo concierto. Ahora estamos en la segunda fecha de la gira de verano y hay mucha energ\u00eda. Creo que la gente recibe esa energ\u00eda y por eso est\u00e1n all\u00ed, esperando que salgamos a tocar\u201d.<\/p>\n<p style=\"text-align: justify;\">La festividad del 97 cumplea\u00f1os de Puerto Ays\u00e9n contin\u00faa este lunes 27 de enero con la \u201cNoche Urbana\u201d, y la presentaci\u00f3n de Fran Maira y King Savagge. Posteriormente, el martes 28 ser\u00e1 el turno de Alanys Lagos y los trasandinos de Ke Personajes, en la \u201cNoche de cumbia internacional\u201d.<\/p>\n<\/div><\/section><\/div><div  style='height:50px' class='hr hr-invisible   avia-builder-el-6  el_after_av_one_full  el_before_av_social_share '><span class='hr-inner ' ><span class='hr-inner-style'><\/span><\/span><\/div><\/p>\n<div  class='av-social-sharing-box  avia-builder-el-7  el_after_av_hr  el_before_av_hr  '><div class='av-share-box'><h5 class='av-share-link-description av-no-toc '>Compartir esta noticia<\/h5><ul class='av-share-box-list noLightbox'><li class='av-share-link av-social-link-facebook' ><a target=\"_blank\" aria-label=\"Compartir en Facebook\" href='https:\/\/www.facebook.com\/sharer.php?u=https:\/\/radiorevelacionfm.cl\/?p=50062&#038;t=Ni%20la%20lluvia%20ni%20el%20fr%C3%ADo%20empa%C3%B1aron%20la%20exitosa%20presentaci%C3%B3n%20de%20Glup%20y%20Lucybell%20en%20Puerto%20Ays%C3%A9n' aria-hidden='false' data-av_icon='\ue8f3' data-av_iconfont='entypo-fontello' title='' data-avia-related-tooltip='Compartir en Facebook' rel=\"noopener\"><span class='avia_hidden_link_text'>Compartir en Facebook<\/span><\/a><\/li><li class='av-share-link av-social-link-twitter' ><a target=\"_blank\" aria-label=\"Compartir en Twitter\" href='https:\/\/twitter.com\/share?text=Ni%20la%20lluvia%20ni%20el%20fr%C3%ADo%20empa%C3%B1aron%20la%20exitosa%20presentaci%C3%B3n%20de%20Glup%20y%20Lucybell%20en%20Puerto%20Ays%C3%A9n&#038;url=https:\/\/radiorevelacionfm.cl\/?p=50062' aria-hidden='false' data-av_icon='\ue8f1' data-av_iconfont='entypo-fontello' title='' data-avia-related-tooltip='Compartir en Twitter' rel=\"noopener\"><span class='avia_hidden_link_text'>Compartir en Twitter<\/span><\/a><\/li><li class='av-share-link av-social-link-whatsapp' ><a target=\"_blank\" aria-label=\"Compartir en Whatsapp\" href='https:\/\/api.whatsapp.com\/send?text=https:\/\/radiorevelacionfm.cl\/?p=50062' aria-hidden='false' data-av_icon='\uf232' data-av_iconfont='entypo-fontello' title='' data-avia-related-tooltip='Compartir en Whatsapp' rel=\"noopener\"><span class='avia_hidden_link_text'>Compartir en Whatsapp<\/span><\/a><\/li><li class='av-share-link av-social-link-linkedin' ><a target=\"_blank\" aria-label=\"Compartir en LinkedIn\" href='https:\/\/linkedin.com\/shareArticle?mini=true&#038;title=Ni%20la%20lluvia%20ni%20el%20fr%C3%ADo%20empa%C3%B1aron%20la%20exitosa%20presentaci%C3%B3n%20de%20Glup%20y%20Lucybell%20en%20Puerto%20Ays%C3%A9n&#038;url=https:\/\/radiorevelacionfm.cl\/?p=50062' aria-hidden='false' data-av_icon='\ue8fc' data-av_iconfont='entypo-fontello' title='' data-avia-related-tooltip='Compartir en LinkedIn' rel=\"noopener\"><span class='avia_hidden_link_text'>Compartir en LinkedIn<\/span><\/a><\/li><li class='av-share-link av-social-link-mail' ><a  aria-label=\"Compartir por correo\" href='mailto:?subject=Ni%20la%20lluvia%20ni%20el%20fr%C3%ADo%20empa%C3%B1aron%20la%20exitosa%20presentaci%C3%B3n%20de%20Glup%20y%20Lucybell%20en%20Puerto%20Ays%C3%A9n&#038;body=https:\/\/radiorevelacionfm.cl\/?p=50062' aria-hidden='false' data-av_icon='\ue805' data-av_iconfont='entypo-fontello' title='' data-avia-related-tooltip='Compartir por correo'><span class='avia_hidden_link_text'>Compartir por correo<\/span><\/a><\/li><\/ul><\/div><\/div>\n<div  style='height:50px' class='hr hr-invisible   avia-builder-el-8  el_after_av_social_share  el_before_av_comments_list '><span class='hr-inner ' ><span class='hr-inner-style'><\/span><\/span><\/div>\n<div  class='av-buildercomment  av-blog-meta-html-info-disabled av-blog-meta-tag-disabled  '><\/div>\n","protected":false},"excerpt":{"rendered":"","protected":false},"author":1,"featured_media":50063,"comment_status":"open","ping_status":"open","sticky":false,"template":"","format":"standard","meta":{"footnotes":""},"categories":[38],"tags":[],"class_list":["post-50062","post","type-post","status-publish","format-standard","has-post-thumbnail","hentry","category-regional"],"jetpack_featured_media_url":"https:\/\/radiorevelacionfm.cl\/wp-content\/uploads\/2025\/01\/FB_IMG_1738009309133-1-1.jpg","_links":{"self":[{"href":"https:\/\/radiorevelacionfm.cl\/index.php?rest_route=\/wp\/v2\/posts\/50062","targetHints":{"allow":["GET"]}}],"collection":[{"href":"https:\/\/radiorevelacionfm.cl\/index.php?rest_route=\/wp\/v2\/posts"}],"about":[{"href":"https:\/\/radiorevelacionfm.cl\/index.php?rest_route=\/wp\/v2\/types\/post"}],"author":[{"embeddable":true,"href":"https:\/\/radiorevelacionfm.cl\/index.php?rest_route=\/wp\/v2\/users\/1"}],"replies":[{"embeddable":true,"href":"https:\/\/radiorevelacionfm.cl\/index.php?rest_route=%2Fwp%2Fv2%2Fcomments&post=50062"}],"version-history":[{"count":1,"href":"https:\/\/radiorevelacionfm.cl\/index.php?rest_route=\/wp\/v2\/posts\/50062\/revisions"}],"predecessor-version":[{"id":50064,"href":"https:\/\/radiorevelacionfm.cl\/index.php?rest_route=\/wp\/v2\/posts\/50062\/revisions\/50064"}],"wp:featuredmedia":[{"embeddable":true,"href":"https:\/\/radiorevelacionfm.cl\/index.php?rest_route=\/wp\/v2\/media\/50063"}],"wp:attachment":[{"href":"https:\/\/radiorevelacionfm.cl\/index.php?rest_route=%2Fwp%2Fv2%2Fmedia&parent=50062"}],"wp:term":[{"taxonomy":"category","embeddable":true,"href":"https:\/\/radiorevelacionfm.cl\/index.php?rest_route=%2Fwp%2Fv2%2Fcategories&post=50062"},{"taxonomy":"post_tag","embeddable":true,"href":"https:\/\/radiorevelacionfm.cl\/index.php?rest_route=%2Fwp%2Fv2%2Ftags&post=50062"}],"curies":[{"name":"wp","href":"https:\/\/api.w.org\/{rel}","templated":true}]}}