{"id":50059,"date":"2025-01-27T17:19:41","date_gmt":"2025-01-27T20:19:41","guid":{"rendered":"https:\/\/radiorevelacionfm.cl\/?p=50059"},"modified":"2025-01-27T17:26:37","modified_gmt":"2025-01-27T20:26:37","slug":"puerto-aysen-tiene-una-nueva-soberana-josefa-yanez-fue-elegida-como-reina-2025","status":"publish","type":"post","link":"https:\/\/radiorevelacionfm.cl\/?p=50059","title":{"rendered":"Puerto Ays\u00e9n tiene una nueva soberana: Josefa Y\u00e1\u00f1ez fue elegida como Reina 2025"},"content":{"rendered":"<div class=\"flex_column av_one_full  flex_column_div av-zero-column-padding first  avia-builder-el-0  el_before_av_one_full  avia-builder-el-first  \" style='border-radius:0px; '><div  class='avia-image-container  av-styling-    avia-builder-el-1  avia-builder-el-no-sibling  avia-align-center '  itemprop=\"image\" itemscope=\"itemscope\" itemtype=\"https:\/\/schema.org\/ImageObject\"  ><div class='avia-image-container-inner'><div class='avia-image-overlay-wrap'><img decoding=\"async\" class='wp-image-50060 avia-img-lazy-loading-not-50060 avia_image' src=\"https:\/\/radiorevelacionfm.cl\/wp-content\/uploads\/2025\/01\/DSC0437-1-1.jpg\" alt='' title='_DSC0437 (1) (1)' height=\"600\" width=\"1165\"  itemprop=\"thumbnailUrl\" srcset=\"https:\/\/radiorevelacionfm.cl\/wp-content\/uploads\/2025\/01\/DSC0437-1-1.jpg 1165w, https:\/\/radiorevelacionfm.cl\/wp-content\/uploads\/2025\/01\/DSC0437-1-1-300x155.jpg 300w, https:\/\/radiorevelacionfm.cl\/wp-content\/uploads\/2025\/01\/DSC0437-1-1-1030x530.jpg 1030w, https:\/\/radiorevelacionfm.cl\/wp-content\/uploads\/2025\/01\/DSC0437-1-1-768x396.jpg 768w, https:\/\/radiorevelacionfm.cl\/wp-content\/uploads\/2025\/01\/DSC0437-1-1-705x363.jpg 705w, https:\/\/radiorevelacionfm.cl\/wp-content\/uploads\/2025\/01\/DSC0437-1-1-450x232.jpg 450w, https:\/\/radiorevelacionfm.cl\/wp-content\/uploads\/2025\/01\/DSC0437-1-1-600x309.jpg 600w\" sizes=\"(max-width: 1165px) 100vw, 1165px\" \/><\/div><\/div><\/div><\/div><div class=\"flex_column av_one_full  flex_column_div av-zero-column-padding first  avia-builder-el-2  el_after_av_one_full  el_before_av_one_full  column-top-margin\" style='border-radius:0px; '><section class=\"av_textblock_section \"  itemscope=\"itemscope\" itemtype=\"https:\/\/schema.org\/BlogPosting\" itemprop=\"blogPost\" ><div class='avia_textblock  '   itemprop=\"text\" ><p style=\"text-align: center;\"><strong><span style=\"font-size: 18pt;\">Puerto Ays\u00e9n tiene una nueva soberana: Josefa Y\u00e1\u00f1ez fue elegida como Reina 2025<\/span><\/strong><\/p>\n<div id=\"gtx-trans\" style=\"position: absolute; left: -50px; top: 4.31534px;\">\n<div class=\"gtx-trans-icon\"><\/div>\n<\/div>\n<\/div><\/section><\/div><div class=\"flex_column av_one_full  flex_column_div av-zero-column-padding first  avia-builder-el-4  el_after_av_one_full  el_before_av_hr  column-top-margin\" style='border-radius:0px; '><section class=\"av_textblock_section \"  itemscope=\"itemscope\" itemtype=\"https:\/\/schema.org\/BlogPosting\" itemprop=\"blogPost\" ><div class='avia_textblock  '   itemprop=\"text\" ><p style=\"text-align: justify;\"><em>En un espectacular certamen las siete candidatas brillaron en el escenario, conmocionaron al p\u00fablico, se ganaron el respeto de sus contendientes y de se robaron el coraz\u00f3n de los ayseninos.<\/em><\/p>\n<p style=\"text-align: justify;\">Un gran marco de p\u00fablico tuvo la re\u00f1ida competencia que dieron las j\u00f3venes participantes del concurso, que las llev\u00f3 a resaltar sus mejores cualidades en el Gimnasio IND, en un show con m\u00fasica en vivo y baile; el cual ya lo cataloga como una las mejores actividades del 97 aniversario de Puerto Ays\u00e9n.<\/p>\n<p style=\"text-align: justify;\">Luego de las presentaciones de baile de las candidatas, la prenda reciclada, el vestido de noche y la sesi\u00f3n de preguntas; se declar\u00f3 como Reina de Puerto Ays\u00e9n a la joven Josefa Y\u00e1\u00f1ez Jaramillo.<\/p>\n<p style=\"text-align: justify;\">La nueva reina de Puerto Ays\u00e9n dio su primera impresi\u00f3n luego de su anuncio como ganadora, \u201cestoy muy contenta, tengo muchas emociones en este momento, quiero dar agradecimientos a mi familia y a la gente que me acompa\u00f1\u00f3 a hacer todo esto posible. Principalmente el mensaje que quiero entregar, como dije en el este evento, soy egresada de Medicina Veterinaria y para m\u00ed es muy importante el cuidado del medio ambiente, vivimos en una regi\u00f3n muy bonita y siento que ese es el deseo que quiero dejar con este reinado, protejamos nuestra comuna\u201d.<\/p>\n<p style=\"text-align: justify;\">Mientras, la Virreina de Puerto Ays\u00e9n fue Stefanella Bacalao y como la Segunda Virreina qued\u00f3 Nicole C\u00e1rcamo. Por su parte, Venisia S\u00e1nchez recibi\u00f3 el reconocimiento como \u201cMiss Simpat\u00eda\u201d, al ser votada por las dem\u00e1s candidatas; por \u00faltimo, la \u201cMiss Popularidad\u201d fue Samara Mayorga, que consigui\u00f3 una mayor votaci\u00f3n en el Instagram de la Municipalidad de Ays\u00e9n, con un total de 3.469 me gusta.<\/p>\n<p style=\"text-align: justify;\">Loreta Co\u00f1ecar, parte de la comisi\u00f3n organizadora y encargada del certamen agradeci\u00f3 a todos los funcionarios que trabajaron para que el show fuera un \u00e9xito.<\/p>\n<p style=\"text-align: justify;\">\u201cMe voy con el coraz\u00f3n muy lleno de felicidad, muy orgullosa del trabajo que realizamos como equipo municipal. El d\u00eda de hoy tuvimos gimnasio lleno, lo pasaron s\u00faper bien y espero que lo puedan seguir pasando estupendo, seguimos con varias actividades, as\u00ed que los invito a todos a seguirnos en nuestras redes sociales donde pueden ver la programaci\u00f3n de aniversario que tenemos para estos pr\u00f3ximos d\u00edas\u201d, finaliz\u00f3 Loreta Co\u00f1ecar.<\/p>\n<p style=\"text-align: justify;\">La encargada de igualmente se expres\u00f3 orgullosa de todas las candidatas, independiente de quien haya ganado, todas se esforzaron al m\u00e1ximo para alcanzar la gloria y ese es el valor que mejor representa a las ayseninas, mujeres de esfuerzo y que no se rinden hasta conseguir resultados; al igual que espera que la tradici\u00f3n siga y el pr\u00f3ximo a\u00f1o m\u00e1s j\u00f3venes se atrevan a participar en un certamen que es para ellas.<\/p>\n<\/div><\/section><\/div><div  style='height:50px' class='hr hr-invisible   avia-builder-el-6  el_after_av_one_full  el_before_av_social_share '><span class='hr-inner ' ><span class='hr-inner-style'><\/span><\/span><\/div><\/p>\n<div  class='av-social-sharing-box  avia-builder-el-7  el_after_av_hr  el_before_av_hr  '><div class='av-share-box'><h5 class='av-share-link-description av-no-toc '>Compartir esta noticia<\/h5><ul class='av-share-box-list noLightbox'><li class='av-share-link av-social-link-facebook' ><a target=\"_blank\" aria-label=\"Compartir en Facebook\" href='https:\/\/www.facebook.com\/sharer.php?u=https:\/\/radiorevelacionfm.cl\/?p=50059&#038;t=Puerto%20Ays%C3%A9n%20tiene%20una%20nueva%20soberana%3A%20Josefa%20Y%C3%A1%C3%B1ez%20fue%20elegida%20como%20Reina%202025' aria-hidden='false' data-av_icon='\ue8f3' data-av_iconfont='entypo-fontello' title='' data-avia-related-tooltip='Compartir en Facebook' rel=\"noopener\"><span class='avia_hidden_link_text'>Compartir en Facebook<\/span><\/a><\/li><li class='av-share-link av-social-link-twitter' ><a target=\"_blank\" aria-label=\"Compartir en Twitter\" href='https:\/\/twitter.com\/share?text=Puerto%20Ays%C3%A9n%20tiene%20una%20nueva%20soberana%3A%20Josefa%20Y%C3%A1%C3%B1ez%20fue%20elegida%20como%20Reina%202025&#038;url=https:\/\/radiorevelacionfm.cl\/?p=50059' aria-hidden='false' data-av_icon='\ue8f1' data-av_iconfont='entypo-fontello' title='' data-avia-related-tooltip='Compartir en Twitter' rel=\"noopener\"><span class='avia_hidden_link_text'>Compartir en Twitter<\/span><\/a><\/li><li class='av-share-link av-social-link-whatsapp' ><a target=\"_blank\" aria-label=\"Compartir en Whatsapp\" href='https:\/\/api.whatsapp.com\/send?text=https:\/\/radiorevelacionfm.cl\/?p=50059' aria-hidden='false' data-av_icon='\uf232' data-av_iconfont='entypo-fontello' title='' data-avia-related-tooltip='Compartir en Whatsapp' rel=\"noopener\"><span class='avia_hidden_link_text'>Compartir en Whatsapp<\/span><\/a><\/li><li class='av-share-link av-social-link-linkedin' ><a target=\"_blank\" aria-label=\"Compartir en LinkedIn\" href='https:\/\/linkedin.com\/shareArticle?mini=true&#038;title=Puerto%20Ays%C3%A9n%20tiene%20una%20nueva%20soberana%3A%20Josefa%20Y%C3%A1%C3%B1ez%20fue%20elegida%20como%20Reina%202025&#038;url=https:\/\/radiorevelacionfm.cl\/?p=50059' aria-hidden='false' data-av_icon='\ue8fc' data-av_iconfont='entypo-fontello' title='' data-avia-related-tooltip='Compartir en LinkedIn' rel=\"noopener\"><span class='avia_hidden_link_text'>Compartir en LinkedIn<\/span><\/a><\/li><li class='av-share-link av-social-link-mail' ><a  aria-label=\"Compartir por correo\" href='mailto:?subject=Puerto%20Ays%C3%A9n%20tiene%20una%20nueva%20soberana%3A%20Josefa%20Y%C3%A1%C3%B1ez%20fue%20elegida%20como%20Reina%202025&#038;body=https:\/\/radiorevelacionfm.cl\/?p=50059' aria-hidden='false' data-av_icon='\ue805' data-av_iconfont='entypo-fontello' title='' data-avia-related-tooltip='Compartir por correo'><span class='avia_hidden_link_text'>Compartir por correo<\/span><\/a><\/li><\/ul><\/div><\/div>\n<div  style='height:50px' class='hr hr-invisible   avia-builder-el-8  el_after_av_social_share  el_before_av_comments_list '><span class='hr-inner ' ><span class='hr-inner-style'><\/span><\/span><\/div>\n<div  class='av-buildercomment  av-blog-meta-html-info-disabled av-blog-meta-tag-disabled  '><\/div>\n","protected":false},"excerpt":{"rendered":"","protected":false},"author":1,"featured_media":50060,"comment_status":"open","ping_status":"open","sticky":false,"template":"","format":"standard","meta":{"footnotes":""},"categories":[38],"tags":[],"class_list":["post-50059","post","type-post","status-publish","format-standard","has-post-thumbnail","hentry","category-regional"],"jetpack_featured_media_url":"https:\/\/radiorevelacionfm.cl\/wp-content\/uploads\/2025\/01\/DSC0437-1-1.jpg","_links":{"self":[{"href":"https:\/\/radiorevelacionfm.cl\/index.php?rest_route=\/wp\/v2\/posts\/50059","targetHints":{"allow":["GET"]}}],"collection":[{"href":"https:\/\/radiorevelacionfm.cl\/index.php?rest_route=\/wp\/v2\/posts"}],"about":[{"href":"https:\/\/radiorevelacionfm.cl\/index.php?rest_route=\/wp\/v2\/types\/post"}],"author":[{"embeddable":true,"href":"https:\/\/radiorevelacionfm.cl\/index.php?rest_route=\/wp\/v2\/users\/1"}],"replies":[{"embeddable":true,"href":"https:\/\/radiorevelacionfm.cl\/index.php?rest_route=%2Fwp%2Fv2%2Fcomments&post=50059"}],"version-history":[{"count":1,"href":"https:\/\/radiorevelacionfm.cl\/index.php?rest_route=\/wp\/v2\/posts\/50059\/revisions"}],"predecessor-version":[{"id":50061,"href":"https:\/\/radiorevelacionfm.cl\/index.php?rest_route=\/wp\/v2\/posts\/50059\/revisions\/50061"}],"wp:featuredmedia":[{"embeddable":true,"href":"https:\/\/radiorevelacionfm.cl\/index.php?rest_route=\/wp\/v2\/media\/50060"}],"wp:attachment":[{"href":"https:\/\/radiorevelacionfm.cl\/index.php?rest_route=%2Fwp%2Fv2%2Fmedia&parent=50059"}],"wp:term":[{"taxonomy":"category","embeddable":true,"href":"https:\/\/radiorevelacionfm.cl\/index.php?rest_route=%2Fwp%2Fv2%2Fcategories&post=50059"},{"taxonomy":"post_tag","embeddable":true,"href":"https:\/\/radiorevelacionfm.cl\/index.php?rest_route=%2Fwp%2Fv2%2Ftags&post=50059"}],"curies":[{"name":"wp","href":"https:\/\/api.w.org\/{rel}","templated":true}]}}