{"id":50056,"date":"2025-01-28T10:05:42","date_gmt":"2025-01-28T13:05:42","guid":{"rendered":"https:\/\/radiorevelacionfm.cl\/?p=50056"},"modified":"2025-01-28T10:05:42","modified_gmt":"2025-01-28T13:05:42","slug":"comite-de-desarrollo-productivo-aysen-fija-ejes-estrategicos-y-aprueba-presupuesto-2025","status":"publish","type":"post","link":"https:\/\/radiorevelacionfm.cl\/?p=50056","title":{"rendered":"Comit\u00e9 de Desarrollo Productivo Ays\u00e9n fija ejes estrat\u00e9gicos y aprueba presupuesto 2025"},"content":{"rendered":"<div class=\"flex_column av_one_full  flex_column_div av-zero-column-padding first  avia-builder-el-0  el_before_av_one_full  avia-builder-el-first  \" style='border-radius:0px; '><div  class='avia-image-container  av-styling-    avia-builder-el-1  avia-builder-el-no-sibling  avia-align-center '  itemprop=\"image\" itemscope=\"itemscope\" itemtype=\"https:\/\/schema.org\/ImageObject\"  ><div class='avia-image-container-inner'><div class='avia-image-overlay-wrap'><img decoding=\"async\" class='wp-image-50057 avia-img-lazy-loading-not-50057 avia_image' src=\"https:\/\/radiorevelacionfm.cl\/wp-content\/uploads\/2025\/01\/02_cdpaysen-1_optimized.jpeg\" alt='' title='02_cdpaysen-(1)_optimized' height=\"600\" width=\"1065\"  itemprop=\"thumbnailUrl\" srcset=\"https:\/\/radiorevelacionfm.cl\/wp-content\/uploads\/2025\/01\/02_cdpaysen-1_optimized.jpeg 1065w, https:\/\/radiorevelacionfm.cl\/wp-content\/uploads\/2025\/01\/02_cdpaysen-1_optimized-300x169.jpeg 300w, https:\/\/radiorevelacionfm.cl\/wp-content\/uploads\/2025\/01\/02_cdpaysen-1_optimized-1030x580.jpeg 1030w, https:\/\/radiorevelacionfm.cl\/wp-content\/uploads\/2025\/01\/02_cdpaysen-1_optimized-768x433.jpeg 768w, https:\/\/radiorevelacionfm.cl\/wp-content\/uploads\/2025\/01\/02_cdpaysen-1_optimized-705x397.jpeg 705w, https:\/\/radiorevelacionfm.cl\/wp-content\/uploads\/2025\/01\/02_cdpaysen-1_optimized-450x254.jpeg 450w, https:\/\/radiorevelacionfm.cl\/wp-content\/uploads\/2025\/01\/02_cdpaysen-1_optimized-600x338.jpeg 600w\" sizes=\"(max-width: 1065px) 100vw, 1065px\" \/><\/div><\/div><\/div><\/div><div class=\"flex_column av_one_full  flex_column_div av-zero-column-padding first  avia-builder-el-2  el_after_av_one_full  el_before_av_one_full  column-top-margin\" style='border-radius:0px; '><section class=\"av_textblock_section \"  itemscope=\"itemscope\" itemtype=\"https:\/\/schema.org\/BlogPosting\" itemprop=\"blogPost\" ><div class='avia_textblock  '   itemprop=\"text\" ><p style=\"text-align: center;\"><span style=\"font-size: 18pt;\"><b>Comit\u00e9 de Desarrollo Productivo Ays\u00e9n fija ejes estrat\u00e9gicos y aprueba presupuesto 2025<\/b><\/span><\/p>\n<div id=\"gtx-trans\" style=\"position: absolute; left: -50px; top: 4.31534px;\">\n<div class=\"gtx-trans-icon\"><\/div>\n<\/div>\n<\/div><\/section><\/div><div class=\"flex_column av_one_full  flex_column_div av-zero-column-padding first  avia-builder-el-4  el_after_av_one_full  el_before_av_hr  column-top-margin\" style='border-radius:0px; '><section class=\"av_textblock_section \"  itemscope=\"itemscope\" itemtype=\"https:\/\/schema.org\/BlogPosting\" itemprop=\"blogPost\" ><div class='avia_textblock  '   itemprop=\"text\" ><p class=\"v1MsoNormal\" style=\"text-align: justify;\">El Comit\u00e9 de Desarrollo Productivo Regional (CDPR) de Ays\u00e9n celebr\u00f3 su sexta sesi\u00f3n plenaria, la primera del a\u00f1o, en la que aprob\u00f3 un presupuesto de $1.800.139 millones. Estos recursos, aportados por Corfo y Sercotec, reflejan el compromiso del Comit\u00e9 con el desarrollo sostenible y descentralizado de la regi\u00f3n, priorizando sectores clave como el turismo, la pesca, la acuicultura y las energ\u00edas renovables.<\/p>\n<p class=\"v1MsoNormal\" style=\"text-align: justify;\">Marcelo Santana Vargas, Gobernador Regional y presidente del Comit\u00e9, destac\u00f3 la importancia de esta planificaci\u00f3n estrat\u00e9gica. \u00abNuestra gran responsabilidad es que Ays\u00e9n vuelva a crecer, y estamos trabajando desde ya en aquello. Hemos delineado sectores productivos prioritarios y calendarizado los incentivos para fortalecer la econom\u00eda regional\u00bb.<\/p>\n<p class=\"v1MsoNormal\" style=\"text-align: justify;\">El presupuesto aprobado por el CDPR Ays\u00e9n para 2025 est\u00e1 enfocado en dinamizar sectores estrat\u00e9gicos y responder a las necesidades de la regi\u00f3n mediante iniciativas que fomenten la asociatividad, impulsen la descentralizaci\u00f3n y fortalezcan el uso de energ\u00edas limpias. Este enfoque busca promover la sostenibilidad y el bienestar social y econ\u00f3mico de las comunidades, integrando soluciones innovadoras que aborden tanto los desaf\u00edos locales como las tendencias globales.<\/p>\n<p class=\"v1MsoNormal\" style=\"text-align: justify;\">En tanto, Humberto Mar\u00edn Leiva, director de Corfo, destac\u00f3 la relevancia de la reciente aprobaci\u00f3n del presupuesto 2025 como un hito que marca el inicio de una nueva etapa para el Comit\u00e9 de Desarrollo Productivo Regional de Ays\u00e9n. \u00abEste presupuesto no solo garantiza la continuidad de nuestras iniciativas, sino que tambi\u00e9n abre la puerta a nuevas oportunidades para fortalecer la innovaci\u00f3n, el emprendimiento y la competitividad en sectores clave de la regi\u00f3n\u00bb, afirm\u00f3.<\/p>\n<p class=\"v1MsoNormal\" style=\"text-align: justify;\"><b>DESARROLLO E INNOVACI\u00d3N<\/b><\/p>\n<p class=\"v1MsoNormal\" style=\"text-align: justify;\">Para alcanzar estos objetivos, el Comit\u00e9 ha definido pilares estrat\u00e9gicos que incluyen la innovaci\u00f3n, el emprendimiento y el fomento productivo, junto con el fortalecimiento del ecosistema de innovaci\u00f3n regional. Estos esfuerzos se concretan en la atracci\u00f3n de inversi\u00f3n privada, el desarrollo de capacidades en investigaci\u00f3n y desarrollo (I+D+i), y la consolidaci\u00f3n de un ecosistema emprendedor din\u00e1mico. Sectores como el turismo, la pesca, la miner\u00eda y la industria alimentaria se destacan como prioritarios, incorporando adem\u00e1s principios transversales como la equidad de g\u00e9nero, la econom\u00eda circular y el desarrollo territorial para garantizar un crecimiento inclusivo y sostenible.<\/p>\n<p class=\"v1MsoNormal\" style=\"text-align: justify;\">La reuni\u00f3n cont\u00f3 con la participaci\u00f3n de la totalidad de consejeros y consejeras, quienes representan diversos sectores del desarrollo, aportando perspectivas diversas para la toma de decisiones. Gabriel N\u00fa\u00f1ez Vivanco, consejero representante de la academia, subray\u00f3 la relevancia de incorporar una base cient\u00edfica en las estrategias del Comit\u00e9. \u00abA trav\u00e9s del Comit\u00e9 extendemos la visi\u00f3n cient\u00edfica y utilizamos datos para focalizar los esfuerzos en sectores donde el impacto ser\u00e1 mayor, siempre con \u00e9nfasis en las comunidades y las personas que habitan el territorio\u00bb. Por su parte, Eligio Montecinos Araya hizo un llamado a enfrentar los desaf\u00edos estructurales de la regi\u00f3n. \u00abHay que desterrar la burocracia para que la regi\u00f3n pueda reactivarse. El sector privado tiene mucho que aportar, y es clave priorizar \u00e1reas como la conectividad, el turismo y la pesca\u00bb.<\/p>\n<p class=\"v1MsoNormal\" style=\"text-align: justify;\"><span lang=\"es-419\">Los subcomit\u00e9s de Fomento Productivo y de Innovaci\u00f3n y Emprendimiento ser\u00e1n liderados por Fernando Guzm\u00e1n, DIFOI del Gobierno regional y Felipe Rojas Pizarro, seremi de Econom\u00eda, respectivamente, con el objetivo de coordinar el trabajo de\u00a0<\/span>representantes del sector p\u00fablico, privado y acad\u00e9mico.<\/p>\n<p class=\"v1MsoNormal\" style=\"text-align: justify;\">El Comit\u00e9 de Desarrollo Productivo Regional se posiciona como un actor estrat\u00e9gico en la coordinaci\u00f3n y direcci\u00f3n de acciones orientadas a fortalecer el crecimiento econ\u00f3mico y el bienestar social en Ays\u00e9n. Al reunir esfuerzos del Gobierno Regional, Corfo, Sercotec y otros actores clave, la instancia trabaja por un desarrollo equilibrado que atienda las necesidades locales y maximice los recursos disponibles.<\/p>\n<\/div><\/section><\/div><div  style='height:50px' class='hr hr-invisible   avia-builder-el-6  el_after_av_one_full  el_before_av_social_share '><span class='hr-inner ' ><span class='hr-inner-style'><\/span><\/span><\/div><\/p>\n<div  class='av-social-sharing-box  avia-builder-el-7  el_after_av_hr  el_before_av_hr  '><div class='av-share-box'><h5 class='av-share-link-description av-no-toc '>Compartir esta noticia<\/h5><ul class='av-share-box-list noLightbox'><li class='av-share-link av-social-link-facebook' ><a target=\"_blank\" aria-label=\"Compartir en Facebook\" href='https:\/\/www.facebook.com\/sharer.php?u=https:\/\/radiorevelacionfm.cl\/?p=50056&#038;t=Comit%C3%A9%20de%20Desarrollo%20Productivo%20Ays%C3%A9n%20fija%20ejes%20estrat%C3%A9gicos%20y%20aprueba%20presupuesto%202025' aria-hidden='false' data-av_icon='\ue8f3' data-av_iconfont='entypo-fontello' title='' data-avia-related-tooltip='Compartir en Facebook' rel=\"noopener\"><span class='avia_hidden_link_text'>Compartir en Facebook<\/span><\/a><\/li><li class='av-share-link av-social-link-twitter' ><a target=\"_blank\" aria-label=\"Compartir en Twitter\" href='https:\/\/twitter.com\/share?text=Comit%C3%A9%20de%20Desarrollo%20Productivo%20Ays%C3%A9n%20fija%20ejes%20estrat%C3%A9gicos%20y%20aprueba%20presupuesto%202025&#038;url=https:\/\/radiorevelacionfm.cl\/?p=50056' aria-hidden='false' data-av_icon='\ue8f1' data-av_iconfont='entypo-fontello' title='' data-avia-related-tooltip='Compartir en Twitter' rel=\"noopener\"><span class='avia_hidden_link_text'>Compartir en Twitter<\/span><\/a><\/li><li class='av-share-link av-social-link-whatsapp' ><a target=\"_blank\" aria-label=\"Compartir en Whatsapp\" href='https:\/\/api.whatsapp.com\/send?text=https:\/\/radiorevelacionfm.cl\/?p=50056' aria-hidden='false' data-av_icon='\uf232' data-av_iconfont='entypo-fontello' title='' data-avia-related-tooltip='Compartir en Whatsapp' rel=\"noopener\"><span class='avia_hidden_link_text'>Compartir en Whatsapp<\/span><\/a><\/li><li class='av-share-link av-social-link-linkedin' ><a target=\"_blank\" aria-label=\"Compartir en LinkedIn\" href='https:\/\/linkedin.com\/shareArticle?mini=true&#038;title=Comit%C3%A9%20de%20Desarrollo%20Productivo%20Ays%C3%A9n%20fija%20ejes%20estrat%C3%A9gicos%20y%20aprueba%20presupuesto%202025&#038;url=https:\/\/radiorevelacionfm.cl\/?p=50056' aria-hidden='false' data-av_icon='\ue8fc' data-av_iconfont='entypo-fontello' title='' data-avia-related-tooltip='Compartir en LinkedIn' rel=\"noopener\"><span class='avia_hidden_link_text'>Compartir en LinkedIn<\/span><\/a><\/li><li class='av-share-link av-social-link-mail' ><a  aria-label=\"Compartir por correo\" href='mailto:?subject=Comit%C3%A9%20de%20Desarrollo%20Productivo%20Ays%C3%A9n%20fija%20ejes%20estrat%C3%A9gicos%20y%20aprueba%20presupuesto%202025&#038;body=https:\/\/radiorevelacionfm.cl\/?p=50056' aria-hidden='false' data-av_icon='\ue805' data-av_iconfont='entypo-fontello' title='' data-avia-related-tooltip='Compartir por correo'><span class='avia_hidden_link_text'>Compartir por correo<\/span><\/a><\/li><\/ul><\/div><\/div>\n<div  style='height:50px' class='hr hr-invisible   avia-builder-el-8  el_after_av_social_share  el_before_av_comments_list '><span class='hr-inner ' ><span class='hr-inner-style'><\/span><\/span><\/div>\n<div  class='av-buildercomment  av-blog-meta-html-info-disabled av-blog-meta-tag-disabled  '><\/div>\n","protected":false},"excerpt":{"rendered":"","protected":false},"author":1,"featured_media":50057,"comment_status":"open","ping_status":"open","sticky":false,"template":"","format":"standard","meta":{"footnotes":""},"categories":[38],"tags":[],"class_list":["post-50056","post","type-post","status-publish","format-standard","has-post-thumbnail","hentry","category-regional"],"jetpack_featured_media_url":"https:\/\/radiorevelacionfm.cl\/wp-content\/uploads\/2025\/01\/02_cdpaysen-1_optimized.jpeg","_links":{"self":[{"href":"https:\/\/radiorevelacionfm.cl\/index.php?rest_route=\/wp\/v2\/posts\/50056","targetHints":{"allow":["GET"]}}],"collection":[{"href":"https:\/\/radiorevelacionfm.cl\/index.php?rest_route=\/wp\/v2\/posts"}],"about":[{"href":"https:\/\/radiorevelacionfm.cl\/index.php?rest_route=\/wp\/v2\/types\/post"}],"author":[{"embeddable":true,"href":"https:\/\/radiorevelacionfm.cl\/index.php?rest_route=\/wp\/v2\/users\/1"}],"replies":[{"embeddable":true,"href":"https:\/\/radiorevelacionfm.cl\/index.php?rest_route=%2Fwp%2Fv2%2Fcomments&post=50056"}],"version-history":[{"count":1,"href":"https:\/\/radiorevelacionfm.cl\/index.php?rest_route=\/wp\/v2\/posts\/50056\/revisions"}],"predecessor-version":[{"id":50058,"href":"https:\/\/radiorevelacionfm.cl\/index.php?rest_route=\/wp\/v2\/posts\/50056\/revisions\/50058"}],"wp:featuredmedia":[{"embeddable":true,"href":"https:\/\/radiorevelacionfm.cl\/index.php?rest_route=\/wp\/v2\/media\/50057"}],"wp:attachment":[{"href":"https:\/\/radiorevelacionfm.cl\/index.php?rest_route=%2Fwp%2Fv2%2Fmedia&parent=50056"}],"wp:term":[{"taxonomy":"category","embeddable":true,"href":"https:\/\/radiorevelacionfm.cl\/index.php?rest_route=%2Fwp%2Fv2%2Fcategories&post=50056"},{"taxonomy":"post_tag","embeddable":true,"href":"https:\/\/radiorevelacionfm.cl\/index.php?rest_route=%2Fwp%2Fv2%2Ftags&post=50056"}],"curies":[{"name":"wp","href":"https:\/\/api.w.org\/{rel}","templated":true}]}}