{"id":50053,"date":"2025-01-27T16:54:45","date_gmt":"2025-01-27T19:54:45","guid":{"rendered":"https:\/\/radiorevelacionfm.cl\/?p=50053"},"modified":"2025-01-27T16:54:45","modified_gmt":"2025-01-27T19:54:45","slug":"fiscalia-obtiene-condena-contra-un-imputado-de-17-anos-por-el-delito-de-violacion-de-una-victima-en-la-junta","status":"publish","type":"post","link":"https:\/\/radiorevelacionfm.cl\/?p=50053","title":{"rendered":"Fiscal\u00eda obtiene condena contra un imputado de 17 a\u00f1os por el delito de violaci\u00f3n de una v\u00edctima en La Junta"},"content":{"rendered":"<div class=\"flex_column av_one_full  flex_column_div av-zero-column-padding first  avia-builder-el-0  el_before_av_one_full  avia-builder-el-first  \" style='border-radius:0px; '><div  class='avia-image-container  av-styling-    avia-builder-el-1  avia-builder-el-no-sibling  avia-align-center '  itemprop=\"image\" itemscope=\"itemscope\" itemtype=\"https:\/\/schema.org\/ImageObject\"  ><div class='avia-image-container-inner'><div class='avia-image-overlay-wrap'><img decoding=\"async\" class='wp-image-50054 avia-img-lazy-loading-not-50054 avia_image' src=\"https:\/\/radiorevelacionfm.cl\/wp-content\/uploads\/2025\/01\/pedro7-1-1.jpg\" alt='' title='pedro7 (1) (1)' height=\"600\" width=\"1105\"  itemprop=\"thumbnailUrl\" srcset=\"https:\/\/radiorevelacionfm.cl\/wp-content\/uploads\/2025\/01\/pedro7-1-1.jpg 1105w, https:\/\/radiorevelacionfm.cl\/wp-content\/uploads\/2025\/01\/pedro7-1-1-300x163.jpg 300w, https:\/\/radiorevelacionfm.cl\/wp-content\/uploads\/2025\/01\/pedro7-1-1-1030x559.jpg 1030w, https:\/\/radiorevelacionfm.cl\/wp-content\/uploads\/2025\/01\/pedro7-1-1-768x417.jpg 768w, https:\/\/radiorevelacionfm.cl\/wp-content\/uploads\/2025\/01\/pedro7-1-1-705x383.jpg 705w, https:\/\/radiorevelacionfm.cl\/wp-content\/uploads\/2025\/01\/pedro7-1-1-450x244.jpg 450w, https:\/\/radiorevelacionfm.cl\/wp-content\/uploads\/2025\/01\/pedro7-1-1-600x326.jpg 600w\" sizes=\"(max-width: 1105px) 100vw, 1105px\" \/><\/div><\/div><\/div><\/div><div class=\"flex_column av_one_full  flex_column_div av-zero-column-padding first  avia-builder-el-2  el_after_av_one_full  el_before_av_one_full  column-top-margin\" style='border-radius:0px; '><section class=\"av_textblock_section \"  itemscope=\"itemscope\" itemtype=\"https:\/\/schema.org\/BlogPosting\" itemprop=\"blogPost\" ><div class='avia_textblock  '   itemprop=\"text\" ><p style=\"text-align: center;\"><strong><span style=\"font-size: 18pt;\">Fiscal\u00eda obtiene condena contra un imputado de 17 a\u00f1os por el delito de violaci\u00f3n de una v\u00edctima en La Junta <\/span><\/strong><\/p>\n<div id=\"gtx-trans\" style=\"position: absolute; left: -50px; top: 4.31534px;\">\n<div class=\"gtx-trans-icon\"><\/div>\n<\/div>\n<\/div><\/section><\/div><div class=\"flex_column av_one_full  flex_column_div av-zero-column-padding first  avia-builder-el-4  el_after_av_one_full  el_before_av_hr  column-top-margin\" style='border-radius:0px; '><section class=\"av_textblock_section \"  itemscope=\"itemscope\" itemtype=\"https:\/\/schema.org\/BlogPosting\" itemprop=\"blogPost\" ><div class='avia_textblock  '   itemprop=\"text\" ><p class=\"v1MsoNormal\" style=\"text-align: justify;\">Hechos ocurrieron el 30 de junio del a\u00f1o pasado, en un sitio eriazo ubicado en la intersecci\u00f3n de las calles Miraflores con Carretera Austral de dicha localidad, explic\u00f3 el fiscal Pedro Poblete.<\/p>\n<p class=\"v1MsoNormal\" style=\"text-align: justify;\">Luego de una investigaci\u00f3n desarrollada por la Fiscal\u00eda Local de Ays\u00e9n y Cisnes, con diligencias tanto de Carabineros como de la PDI, fue condenado un imputado de 17 a\u00f1os como autor del delito de violaci\u00f3n cometido en contra de una v\u00edctima adulta, hecho ocurrido en La Junta el domingo 30 de junio del a\u00f1o 2024.<\/p>\n<p class=\"v1MsoNormal\" style=\"text-align: justify;\">El Tribunal de Juicio Oral en Lo Penal sentenci\u00f3 al imputado a la pena de 4 a\u00f1os de internaci\u00f3n en r\u00e9gimen cerrado en un centro del Sename. Lo anterior, en el marco de la ley de Responsabilidad Penal Adolescente.<\/p>\n<p class=\"v1MsoNormal\" style=\"text-align: justify;\">CIRCUNSTANCIAS<\/p>\n<p class=\"v1MsoNormal\" style=\"text-align: justify;\">Seg\u00fan explic\u00f3 el fiscal jefe de Ays\u00e9n y Cisnes, el imputado era adolescente y ten\u00eda 17 a\u00f1os de edad a la \u00e9poca de ocurrencia de los hechos. Actualmente es mayor de edad. \u201cEl tribunal, conforme la prueba rendida en juicio, se forj\u00f3 convicci\u00f3n para condenar a este adolescente como autor del delito de violaci\u00f3n cometido en perjuicio de una vecina de la localidad de la Junta, el d\u00eda 30 de junio del a\u00f1o pasado, en un sitio eriazo ubicado en la intersecci\u00f3n de las calles Miraflores con Carretera Austral de dicha localidad\u201d.<\/p>\n<p class=\"v1MsoNormal\" style=\"text-align: justify;\">El fiscal Poblete a\u00f1adi\u00f3 que \u201cel imputado sigui\u00f3 a la v\u00edctima luego de haber compartido con ella en el transcurso de la tarde y junto a otro grupo de personas, tanto en la ribera del r\u00edo Rosselot como en un local de restaurant ubicado en la ruta 7, para finalmente seguirla cuando \u00e9sta se retir\u00f3 del local y proceder a agredirla en los t\u00e9rminos antes indicados\u201d.<\/p>\n<p class=\"v1MsoNormal\" style=\"text-align: justify;\">INVESTIGACI\u00d3N<\/p>\n<p class=\"v1MsoNormal\" style=\"text-align: justify;\">En este caso, las primeras gestiones del caso fueron coordinadas por la abogada asistente Marcela Vald\u00e9s y el fiscal jefe, Pedro Poblete, quienes solicitaron diligencias investigativas a Carabineros de la Tenencia La Junta, la Brigada de Delitos Sexuales de la PDI y el Servicio M\u00e9dico Legal. Asimismo, se efectu\u00f3 un examen sexol\u00f3gico a la v\u00edctima en el Hospital Regional de Coyhaique y la afectada recibi\u00f3 el apoyo y la contenci\u00f3n de la Unidad de V\u00edctimas y Testigos de la Fiscal\u00eda.<\/p>\n<p class=\"v1MsoNormal\" style=\"text-align: justify;\">La sentencia fue dictada por las juezas Natalia Gejman Seco, M\u00f3nica Coloma Pulgar y Rosal\u00eda Mansilla Quiroz.<\/p>\n<\/div><\/section><\/div><div  style='height:50px' class='hr hr-invisible   avia-builder-el-6  el_after_av_one_full  el_before_av_social_share '><span class='hr-inner ' ><span class='hr-inner-style'><\/span><\/span><\/div><\/p>\n<div  class='av-social-sharing-box  avia-builder-el-7  el_after_av_hr  el_before_av_hr  '><div class='av-share-box'><h5 class='av-share-link-description av-no-toc '>Compartir esta noticia<\/h5><ul class='av-share-box-list noLightbox'><li class='av-share-link av-social-link-facebook' ><a target=\"_blank\" aria-label=\"Compartir en Facebook\" href='https:\/\/www.facebook.com\/sharer.php?u=https:\/\/radiorevelacionfm.cl\/?p=50053&#038;t=Fiscal%C3%ADa%20obtiene%20condena%20contra%20un%20imputado%20de%2017%20a%C3%B1os%20por%20el%20delito%20de%20violaci%C3%B3n%20de%20una%20v%C3%ADctima%20en%20La%20Junta' aria-hidden='false' data-av_icon='\ue8f3' data-av_iconfont='entypo-fontello' title='' data-avia-related-tooltip='Compartir en Facebook' rel=\"noopener\"><span class='avia_hidden_link_text'>Compartir en Facebook<\/span><\/a><\/li><li class='av-share-link av-social-link-twitter' ><a target=\"_blank\" aria-label=\"Compartir en Twitter\" href='https:\/\/twitter.com\/share?text=Fiscal%C3%ADa%20obtiene%20condena%20contra%20un%20imputado%20de%2017%20a%C3%B1os%20por%20el%20delito%20de%20violaci%C3%B3n%20de%20una%20v%C3%ADctima%20en%20La%20Junta&#038;url=https:\/\/radiorevelacionfm.cl\/?p=50053' aria-hidden='false' data-av_icon='\ue8f1' data-av_iconfont='entypo-fontello' title='' data-avia-related-tooltip='Compartir en Twitter' rel=\"noopener\"><span class='avia_hidden_link_text'>Compartir en Twitter<\/span><\/a><\/li><li class='av-share-link av-social-link-whatsapp' ><a target=\"_blank\" aria-label=\"Compartir en Whatsapp\" href='https:\/\/api.whatsapp.com\/send?text=https:\/\/radiorevelacionfm.cl\/?p=50053' aria-hidden='false' data-av_icon='\uf232' data-av_iconfont='entypo-fontello' title='' data-avia-related-tooltip='Compartir en Whatsapp' rel=\"noopener\"><span class='avia_hidden_link_text'>Compartir en Whatsapp<\/span><\/a><\/li><li class='av-share-link av-social-link-linkedin' ><a target=\"_blank\" aria-label=\"Compartir en LinkedIn\" href='https:\/\/linkedin.com\/shareArticle?mini=true&#038;title=Fiscal%C3%ADa%20obtiene%20condena%20contra%20un%20imputado%20de%2017%20a%C3%B1os%20por%20el%20delito%20de%20violaci%C3%B3n%20de%20una%20v%C3%ADctima%20en%20La%20Junta&#038;url=https:\/\/radiorevelacionfm.cl\/?p=50053' aria-hidden='false' data-av_icon='\ue8fc' data-av_iconfont='entypo-fontello' title='' data-avia-related-tooltip='Compartir en LinkedIn' rel=\"noopener\"><span class='avia_hidden_link_text'>Compartir en LinkedIn<\/span><\/a><\/li><li class='av-share-link av-social-link-mail' ><a  aria-label=\"Compartir por correo\" href='mailto:?subject=Fiscal%C3%ADa%20obtiene%20condena%20contra%20un%20imputado%20de%2017%20a%C3%B1os%20por%20el%20delito%20de%20violaci%C3%B3n%20de%20una%20v%C3%ADctima%20en%20La%20Junta&#038;body=https:\/\/radiorevelacionfm.cl\/?p=50053' aria-hidden='false' data-av_icon='\ue805' data-av_iconfont='entypo-fontello' title='' data-avia-related-tooltip='Compartir por correo'><span class='avia_hidden_link_text'>Compartir por correo<\/span><\/a><\/li><\/ul><\/div><\/div>\n<div  style='height:50px' class='hr hr-invisible   avia-builder-el-8  el_after_av_social_share  el_before_av_comments_list '><span class='hr-inner ' ><span class='hr-inner-style'><\/span><\/span><\/div>\n<div  class='av-buildercomment  av-blog-meta-html-info-disabled av-blog-meta-tag-disabled  '><\/div>\n","protected":false},"excerpt":{"rendered":"","protected":false},"author":1,"featured_media":50054,"comment_status":"open","ping_status":"open","sticky":false,"template":"","format":"standard","meta":{"footnotes":""},"categories":[55],"tags":[],"class_list":["post-50053","post","type-post","status-publish","format-standard","has-post-thumbnail","hentry","category-justicia"],"jetpack_featured_media_url":"https:\/\/radiorevelacionfm.cl\/wp-content\/uploads\/2025\/01\/pedro7-1-1.jpg","_links":{"self":[{"href":"https:\/\/radiorevelacionfm.cl\/index.php?rest_route=\/wp\/v2\/posts\/50053","targetHints":{"allow":["GET"]}}],"collection":[{"href":"https:\/\/radiorevelacionfm.cl\/index.php?rest_route=\/wp\/v2\/posts"}],"about":[{"href":"https:\/\/radiorevelacionfm.cl\/index.php?rest_route=\/wp\/v2\/types\/post"}],"author":[{"embeddable":true,"href":"https:\/\/radiorevelacionfm.cl\/index.php?rest_route=\/wp\/v2\/users\/1"}],"replies":[{"embeddable":true,"href":"https:\/\/radiorevelacionfm.cl\/index.php?rest_route=%2Fwp%2Fv2%2Fcomments&post=50053"}],"version-history":[{"count":1,"href":"https:\/\/radiorevelacionfm.cl\/index.php?rest_route=\/wp\/v2\/posts\/50053\/revisions"}],"predecessor-version":[{"id":50055,"href":"https:\/\/radiorevelacionfm.cl\/index.php?rest_route=\/wp\/v2\/posts\/50053\/revisions\/50055"}],"wp:featuredmedia":[{"embeddable":true,"href":"https:\/\/radiorevelacionfm.cl\/index.php?rest_route=\/wp\/v2\/media\/50054"}],"wp:attachment":[{"href":"https:\/\/radiorevelacionfm.cl\/index.php?rest_route=%2Fwp%2Fv2%2Fmedia&parent=50053"}],"wp:term":[{"taxonomy":"category","embeddable":true,"href":"https:\/\/radiorevelacionfm.cl\/index.php?rest_route=%2Fwp%2Fv2%2Fcategories&post=50053"},{"taxonomy":"post_tag","embeddable":true,"href":"https:\/\/radiorevelacionfm.cl\/index.php?rest_route=%2Fwp%2Fv2%2Ftags&post=50053"}],"curies":[{"name":"wp","href":"https:\/\/api.w.org\/{rel}","templated":true}]}}