{"id":50050,"date":"2025-01-27T15:54:18","date_gmt":"2025-01-27T18:54:18","guid":{"rendered":"https:\/\/radiorevelacionfm.cl\/?p=50050"},"modified":"2025-01-27T15:54:18","modified_gmt":"2025-01-27T18:54:18","slug":"16-800-dosis-con-destino-a-la-region-de-aysen-operativo-permite-el-decomiso-de-4-kilos-200-gramos-de-cocaina","status":"publish","type":"post","link":"https:\/\/radiorevelacionfm.cl\/?p=50050","title":{"rendered":"16.800 dosis con destino a la Regi\u00f3n de Ays\u00e9n: Operativo permite el decomiso de 4 kilos 200 gramos de coca\u00edna"},"content":{"rendered":"<div class=\"flex_column av_one_full  flex_column_div av-zero-column-padding first  avia-builder-el-0  el_before_av_one_full  avia-builder-el-first  \" style='border-radius:0px; '><div  class='avia-image-container  av-styling-    avia-builder-el-1  avia-builder-el-no-sibling  avia-align-center '  itemprop=\"image\" itemscope=\"itemscope\" itemtype=\"https:\/\/schema.org\/ImageObject\"  ><div class='avia-image-container-inner'><div class='avia-image-overlay-wrap'><img decoding=\"async\" class='wp-image-50051 avia-img-lazy-loading-not-50051 avia_image' src=\"https:\/\/radiorevelacionfm.cl\/wp-content\/uploads\/2025\/01\/2-2025-01-27T155227.489-1.jpg\" alt='' title='2 - 2025-01-27T155227.489 (1)' height=\"600\" width=\"900\"  itemprop=\"thumbnailUrl\" srcset=\"https:\/\/radiorevelacionfm.cl\/wp-content\/uploads\/2025\/01\/2-2025-01-27T155227.489-1.jpg 900w, https:\/\/radiorevelacionfm.cl\/wp-content\/uploads\/2025\/01\/2-2025-01-27T155227.489-1-300x200.jpg 300w, https:\/\/radiorevelacionfm.cl\/wp-content\/uploads\/2025\/01\/2-2025-01-27T155227.489-1-768x512.jpg 768w, https:\/\/radiorevelacionfm.cl\/wp-content\/uploads\/2025\/01\/2-2025-01-27T155227.489-1-705x470.jpg 705w, https:\/\/radiorevelacionfm.cl\/wp-content\/uploads\/2025\/01\/2-2025-01-27T155227.489-1-450x300.jpg 450w, https:\/\/radiorevelacionfm.cl\/wp-content\/uploads\/2025\/01\/2-2025-01-27T155227.489-1-600x400.jpg 600w\" sizes=\"(max-width: 900px) 100vw, 900px\" \/><\/div><\/div><\/div><\/div><div class=\"flex_column av_one_full  flex_column_div av-zero-column-padding first  avia-builder-el-2  el_after_av_one_full  el_before_av_one_full  column-top-margin\" style='border-radius:0px; '><section class=\"av_textblock_section \"  itemscope=\"itemscope\" itemtype=\"https:\/\/schema.org\/BlogPosting\" itemprop=\"blogPost\" ><div class='avia_textblock  '   itemprop=\"text\" ><p style=\"text-align: center;\"><strong><span style=\"font-size: 18pt;\">16.800 dosis con destino a la Regi\u00f3n de Ays\u00e9n: Operativo permite el decomiso de 4 kilos 200 gramos de coca\u00edna<\/span><\/strong><\/p>\n<div id=\"gtx-trans\" style=\"position: absolute; left: -50px; top: 4.31534px;\">\n<div class=\"gtx-trans-icon\"><\/div>\n<\/div>\n<\/div><\/section><\/div><div class=\"flex_column av_one_full  flex_column_div av-zero-column-padding first  avia-builder-el-4  el_after_av_one_full  el_before_av_hr  column-top-margin\" style='border-radius:0px; '><section class=\"av_textblock_section \"  itemscope=\"itemscope\" itemtype=\"https:\/\/schema.org\/BlogPosting\" itemprop=\"blogPost\" ><div class='avia_textblock  '   itemprop=\"text\" ><p class=\"v1MsoNormal\" style=\"text-align: justify;\"><em>Imputado extranjero e indocumentado, fue detenido el viernes en Puerto Cisnes y puesto en prisi\u00f3n preventiva. La investigaci\u00f3n contin\u00faa.<\/em><\/p>\n<p class=\"v1MsoNormal\" style=\"text-align: justify;\">Como parte de un trabajo interinstitucional entre Aduanas, Armada, PDI y Fiscal\u00eda, fue detenido un imputado de 27 a\u00f1os, extranjero, quien manten\u00eda residencia en la ciudad de Castro y el cual transportaba 4 kilos 200 gramos de clorhidrato de coca\u00edna hacia la regi\u00f3n, es decir cerca de 16.800 dosis de drogas. El sujeto, quien no tiene permanencia legal en nuestro pa\u00eds, viajaba a bordo de la barcaza Jacaf donde fue fiscalizado.<\/p>\n<p class=\"v1MsoNormal\" style=\"text-align: justify;\">El Fiscal Regional, Jos\u00e9 Moris, explic\u00f3 que \u201cel d\u00eda viernes, en una labor de fiscalizaci\u00f3n efectuada en conjunto por la Armada de Chile con Aduanas, se logr\u00f3 detectar a un ciudadano extranjero indocumentado que ven\u00eda llegando a la regi\u00f3n en una barcaza a la ciudad de Puerto Cisnes. Producto de dicho hallazgo, que corresponde a fiscalizaciones normales que se efect\u00faan por parte de los servicios, fue informada la Fiscal\u00eda y dispuesta la concurrencia de la Polic\u00eda de Investigaciones para adoptar las diligencias correspondientes\u201d.<\/p>\n<p class=\"v1MsoNormal\" style=\"text-align: justify;\">El persecutor penal agreg\u00f3 que \u201cen este caso, el imputado, que corresponde a un extranjero indocumentado, ven\u00eda ingresando a la Regi\u00f3n de Ays\u00e9n con cuatro kilos de coca\u00edna, avaluados en m\u00e1s de 80 millones de pesos. La detenci\u00f3n ha permitido sacar de circulaci\u00f3n, por supuesto, una alta cantidad de droga gracias al trabajo efectuado en conjunto por las instituciones que hoy nos acompa\u00f1an\u201d.<\/p>\n<p class=\"v1MsoNormal\" style=\"text-align: justify;\"><strong>16.800 DOSIS<\/strong><\/p>\n<p class=\"v1MsoNormal\" style=\"text-align: justify;\">Por su parte la jefa (s) de la Brigada Antinarc\u00f3ticos y Contra el Crimen Organizado Coyhaique de la PDI, subcomisaria Geraldine Soto, explic\u00f3 que \u201ca ra\u00edz de un procedimiento que inicia la Polic\u00eda Mar\u00edtima el pasado viernes en horas de la ma\u00f1ana en la localidad de Puerto Cisnes, luego de detectar y detener a un ciudadano colombiano indocumentado, mayor de edad de 27 a\u00f1os, sin antecedentes policiales, portando alrededor de cuatro kilos 200 gramos de clorhidrato de coca\u00edna, el Ministerio P\u00fablico solicita a esta Brigada Especializada realizar una serie de diligencias tendientes a esclarecer el hecho y adem\u00e1s solicit\u00f3 la concurrencia del Laboratorio de Criminal\u00edstica para corroborar la identidad del sujeto\u201d.<\/p>\n<p class=\"v1MsoNormal\" style=\"text-align: justify;\">La jefa policial a\u00f1adi\u00f3 que \u201ces por ello que, desde ese d\u00eda, nos encontramos realizando diversos procedimientos para dar cumplimiento a lo instruido por la Fiscal\u00eda, por lo que no puedo dar mayores detalles de ello. Sin embargo, puedo se\u00f1alar que la droga incautada corresponde a 16.800 dosis con un aval\u00fao fiscal de 84 millones (de pesos)\u201d.<\/p>\n<p class=\"v1MsoNormal\" style=\"text-align: justify;\"><strong>ARMADA Y ADUANAS<\/strong><\/p>\n<p class=\"v1MsoNormal\" style=\"text-align: justify;\">En tanto el Gobernador Mar\u00edtimo de Ays\u00e9n, Capit\u00e1n de Nav\u00edo Litoral, Octavio Valenzuela, manifest\u00f3 que \u201cestas actividades son rutinarias, sobre todo en este per\u00edodo que es un per\u00edodo estival, con un alto tr\u00e1fico de personas que vienen de distintas zonas del pa\u00eds y estamos encarecidamente proyectados a poder mantener esta fiscalizaci\u00f3n y control en todos los puertos y rampas de conectividad que tenemos aqu\u00ed en nuestra regi\u00f3n\u201d.<\/p>\n<p class=\"v1MsoNormal\" style=\"text-align: justify;\">Sobre el aumento en los decomisos de drogas, el Gobernador Mar\u00edtimo expres\u00f3 que \u201cpodemos ir viendo que ha ido, quiz\u00e1s, en un aumento exponencial, pero bajo una mirada que tiene que ver tambi\u00e9n con informaci\u00f3n de inteligencia en el \u00e1rea para poder darnos informaci\u00f3n \u00fatil para la toma de decisiones\u201d.<\/p>\n<p class=\"v1MsoNormal\" style=\"text-align: justify;\">Finalmente, el Director Regional de Aduanas, Ra\u00fal Pizarro, dijo que \u201cnuestra presencia y nuestro trabajo es permanente, es de todos los d\u00edas, 24 horas, 24\/7 y los resultados est\u00e1n a la vista cuando los servicios se coordinan y trabajan en forma mancomunada y orientada hacia justamente tratar de eliminar y hacer cero ojal\u00e1 este flagelo que afecta al pa\u00eds y en particular a la regi\u00f3n.<\/p>\n<p class=\"v1MsoNormal\" style=\"text-align: justify;\">La autoridad de Aduanas a\u00f1adi\u00f3 que \u201ccomo ya se dijo, se perfil\u00f3 al ciudadano, ven\u00eda alguna informaci\u00f3n anterior, de manera que nos permiti\u00f3 pesquisar el decomiso y hacer todo el procedimiento que ya se ha se\u00f1alado\u201d.<\/p>\n<\/div><\/section><\/div><div  style='height:50px' class='hr hr-invisible   avia-builder-el-6  el_after_av_one_full  el_before_av_social_share '><span class='hr-inner ' ><span class='hr-inner-style'><\/span><\/span><\/div><\/p>\n<div  class='av-social-sharing-box  avia-builder-el-7  el_after_av_hr  el_before_av_hr  '><div class='av-share-box'><h5 class='av-share-link-description av-no-toc '>Compartir esta noticia<\/h5><ul class='av-share-box-list noLightbox'><li class='av-share-link av-social-link-facebook' ><a target=\"_blank\" aria-label=\"Compartir en Facebook\" href='https:\/\/www.facebook.com\/sharer.php?u=https:\/\/radiorevelacionfm.cl\/?p=50050&#038;t=16.800%20dosis%20con%20destino%20a%20la%20Regi%C3%B3n%20de%20Ays%C3%A9n%3A%20Operativo%20permite%20el%20decomiso%20de%204%20kilos%20200%20gramos%20de%20coca%C3%ADna' aria-hidden='false' data-av_icon='\ue8f3' data-av_iconfont='entypo-fontello' title='' data-avia-related-tooltip='Compartir en Facebook' rel=\"noopener\"><span class='avia_hidden_link_text'>Compartir en Facebook<\/span><\/a><\/li><li class='av-share-link av-social-link-twitter' ><a target=\"_blank\" aria-label=\"Compartir en Twitter\" href='https:\/\/twitter.com\/share?text=16.800%20dosis%20con%20destino%20a%20la%20Regi%C3%B3n%20de%20Ays%C3%A9n%3A%20Operativo%20permite%20el%20decomiso%20de%204%20kilos%20200%20gramos%20de%20coca%C3%ADna&#038;url=https:\/\/radiorevelacionfm.cl\/?p=50050' aria-hidden='false' data-av_icon='\ue8f1' data-av_iconfont='entypo-fontello' title='' data-avia-related-tooltip='Compartir en Twitter' rel=\"noopener\"><span class='avia_hidden_link_text'>Compartir en Twitter<\/span><\/a><\/li><li class='av-share-link av-social-link-whatsapp' ><a target=\"_blank\" aria-label=\"Compartir en Whatsapp\" href='https:\/\/api.whatsapp.com\/send?text=https:\/\/radiorevelacionfm.cl\/?p=50050' aria-hidden='false' data-av_icon='\uf232' data-av_iconfont='entypo-fontello' title='' data-avia-related-tooltip='Compartir en Whatsapp' rel=\"noopener\"><span class='avia_hidden_link_text'>Compartir en Whatsapp<\/span><\/a><\/li><li class='av-share-link av-social-link-linkedin' ><a target=\"_blank\" aria-label=\"Compartir en LinkedIn\" href='https:\/\/linkedin.com\/shareArticle?mini=true&#038;title=16.800%20dosis%20con%20destino%20a%20la%20Regi%C3%B3n%20de%20Ays%C3%A9n%3A%20Operativo%20permite%20el%20decomiso%20de%204%20kilos%20200%20gramos%20de%20coca%C3%ADna&#038;url=https:\/\/radiorevelacionfm.cl\/?p=50050' aria-hidden='false' data-av_icon='\ue8fc' data-av_iconfont='entypo-fontello' title='' data-avia-related-tooltip='Compartir en LinkedIn' rel=\"noopener\"><span class='avia_hidden_link_text'>Compartir en LinkedIn<\/span><\/a><\/li><li class='av-share-link av-social-link-mail' ><a  aria-label=\"Compartir por correo\" href='mailto:?subject=16.800%20dosis%20con%20destino%20a%20la%20Regi%C3%B3n%20de%20Ays%C3%A9n%3A%20Operativo%20permite%20el%20decomiso%20de%204%20kilos%20200%20gramos%20de%20coca%C3%ADna&#038;body=https:\/\/radiorevelacionfm.cl\/?p=50050' aria-hidden='false' data-av_icon='\ue805' data-av_iconfont='entypo-fontello' title='' data-avia-related-tooltip='Compartir por correo'><span class='avia_hidden_link_text'>Compartir por correo<\/span><\/a><\/li><\/ul><\/div><\/div>\n<div  style='height:50px' class='hr hr-invisible   avia-builder-el-8  el_after_av_social_share  el_before_av_comments_list '><span class='hr-inner ' ><span class='hr-inner-style'><\/span><\/span><\/div>\n<div  class='av-buildercomment  av-blog-meta-html-info-disabled av-blog-meta-tag-disabled  '><\/div>\n","protected":false},"excerpt":{"rendered":"","protected":false},"author":1,"featured_media":50051,"comment_status":"open","ping_status":"open","sticky":false,"template":"","format":"standard","meta":{"footnotes":""},"categories":[36],"tags":[],"class_list":["post-50050","post","type-post","status-publish","format-standard","has-post-thumbnail","hentry","category-policial"],"jetpack_featured_media_url":"https:\/\/radiorevelacionfm.cl\/wp-content\/uploads\/2025\/01\/2-2025-01-27T155227.489-1.jpg","_links":{"self":[{"href":"https:\/\/radiorevelacionfm.cl\/index.php?rest_route=\/wp\/v2\/posts\/50050","targetHints":{"allow":["GET"]}}],"collection":[{"href":"https:\/\/radiorevelacionfm.cl\/index.php?rest_route=\/wp\/v2\/posts"}],"about":[{"href":"https:\/\/radiorevelacionfm.cl\/index.php?rest_route=\/wp\/v2\/types\/post"}],"author":[{"embeddable":true,"href":"https:\/\/radiorevelacionfm.cl\/index.php?rest_route=\/wp\/v2\/users\/1"}],"replies":[{"embeddable":true,"href":"https:\/\/radiorevelacionfm.cl\/index.php?rest_route=%2Fwp%2Fv2%2Fcomments&post=50050"}],"version-history":[{"count":1,"href":"https:\/\/radiorevelacionfm.cl\/index.php?rest_route=\/wp\/v2\/posts\/50050\/revisions"}],"predecessor-version":[{"id":50052,"href":"https:\/\/radiorevelacionfm.cl\/index.php?rest_route=\/wp\/v2\/posts\/50050\/revisions\/50052"}],"wp:featuredmedia":[{"embeddable":true,"href":"https:\/\/radiorevelacionfm.cl\/index.php?rest_route=\/wp\/v2\/media\/50051"}],"wp:attachment":[{"href":"https:\/\/radiorevelacionfm.cl\/index.php?rest_route=%2Fwp%2Fv2%2Fmedia&parent=50050"}],"wp:term":[{"taxonomy":"category","embeddable":true,"href":"https:\/\/radiorevelacionfm.cl\/index.php?rest_route=%2Fwp%2Fv2%2Fcategories&post=50050"},{"taxonomy":"post_tag","embeddable":true,"href":"https:\/\/radiorevelacionfm.cl\/index.php?rest_route=%2Fwp%2Fv2%2Ftags&post=50050"}],"curies":[{"name":"wp","href":"https:\/\/api.w.org\/{rel}","templated":true}]}}