{"id":50043,"date":"2025-01-27T14:50:19","date_gmt":"2025-01-27T17:50:19","guid":{"rendered":"https:\/\/radiorevelacionfm.cl\/?p=50043"},"modified":"2025-01-27T14:50:19","modified_gmt":"2025-01-27T17:50:19","slug":"hospital-de-puerto-aysen-y-fundacion-traesol-llevan-a-cabo-cirugias-de-alta-complejidad","status":"publish","type":"post","link":"https:\/\/radiorevelacionfm.cl\/?p=50043","title":{"rendered":"Hospital de Puerto Ays\u00e9n y Fundaci\u00f3n Traesol llevan a cabo cirug\u00edas de alta complejidad"},"content":{"rendered":"<div class=\"flex_column av_one_full  flex_column_div av-zero-column-padding first  avia-builder-el-0  el_before_av_one_full  avia-builder-el-first  \" style='border-radius:0px; '><div  class='avia-image-container  av-styling-    avia-builder-el-1  avia-builder-el-no-sibling  avia-align-center '  itemprop=\"image\" itemscope=\"itemscope\" itemtype=\"https:\/\/schema.org\/ImageObject\"  ><div class='avia-image-container-inner'><div class='avia-image-overlay-wrap'><img decoding=\"async\" class='wp-image-50044 avia-img-lazy-loading-not-50044 avia_image' src=\"https:\/\/radiorevelacionfm.cl\/wp-content\/uploads\/2025\/01\/FOTO-1-70-1-1.jpeg\" alt='' title='FOTO 1 (70) (1) (1)' height=\"600\" width=\"800\"  itemprop=\"thumbnailUrl\" srcset=\"https:\/\/radiorevelacionfm.cl\/wp-content\/uploads\/2025\/01\/FOTO-1-70-1-1.jpeg 800w, https:\/\/radiorevelacionfm.cl\/wp-content\/uploads\/2025\/01\/FOTO-1-70-1-1-300x225.jpeg 300w, https:\/\/radiorevelacionfm.cl\/wp-content\/uploads\/2025\/01\/FOTO-1-70-1-1-768x576.jpeg 768w, https:\/\/radiorevelacionfm.cl\/wp-content\/uploads\/2025\/01\/FOTO-1-70-1-1-705x529.jpeg 705w, https:\/\/radiorevelacionfm.cl\/wp-content\/uploads\/2025\/01\/FOTO-1-70-1-1-450x338.jpeg 450w, https:\/\/radiorevelacionfm.cl\/wp-content\/uploads\/2025\/01\/FOTO-1-70-1-1-600x450.jpeg 600w\" sizes=\"(max-width: 800px) 100vw, 800px\" \/><\/div><\/div><\/div><\/div><div class=\"flex_column av_one_full  flex_column_div av-zero-column-padding first  avia-builder-el-2  el_after_av_one_full  el_before_av_one_full  column-top-margin\" style='border-radius:0px; '><section class=\"av_textblock_section \"  itemscope=\"itemscope\" itemtype=\"https:\/\/schema.org\/BlogPosting\" itemprop=\"blogPost\" ><div class='avia_textblock  '   itemprop=\"text\" ><p style=\"text-align: center;\"><span style=\"font-size: 18pt;\"><b><span lang=\"ES-MX\">Hospital de Puerto Ays\u00e9n y Fundaci\u00f3n Traesol llevan a cabo cirug\u00edas de alta complejidad<\/span><\/b><\/span><\/p>\n<div id=\"gtx-trans\" style=\"position: absolute; left: -50px; top: 4.31534px;\">\n<div class=\"gtx-trans-icon\"><\/div>\n<\/div>\n<\/div><\/section><\/div><div class=\"flex_column av_one_full  flex_column_div av-zero-column-padding first  avia-builder-el-4  el_after_av_one_full  el_before_av_hr  column-top-margin\" style='border-radius:0px; '><section class=\"av_textblock_section \"  itemscope=\"itemscope\" itemtype=\"https:\/\/schema.org\/BlogPosting\" itemprop=\"blogPost\" ><div class='avia_textblock  '   itemprop=\"text\" ><p style=\"font-weight: 400; text-align: justify;\"><em>Un equipo de cinco profesionales m\u00e9dicos de Santiago en conjunto con especialistas del hospital operaron satisfactoriamente a pacientes con fracturas complejas en tobillo y pie.<\/em><\/p>\n<p style=\"font-weight: 400; text-align: justify;\">El pasado viernes 24 y s\u00e1bado 25 de enero, el Hospital de Puerto Ays\u00e9n fue escenario de un destacado operativo m\u00e9dico, llevado a cabo gracias a la colaboraci\u00f3n de la Fundaci\u00f3n Traesol a trav\u00e9s de un equipo de traumat\u00f3logos provenientes de Santiago. Este esfuerzo permiti\u00f3 realizar cirug\u00edas especializadas en tobillo y pie, beneficiando a seis pacientes que presentaban patolog\u00edas complejas.<\/p>\n<p style=\"font-weight: 400; text-align: justify;\">El operativo signific\u00f3 un cambio radical en la calidad de vida de las personas atendidas. Rosa Espejo Hern\u00e1ndez, una paciente operada de tobillo, expres\u00f3:\u00a0\u201cVengo de La Junta, camino a Chait\u00e9n a 26 kil\u00f3metros, vivo en el campo. Estaba esperando desde hace cuatro a\u00f1os por la cirug\u00eda y doy gracias a Dios por la operaci\u00f3n. Doy gracias a todos los m\u00e9dicos que me operaron. \u00a1Estoy muy bien!\u201d.<\/p>\n<p style=\"font-weight: 400; text-align: justify;\">\u00a0\u00d3scar Escobar Bravo, traumat\u00f3logo por la Fundaci\u00f3n Traesol, destac\u00f3 las cirug\u00edas realizadas por el equipo visitante y del hospital:\u00a0\u201cResolvimos seis pacientes con deformidades complejas de pie, dentro de ellas secuelas de lesiones traum\u00e1ticas que hab\u00edan quedado sin tratamiento o ten\u00edan lesiones muy antiguas. Hicimos una cirug\u00eda de artrodesis de tobillo, una paciente que ten\u00eda una fractura de muchos a\u00f1os y que vive en una zona muy rural. Adem\u00e1s, resolvimos el caso de una paciente con una deformidad cong\u00e9nita (\u2026) tambi\u00e9n pacientes con juanetes o Hallux abductus valgus muy severos\u201d.<\/p>\n<p style=\"font-weight: 400; text-align: justify;\">Cabe mencionar, que el operativo fue posible gracias a un convenio entre el Hospital de Puerto Ays\u00e9n y la Fundaci\u00f3n Traesol, gestado en 2024 para reducir los tiempos de espera en traumatolog\u00eda, una de las \u00e1reas con mayores listas de espera en la Red Asistencial de Ays\u00e9n.<\/p>\n<p style=\"font-weight: 400; text-align: justify;\">Jos\u00e9 Tom\u00e1s P\u00e9rez, uno de los tres traumat\u00f3logos del Hospital de Puerto Ays\u00e9n, se\u00f1al\u00f3: \u201cEstamos felices porque finalmente logramos el objetivo de poder resolver las patolog\u00edas en nuestros pacientes que nosotros no pod\u00edamos resolver\u201d.<\/p>\n<p style=\"font-weight: 400; text-align: justify;\">Por su parte, Ram\u00f3n Vergara, subdirector (S) de Gesti\u00f3n Asistencial del Servicio de Salud Ays\u00e9n, manifest\u00f3. \u201cEste tipo de operativos con la Fundaci\u00f3n Traesol es muy importante para nosotros, porque fortalece las competencias de nuestros equipos por una parte y tambi\u00e9n ayuda a resolver patolog\u00edas complejas que no podr\u00edamos realizar sin la ayuda de especialistas que est\u00e1n muy bien calificados\u201d.<\/p>\n<p style=\"font-weight: 400; text-align: justify;\">El Dr. \u00d3scar Escobar tambi\u00e9n destac\u00f3 la calidad de las instalaciones del \u00fanico hospital de mediana complejidad en la regi\u00f3n:\u00a0\u201cSorprendidos y contentos porque en un lugar tan lejano existe un hospital tan bonito y con pabellones que tiene buenos insumos, implementados y amplios, no tuvimos ning\u00fan problema para realizar las cirug\u00edas, el personal se port\u00f3 impecable, nos vamos muy contentos\u201d.<\/p>\n<p style=\"font-weight: 400; text-align: justify;\">Por su parte, Hern\u00e1n Barrientos Hern\u00e1ndez, director del Hospital de Puerto Ays\u00e9n, agreg\u00f3: \u201cNuestro hospital tiene las competencias instaladas, especialistas que pueden colaborar en subespecialidades y adem\u00e1s contamos con una infraestructura de pabellones con alta tecnolog\u00eda y que permiten resolver listas de espera de nivel regional\u201d.<\/p>\n<p style=\"font-weight: 400; text-align: justify;\">Finalmente, el director subray\u00f3: \u201cPara nosotros es fundamental dar la posibilidad a nuestros especialistas de que tengan mayores conocimientos a trav\u00e9s de otros especialistas altamente competentes. Adem\u00e1s, esto nos permite mantener motivado al personal para seguir reforzando el nivel de resoluci\u00f3n de nuestro hospital de mediana complejidad en la regi\u00f3n\u201d.<\/p>\n<p style=\"font-weight: 400; text-align: justify;\">El \u00e9xito del operativo motiva a continuar con estas y otras iniciativas. Se espera que el equipo local pesquise nuevos casos que permitan organizar m\u00e1s jornadas quir\u00fargicas en el corto plazo, beneficiando a m\u00e1s usuarios con patolog\u00edas complejas y fortaleciendo la Red de Atenci\u00f3n en la Regi\u00f3n.<\/p>\n<\/div><\/section><\/div><div  style='height:50px' class='hr hr-invisible   avia-builder-el-6  el_after_av_one_full  el_before_av_social_share '><span class='hr-inner ' ><span class='hr-inner-style'><\/span><\/span><\/div><\/p>\n<div  class='av-social-sharing-box  avia-builder-el-7  el_after_av_hr  el_before_av_hr  '><div class='av-share-box'><h5 class='av-share-link-description av-no-toc '>Compartir esta noticia<\/h5><ul class='av-share-box-list noLightbox'><li class='av-share-link av-social-link-facebook' ><a target=\"_blank\" aria-label=\"Compartir en Facebook\" href='https:\/\/www.facebook.com\/sharer.php?u=https:\/\/radiorevelacionfm.cl\/?p=50043&#038;t=Hospital%20de%20Puerto%20Ays%C3%A9n%20y%20Fundaci%C3%B3n%20Traesol%20llevan%20a%20cabo%20cirug%C3%ADas%20de%20alta%20complejidad' aria-hidden='false' data-av_icon='\ue8f3' data-av_iconfont='entypo-fontello' title='' data-avia-related-tooltip='Compartir en Facebook' rel=\"noopener\"><span class='avia_hidden_link_text'>Compartir en Facebook<\/span><\/a><\/li><li class='av-share-link av-social-link-twitter' ><a target=\"_blank\" aria-label=\"Compartir en Twitter\" href='https:\/\/twitter.com\/share?text=Hospital%20de%20Puerto%20Ays%C3%A9n%20y%20Fundaci%C3%B3n%20Traesol%20llevan%20a%20cabo%20cirug%C3%ADas%20de%20alta%20complejidad&#038;url=https:\/\/radiorevelacionfm.cl\/?p=50043' aria-hidden='false' data-av_icon='\ue8f1' data-av_iconfont='entypo-fontello' title='' data-avia-related-tooltip='Compartir en Twitter' rel=\"noopener\"><span class='avia_hidden_link_text'>Compartir en Twitter<\/span><\/a><\/li><li class='av-share-link av-social-link-whatsapp' ><a target=\"_blank\" aria-label=\"Compartir en Whatsapp\" href='https:\/\/api.whatsapp.com\/send?text=https:\/\/radiorevelacionfm.cl\/?p=50043' aria-hidden='false' data-av_icon='\uf232' data-av_iconfont='entypo-fontello' title='' data-avia-related-tooltip='Compartir en Whatsapp' rel=\"noopener\"><span class='avia_hidden_link_text'>Compartir en Whatsapp<\/span><\/a><\/li><li class='av-share-link av-social-link-linkedin' ><a target=\"_blank\" aria-label=\"Compartir en LinkedIn\" href='https:\/\/linkedin.com\/shareArticle?mini=true&#038;title=Hospital%20de%20Puerto%20Ays%C3%A9n%20y%20Fundaci%C3%B3n%20Traesol%20llevan%20a%20cabo%20cirug%C3%ADas%20de%20alta%20complejidad&#038;url=https:\/\/radiorevelacionfm.cl\/?p=50043' aria-hidden='false' data-av_icon='\ue8fc' data-av_iconfont='entypo-fontello' title='' data-avia-related-tooltip='Compartir en LinkedIn' rel=\"noopener\"><span class='avia_hidden_link_text'>Compartir en LinkedIn<\/span><\/a><\/li><li class='av-share-link av-social-link-mail' ><a  aria-label=\"Compartir por correo\" href='mailto:?subject=Hospital%20de%20Puerto%20Ays%C3%A9n%20y%20Fundaci%C3%B3n%20Traesol%20llevan%20a%20cabo%20cirug%C3%ADas%20de%20alta%20complejidad&#038;body=https:\/\/radiorevelacionfm.cl\/?p=50043' aria-hidden='false' data-av_icon='\ue805' data-av_iconfont='entypo-fontello' title='' data-avia-related-tooltip='Compartir por correo'><span class='avia_hidden_link_text'>Compartir por correo<\/span><\/a><\/li><\/ul><\/div><\/div>\n<div  style='height:50px' class='hr hr-invisible   avia-builder-el-8  el_after_av_social_share  el_before_av_comments_list '><span class='hr-inner ' ><span class='hr-inner-style'><\/span><\/span><\/div>\n<div  class='av-buildercomment  av-blog-meta-html-info-disabled av-blog-meta-tag-disabled  '><\/div>\n","protected":false},"excerpt":{"rendered":"","protected":false},"author":1,"featured_media":50044,"comment_status":"open","ping_status":"open","sticky":false,"template":"","format":"standard","meta":{"footnotes":""},"categories":[46],"tags":[],"class_list":["post-50043","post","type-post","status-publish","format-standard","has-post-thumbnail","hentry","category-salud"],"jetpack_featured_media_url":"https:\/\/radiorevelacionfm.cl\/wp-content\/uploads\/2025\/01\/FOTO-1-70-1-1.jpeg","_links":{"self":[{"href":"https:\/\/radiorevelacionfm.cl\/index.php?rest_route=\/wp\/v2\/posts\/50043","targetHints":{"allow":["GET"]}}],"collection":[{"href":"https:\/\/radiorevelacionfm.cl\/index.php?rest_route=\/wp\/v2\/posts"}],"about":[{"href":"https:\/\/radiorevelacionfm.cl\/index.php?rest_route=\/wp\/v2\/types\/post"}],"author":[{"embeddable":true,"href":"https:\/\/radiorevelacionfm.cl\/index.php?rest_route=\/wp\/v2\/users\/1"}],"replies":[{"embeddable":true,"href":"https:\/\/radiorevelacionfm.cl\/index.php?rest_route=%2Fwp%2Fv2%2Fcomments&post=50043"}],"version-history":[{"count":1,"href":"https:\/\/radiorevelacionfm.cl\/index.php?rest_route=\/wp\/v2\/posts\/50043\/revisions"}],"predecessor-version":[{"id":50045,"href":"https:\/\/radiorevelacionfm.cl\/index.php?rest_route=\/wp\/v2\/posts\/50043\/revisions\/50045"}],"wp:featuredmedia":[{"embeddable":true,"href":"https:\/\/radiorevelacionfm.cl\/index.php?rest_route=\/wp\/v2\/media\/50044"}],"wp:attachment":[{"href":"https:\/\/radiorevelacionfm.cl\/index.php?rest_route=%2Fwp%2Fv2%2Fmedia&parent=50043"}],"wp:term":[{"taxonomy":"category","embeddable":true,"href":"https:\/\/radiorevelacionfm.cl\/index.php?rest_route=%2Fwp%2Fv2%2Fcategories&post=50043"},{"taxonomy":"post_tag","embeddable":true,"href":"https:\/\/radiorevelacionfm.cl\/index.php?rest_route=%2Fwp%2Fv2%2Ftags&post=50043"}],"curies":[{"name":"wp","href":"https:\/\/api.w.org\/{rel}","templated":true}]}}