{"id":50035,"date":"2025-01-27T12:24:25","date_gmt":"2025-01-27T15:24:25","guid":{"rendered":"https:\/\/radiorevelacionfm.cl\/?p=50035"},"modified":"2025-01-27T18:57:57","modified_gmt":"2025-01-27T21:57:57","slug":"ciudadano-extranjero-es-sorprendido-transportando-mas-de-4-kilos-de-cocaina-en-puerto-cisnes","status":"publish","type":"post","link":"https:\/\/radiorevelacionfm.cl\/?p=50035","title":{"rendered":"Ciudadano extranjero es sorprendido transportando m\u00e1s de 4 kilos de coca\u00edna en Puerto Cisnes"},"content":{"rendered":"<div class=\"flex_column av_one_full  flex_column_div av-zero-column-padding first  avia-builder-el-0  el_before_av_one_full  avia-builder-el-first  \" style='border-radius:0px; '><div  class='avia-image-container  av-styling-    avia-builder-el-1  avia-builder-el-no-sibling  avia-align-center '  itemprop=\"image\" itemscope=\"itemscope\" itemtype=\"https:\/\/schema.org\/ImageObject\"  ><div class='avia-image-container-inner'><div class='avia-image-overlay-wrap'><img decoding=\"async\" class='wp-image-50036 avia-img-lazy-loading-not-50036 avia_image' src=\"https:\/\/radiorevelacionfm.cl\/wp-content\/uploads\/2025\/01\/Incautacion-Cisnes-enero-1-1.jpg\" alt='' title='Incautacion Cisnes-enero (1) (1)' height=\"760\" width=\"801\"  itemprop=\"thumbnailUrl\" srcset=\"https:\/\/radiorevelacionfm.cl\/wp-content\/uploads\/2025\/01\/Incautacion-Cisnes-enero-1-1.jpg 801w, https:\/\/radiorevelacionfm.cl\/wp-content\/uploads\/2025\/01\/Incautacion-Cisnes-enero-1-1-300x285.jpg 300w, https:\/\/radiorevelacionfm.cl\/wp-content\/uploads\/2025\/01\/Incautacion-Cisnes-enero-1-1-768x729.jpg 768w, https:\/\/radiorevelacionfm.cl\/wp-content\/uploads\/2025\/01\/Incautacion-Cisnes-enero-1-1-705x669.jpg 705w, https:\/\/radiorevelacionfm.cl\/wp-content\/uploads\/2025\/01\/Incautacion-Cisnes-enero-1-1-450x427.jpg 450w, https:\/\/radiorevelacionfm.cl\/wp-content\/uploads\/2025\/01\/Incautacion-Cisnes-enero-1-1-600x569.jpg 600w\" sizes=\"(max-width: 801px) 100vw, 801px\" \/><\/div><\/div><\/div><\/div>\n<div class=\"flex_column av_one_full  flex_column_div av-zero-column-padding first  avia-builder-el-2  el_after_av_one_full  el_before_av_one_full  column-top-margin\" style='border-radius:0px; '><section class=\"av_textblock_section \"  itemscope=\"itemscope\" itemtype=\"https:\/\/schema.org\/BlogPosting\" itemprop=\"blogPost\" ><div class='avia_textblock  '   itemprop=\"text\" ><p style=\"text-align: center;\"><strong><span style=\"font-size: 18pt;\">Ciudadano extranjero es sorprendido transportando m\u00e1s de 4 kilos de coca\u00edna en Puerto Cisnes<\/span><\/strong><\/p>\n<div id=\"gtx-trans\" style=\"position: absolute; left: -50px; top: 4.31534px;\">\n<div class=\"gtx-trans-icon\"><\/div>\n<\/div>\n<\/div><\/section><\/div>\n<div class=\"flex_column av_one_full  flex_column_div av-zero-column-padding first  avia-builder-el-4  el_after_av_one_full  el_before_av_hr  column-top-margin\" style='border-radius:0px; '><section class=\"av_textblock_section \"  itemscope=\"itemscope\" itemtype=\"https:\/\/schema.org\/BlogPosting\" itemprop=\"blogPost\" ><div class='avia_textblock  '   itemprop=\"text\" ><p style=\"text-align: justify;\"><em>El imputado viajaba en barcaza que recal\u00f3 en Puerto Cisnes proveniente de Quell\u00f3n.<\/em><\/p>\n<p style=\"text-align: justify;\">En un trabajo conjunto entre la Autoridad Mar\u00edtima, Aduana y la Brigada Antinarc\u00f3ticos (Brianco) de la PDI Coyhaique, en un operativo realizado el viernes 24 de enero de 2025, se logr\u00f3 la detenci\u00f3n de un ciudadano colombiano de 27 a\u00f1os de edad, indocumentado, quien transportaba m\u00e1s de 4 kilos de coca\u00edna en su equipaje.<\/p>\n<p style=\"text-align: justify;\">El fiscal regional (s) Jos\u00e9 Moris, explic\u00f3 que la detenci\u00f3n se llev\u00f3 a cabo tras la recalada de la barcaza en Puerto Cisnes, donde viajaba el sujeto, siendo requerido para un control rutinario de Aduana en el puerto.<\/p>\n<div id=\"temp_home_center\" class=\"cont_dstemp\" style=\"text-align: justify;\" data-sector=\"7\">\n<section class=\"cont-section\">\n<div class=\"col-12 mb-4 text-center banner-desktop t_banner avfr_2_9 tp- mdl_7\">\n<div id=\"Inread\" class=\"col-12 text-center\">\u00abEl sujeto ven\u00eda ingresando a la regi\u00f3n con m\u00e1s de cuatro kilos de coca\u00edna avaluados en 84 millones de pesos. Producto del hallazgo fue informada la Fiscal\u00eda y dispuesta la concurrencia de la PDI para adoptar las diligencias correspondientes\u201d, a\u00f1adi\u00f3 el fiscal regional subrogante.<\/div>\n<\/div>\n<\/section>\n<\/div>\n<p style=\"text-align: justify;\">El persecutor penal inform\u00f3 que, tras ser detenido, el sujeto fue formalizado este s\u00e1bado 25 de enero y qued\u00f3 en prisi\u00f3n preventiva.<\/p>\n<p style=\"text-align: justify;\">Finalmente, la subcomisaria Geraldine Soto, jefa subrogante de la Brigada Antinarc\u00f3ticos y Crimen Organizado de Coyhaique, indic\u00f3 que la droga incautada alcanza a 4.200 kilos de coca\u00edna, lo que equivale a unas 16.800 dosis, siendo avaluadas en unos 84 millones de pesos, por su parte la PDI contin\u00faa la investigaci\u00f3n para identificar a los receptores finales de la droga en la regi\u00f3n.<\/p>\n<\/div><\/section><\/div><div  style='height:50px' class='hr hr-invisible   avia-builder-el-6  el_after_av_one_full  el_before_av_social_share '><span class='hr-inner ' ><span class='hr-inner-style'><\/span><\/span><\/div><\/p>\n<div  class='av-social-sharing-box  avia-builder-el-7  el_after_av_hr  el_before_av_hr  '><div class='av-share-box'><h5 class='av-share-link-description av-no-toc '>Compartir esta noticia<\/h5><ul class='av-share-box-list noLightbox'><li class='av-share-link av-social-link-facebook' ><a target=\"_blank\" aria-label=\"Compartir en Facebook\" href='https:\/\/www.facebook.com\/sharer.php?u=https:\/\/radiorevelacionfm.cl\/?p=50035&#038;t=Ciudadano%20extranjero%20es%20sorprendido%20transportando%20m%C3%A1s%20de%204%20kilos%20de%20coca%C3%ADna%20en%20Puerto%20Cisnes' aria-hidden='false' data-av_icon='\ue8f3' data-av_iconfont='entypo-fontello' title='' data-avia-related-tooltip='Compartir en Facebook' rel=\"noopener\"><span class='avia_hidden_link_text'>Compartir en Facebook<\/span><\/a><\/li><li class='av-share-link av-social-link-twitter' ><a target=\"_blank\" aria-label=\"Compartir en Twitter\" href='https:\/\/twitter.com\/share?text=Ciudadano%20extranjero%20es%20sorprendido%20transportando%20m%C3%A1s%20de%204%20kilos%20de%20coca%C3%ADna%20en%20Puerto%20Cisnes&#038;url=https:\/\/radiorevelacionfm.cl\/?p=50035' aria-hidden='false' data-av_icon='\ue8f1' data-av_iconfont='entypo-fontello' title='' data-avia-related-tooltip='Compartir en Twitter' rel=\"noopener\"><span class='avia_hidden_link_text'>Compartir en Twitter<\/span><\/a><\/li><li class='av-share-link av-social-link-whatsapp' ><a target=\"_blank\" aria-label=\"Compartir en Whatsapp\" href='https:\/\/api.whatsapp.com\/send?text=https:\/\/radiorevelacionfm.cl\/?p=50035' aria-hidden='false' data-av_icon='\uf232' data-av_iconfont='entypo-fontello' title='' data-avia-related-tooltip='Compartir en Whatsapp' rel=\"noopener\"><span class='avia_hidden_link_text'>Compartir en Whatsapp<\/span><\/a><\/li><li class='av-share-link av-social-link-linkedin' ><a target=\"_blank\" aria-label=\"Compartir en LinkedIn\" href='https:\/\/linkedin.com\/shareArticle?mini=true&#038;title=Ciudadano%20extranjero%20es%20sorprendido%20transportando%20m%C3%A1s%20de%204%20kilos%20de%20coca%C3%ADna%20en%20Puerto%20Cisnes&#038;url=https:\/\/radiorevelacionfm.cl\/?p=50035' aria-hidden='false' data-av_icon='\ue8fc' data-av_iconfont='entypo-fontello' title='' data-avia-related-tooltip='Compartir en LinkedIn' rel=\"noopener\"><span class='avia_hidden_link_text'>Compartir en LinkedIn<\/span><\/a><\/li><li class='av-share-link av-social-link-mail' ><a  aria-label=\"Compartir por correo\" href='mailto:?subject=Ciudadano%20extranjero%20es%20sorprendido%20transportando%20m%C3%A1s%20de%204%20kilos%20de%20coca%C3%ADna%20en%20Puerto%20Cisnes&#038;body=https:\/\/radiorevelacionfm.cl\/?p=50035' aria-hidden='false' data-av_icon='\ue805' data-av_iconfont='entypo-fontello' title='' data-avia-related-tooltip='Compartir por correo'><span class='avia_hidden_link_text'>Compartir por correo<\/span><\/a><\/li><\/ul><\/div><\/div>\n<div  style='height:50px' class='hr hr-invisible   avia-builder-el-8  el_after_av_social_share  el_before_av_comments_list '><span class='hr-inner ' ><span class='hr-inner-style'><\/span><\/span><\/div>\n<div  class='av-buildercomment  av-blog-meta-html-info-disabled av-blog-meta-tag-disabled  '><\/div>\n","protected":false},"excerpt":{"rendered":"","protected":false},"author":1,"featured_media":50036,"comment_status":"open","ping_status":"open","sticky":false,"template":"","format":"standard","meta":{"footnotes":""},"categories":[36],"tags":[],"class_list":["post-50035","post","type-post","status-publish","format-standard","has-post-thumbnail","hentry","category-policial"],"jetpack_featured_media_url":"https:\/\/radiorevelacionfm.cl\/wp-content\/uploads\/2025\/01\/Incautacion-Cisnes-enero-1-1.jpg","_links":{"self":[{"href":"https:\/\/radiorevelacionfm.cl\/index.php?rest_route=\/wp\/v2\/posts\/50035","targetHints":{"allow":["GET"]}}],"collection":[{"href":"https:\/\/radiorevelacionfm.cl\/index.php?rest_route=\/wp\/v2\/posts"}],"about":[{"href":"https:\/\/radiorevelacionfm.cl\/index.php?rest_route=\/wp\/v2\/types\/post"}],"author":[{"embeddable":true,"href":"https:\/\/radiorevelacionfm.cl\/index.php?rest_route=\/wp\/v2\/users\/1"}],"replies":[{"embeddable":true,"href":"https:\/\/radiorevelacionfm.cl\/index.php?rest_route=%2Fwp%2Fv2%2Fcomments&post=50035"}],"version-history":[{"count":7,"href":"https:\/\/radiorevelacionfm.cl\/index.php?rest_route=\/wp\/v2\/posts\/50035\/revisions"}],"predecessor-version":[{"id":50079,"href":"https:\/\/radiorevelacionfm.cl\/index.php?rest_route=\/wp\/v2\/posts\/50035\/revisions\/50079"}],"wp:featuredmedia":[{"embeddable":true,"href":"https:\/\/radiorevelacionfm.cl\/index.php?rest_route=\/wp\/v2\/media\/50036"}],"wp:attachment":[{"href":"https:\/\/radiorevelacionfm.cl\/index.php?rest_route=%2Fwp%2Fv2%2Fmedia&parent=50035"}],"wp:term":[{"taxonomy":"category","embeddable":true,"href":"https:\/\/radiorevelacionfm.cl\/index.php?rest_route=%2Fwp%2Fv2%2Fcategories&post=50035"},{"taxonomy":"post_tag","embeddable":true,"href":"https:\/\/radiorevelacionfm.cl\/index.php?rest_route=%2Fwp%2Fv2%2Ftags&post=50035"}],"curies":[{"name":"wp","href":"https:\/\/api.w.org\/{rel}","templated":true}]}}