{"id":50032,"date":"2025-01-27T11:35:03","date_gmt":"2025-01-27T14:35:03","guid":{"rendered":"https:\/\/radiorevelacionfm.cl\/?p=50032"},"modified":"2025-01-27T11:35:03","modified_gmt":"2025-01-27T14:35:03","slug":"mowi-capacita-a-colaboradores-de-planta-chacabuco-en-curso-de-oficio","status":"publish","type":"post","link":"https:\/\/radiorevelacionfm.cl\/?p=50032","title":{"rendered":"Mowi capacita a colaboradores de Planta Chacabuco en curso de oficio"},"content":{"rendered":"<div class=\"flex_column av_one_full  flex_column_div av-zero-column-padding first  avia-builder-el-0  el_before_av_one_full  avia-builder-el-first  \" style='border-radius:0px; '><div  class='avia-image-container  av-styling-    avia-builder-el-1  avia-builder-el-no-sibling  avia-align-center '  itemprop=\"image\" itemscope=\"itemscope\" itemtype=\"https:\/\/schema.org\/ImageObject\"  ><div class='avia-image-container-inner'><div class='avia-image-overlay-wrap'><img decoding=\"async\" class='wp-image-50033 avia-img-lazy-loading-not-50033 avia_image' src=\"https:\/\/radiorevelacionfm.cl\/wp-content\/uploads\/2025\/01\/whatsapp-image-2025-01-16-at-19_optimized.56.04-1-1.jpeg\" alt='' title='whatsapp-image-2025-01-16-at-19_optimized.56.04-(1) (1)' height=\"600\" width=\"1079\"  itemprop=\"thumbnailUrl\" srcset=\"https:\/\/radiorevelacionfm.cl\/wp-content\/uploads\/2025\/01\/whatsapp-image-2025-01-16-at-19_optimized.56.04-1-1.jpeg 1079w, https:\/\/radiorevelacionfm.cl\/wp-content\/uploads\/2025\/01\/whatsapp-image-2025-01-16-at-19_optimized.56.04-1-1-300x167.jpeg 300w, https:\/\/radiorevelacionfm.cl\/wp-content\/uploads\/2025\/01\/whatsapp-image-2025-01-16-at-19_optimized.56.04-1-1-1030x573.jpeg 1030w, https:\/\/radiorevelacionfm.cl\/wp-content\/uploads\/2025\/01\/whatsapp-image-2025-01-16-at-19_optimized.56.04-1-1-768x427.jpeg 768w, https:\/\/radiorevelacionfm.cl\/wp-content\/uploads\/2025\/01\/whatsapp-image-2025-01-16-at-19_optimized.56.04-1-1-705x392.jpeg 705w, https:\/\/radiorevelacionfm.cl\/wp-content\/uploads\/2025\/01\/whatsapp-image-2025-01-16-at-19_optimized.56.04-1-1-450x250.jpeg 450w, https:\/\/radiorevelacionfm.cl\/wp-content\/uploads\/2025\/01\/whatsapp-image-2025-01-16-at-19_optimized.56.04-1-1-600x334.jpeg 600w\" sizes=\"(max-width: 1079px) 100vw, 1079px\" \/><\/div><\/div><\/div><\/div><div class=\"flex_column av_one_full  flex_column_div av-zero-column-padding first  avia-builder-el-2  el_after_av_one_full  el_before_av_one_full  column-top-margin\" style='border-radius:0px; '><section class=\"av_textblock_section \"  itemscope=\"itemscope\" itemtype=\"https:\/\/schema.org\/BlogPosting\" itemprop=\"blogPost\" ><div class='avia_textblock  '   itemprop=\"text\" ><p style=\"text-align: center;\"><span style=\"font-size: 18pt;\"><strong>Mowi capacita a colaboradores de Planta Chacabuco en curso de oficio<\/strong><\/span><\/p>\n<div id=\"gtx-trans\" style=\"position: absolute; left: -50px; top: 4.31534px;\">\n<div class=\"gtx-trans-icon\"><\/div>\n<\/div>\n<\/div><\/section><\/div><div class=\"flex_column av_one_full  flex_column_div av-zero-column-padding first  avia-builder-el-4  el_after_av_one_full  el_before_av_hr  column-top-margin\" style='border-radius:0px; '><section class=\"av_textblock_section \"  itemscope=\"itemscope\" itemtype=\"https:\/\/schema.org\/BlogPosting\" itemprop=\"blogPost\" ><div class='avia_textblock  '   itemprop=\"text\" ><p style=\"text-align: justify;\">Mowi Chile, en conjunto con el Servicio Nacional de Capacitaci\u00f3n y Empleo (SENCE) y el Sindicato de Trabajadores SITRAM certificaron colaboradores que completaron exitosamente el curso \u201cInstalaciones El\u00e9ctricas y Normativas Vigentes\u201d.<\/p>\n<p style=\"text-align: justify;\">Este programa, se llev\u00f3 a cabo durante los meses de noviembre y diciembre de 2024, y consisti\u00f3 en 80 horas pedag\u00f3gicas, de las cuales 40 se desarrollaron en modalidad presencial, permitiendo a los participantes adquirir conocimientos para aplicar instalaci\u00f3n, revisi\u00f3n, mantenimiento y prevenci\u00f3n de fallas en sistemas el\u00e9ctricos de viviendas, seg\u00fan procedimientos y normativas de seguridad vigente.<\/p>\n<p style=\"text-align: justify;\">La ceremonia de entrega de diplomas se celebr\u00f3 con la presencia del subgerente de procesos de Planta Chacabuco de Mowi, Juan Ignacio Aguilera, el jefe de personas de la XI regi\u00f3n, Sebasti\u00e1n Alfaro y, la analista de Desarrollo Organizacional, Camila Castillo, y representantes del sindicato.<\/p>\n<p style=\"text-align: justify;\">El subgerente de procesos de Planta Chacabuco de Mowi, Juan Ignacio Aguilera, se\u00f1al\u00f3 que \u201cesta actividad nace como una solicitud por parte de nuestro sindicato y trabaj\u00f3 en conjunto con la compa\u00f1\u00eda permitiendo capacitar a colaboradores de las plantas de proceso de la XI regi\u00f3n\u201d. Al mismo tiempo, dijo \u201choy estamos culminando esta actividad con la certificaci\u00f3n de los participantes, y la entrega de un kit de herramientas que les permitir\u00e1 poder aplicar lo aprendido. Instancias como estas nos ayudan a entregar m\u00e1s competencias y conocimientos a nuestros colaboradores\u201d.<\/p>\n<p style=\"text-align: justify;\">Por su parte, Mar\u00eda Castillo Reyes, secretaria del sindicato de trabajadores y participante de la capacitaci\u00f3n, destac\u00f3 que \u201cesta certificaci\u00f3n es un logro muy importante para nosotros porque nos brinda la oportunidad de aprender aspectos b\u00e1sicos que nos sirven para aplicar en nuestros hogares\u201d.<\/p>\n<p style=\"text-align: justify;\">Antonia Guerrero, operaria de la empresa, a\u00f1adi\u00f3 que \u201cla capacitaci\u00f3n no solo nos ense\u00f1\u00f3 sobre electricidad, sino que tambi\u00e9n fortaleci\u00f3 los lazos entre compa\u00f1eros, creando un ambiente de colaboraci\u00f3n y aprendizaje mutuo\u201d.<\/p>\n<p style=\"text-align: justify;\">Al finalizar la ceremonia, los graduados expresaron su agradecimiento por la capacitaci\u00f3n y la oportunidad de seguir creciendo profesionalmente.<\/p>\n<p style=\"text-align: justify;\">Este esfuerzo se enmarca en el convenio entre Mowi y el sindicato de trabajadores, que en 2024 tambi\u00e9n incluy\u00f3 capacitaciones en Excel B\u00e1sico e Intermedio, contribuyendo a potenciar el desarrollo de las personas y se suma a las m\u00e1s de 44.988 horas de formaci\u00f3n que Mowi Chile ha entregado este a\u00f1o en la Gerencia de Log\u00edstica y Procesos.<\/p>\n<\/div><\/section><\/div><div  style='height:50px' class='hr hr-invisible   avia-builder-el-6  el_after_av_one_full  el_before_av_social_share '><span class='hr-inner ' ><span class='hr-inner-style'><\/span><\/span><\/div><\/p>\n<div  class='av-social-sharing-box  avia-builder-el-7  el_after_av_hr  el_before_av_hr  '><div class='av-share-box'><h5 class='av-share-link-description av-no-toc '>Compartir esta noticia<\/h5><ul class='av-share-box-list noLightbox'><li class='av-share-link av-social-link-facebook' ><a target=\"_blank\" aria-label=\"Compartir en Facebook\" href='https:\/\/www.facebook.com\/sharer.php?u=https:\/\/radiorevelacionfm.cl\/?p=50032&#038;t=Mowi%20capacita%20a%20colaboradores%20de%20Planta%20Chacabuco%20en%20curso%20de%20oficio' aria-hidden='false' data-av_icon='\ue8f3' data-av_iconfont='entypo-fontello' title='' data-avia-related-tooltip='Compartir en Facebook' rel=\"noopener\"><span class='avia_hidden_link_text'>Compartir en Facebook<\/span><\/a><\/li><li class='av-share-link av-social-link-twitter' ><a target=\"_blank\" aria-label=\"Compartir en Twitter\" href='https:\/\/twitter.com\/share?text=Mowi%20capacita%20a%20colaboradores%20de%20Planta%20Chacabuco%20en%20curso%20de%20oficio&#038;url=https:\/\/radiorevelacionfm.cl\/?p=50032' aria-hidden='false' data-av_icon='\ue8f1' data-av_iconfont='entypo-fontello' title='' data-avia-related-tooltip='Compartir en Twitter' rel=\"noopener\"><span class='avia_hidden_link_text'>Compartir en Twitter<\/span><\/a><\/li><li class='av-share-link av-social-link-whatsapp' ><a target=\"_blank\" aria-label=\"Compartir en Whatsapp\" href='https:\/\/api.whatsapp.com\/send?text=https:\/\/radiorevelacionfm.cl\/?p=50032' aria-hidden='false' data-av_icon='\uf232' data-av_iconfont='entypo-fontello' title='' data-avia-related-tooltip='Compartir en Whatsapp' rel=\"noopener\"><span class='avia_hidden_link_text'>Compartir en Whatsapp<\/span><\/a><\/li><li class='av-share-link av-social-link-linkedin' ><a target=\"_blank\" aria-label=\"Compartir en LinkedIn\" href='https:\/\/linkedin.com\/shareArticle?mini=true&#038;title=Mowi%20capacita%20a%20colaboradores%20de%20Planta%20Chacabuco%20en%20curso%20de%20oficio&#038;url=https:\/\/radiorevelacionfm.cl\/?p=50032' aria-hidden='false' data-av_icon='\ue8fc' data-av_iconfont='entypo-fontello' title='' data-avia-related-tooltip='Compartir en LinkedIn' rel=\"noopener\"><span class='avia_hidden_link_text'>Compartir en LinkedIn<\/span><\/a><\/li><li class='av-share-link av-social-link-mail' ><a  aria-label=\"Compartir por correo\" href='mailto:?subject=Mowi%20capacita%20a%20colaboradores%20de%20Planta%20Chacabuco%20en%20curso%20de%20oficio&#038;body=https:\/\/radiorevelacionfm.cl\/?p=50032' aria-hidden='false' data-av_icon='\ue805' data-av_iconfont='entypo-fontello' title='' data-avia-related-tooltip='Compartir por correo'><span class='avia_hidden_link_text'>Compartir por correo<\/span><\/a><\/li><\/ul><\/div><\/div>\n<div  style='height:50px' class='hr hr-invisible   avia-builder-el-8  el_after_av_social_share  el_before_av_comments_list '><span class='hr-inner ' ><span class='hr-inner-style'><\/span><\/span><\/div>\n<div  class='av-buildercomment  av-blog-meta-html-info-disabled av-blog-meta-tag-disabled  '><\/div>\n","protected":false},"excerpt":{"rendered":"","protected":false},"author":1,"featured_media":50033,"comment_status":"open","ping_status":"open","sticky":false,"template":"","format":"standard","meta":{"footnotes":""},"categories":[38],"tags":[],"class_list":["post-50032","post","type-post","status-publish","format-standard","has-post-thumbnail","hentry","category-regional"],"jetpack_featured_media_url":"https:\/\/radiorevelacionfm.cl\/wp-content\/uploads\/2025\/01\/whatsapp-image-2025-01-16-at-19_optimized.56.04-1-1.jpeg","_links":{"self":[{"href":"https:\/\/radiorevelacionfm.cl\/index.php?rest_route=\/wp\/v2\/posts\/50032","targetHints":{"allow":["GET"]}}],"collection":[{"href":"https:\/\/radiorevelacionfm.cl\/index.php?rest_route=\/wp\/v2\/posts"}],"about":[{"href":"https:\/\/radiorevelacionfm.cl\/index.php?rest_route=\/wp\/v2\/types\/post"}],"author":[{"embeddable":true,"href":"https:\/\/radiorevelacionfm.cl\/index.php?rest_route=\/wp\/v2\/users\/1"}],"replies":[{"embeddable":true,"href":"https:\/\/radiorevelacionfm.cl\/index.php?rest_route=%2Fwp%2Fv2%2Fcomments&post=50032"}],"version-history":[{"count":1,"href":"https:\/\/radiorevelacionfm.cl\/index.php?rest_route=\/wp\/v2\/posts\/50032\/revisions"}],"predecessor-version":[{"id":50034,"href":"https:\/\/radiorevelacionfm.cl\/index.php?rest_route=\/wp\/v2\/posts\/50032\/revisions\/50034"}],"wp:featuredmedia":[{"embeddable":true,"href":"https:\/\/radiorevelacionfm.cl\/index.php?rest_route=\/wp\/v2\/media\/50033"}],"wp:attachment":[{"href":"https:\/\/radiorevelacionfm.cl\/index.php?rest_route=%2Fwp%2Fv2%2Fmedia&parent=50032"}],"wp:term":[{"taxonomy":"category","embeddable":true,"href":"https:\/\/radiorevelacionfm.cl\/index.php?rest_route=%2Fwp%2Fv2%2Fcategories&post=50032"},{"taxonomy":"post_tag","embeddable":true,"href":"https:\/\/radiorevelacionfm.cl\/index.php?rest_route=%2Fwp%2Fv2%2Ftags&post=50032"}],"curies":[{"name":"wp","href":"https:\/\/api.w.org\/{rel}","templated":true}]}}