{"id":50028,"date":"2025-01-27T09:50:18","date_gmt":"2025-01-27T12:50:18","guid":{"rendered":"https:\/\/radiorevelacionfm.cl\/?p=50028"},"modified":"2025-01-27T09:50:18","modified_gmt":"2025-01-27T12:50:18","slug":"alcalde-patricio-ulloa-destaca-y-reconoce-labor-militar-en-la-comuna-de-cochrane","status":"publish","type":"post","link":"https:\/\/radiorevelacionfm.cl\/?p=50028","title":{"rendered":"Alcalde Patricio Ulloa destaca y reconoce labor militar en la comuna de Cochrane"},"content":{"rendered":"<div class=\"flex_column av_one_full  flex_column_div av-zero-column-padding first  avia-builder-el-0  el_before_av_one_full  avia-builder-el-first  \" style='border-radius:0px; '><div  class='avia-image-container  av-styling-    avia-builder-el-1  avia-builder-el-no-sibling  avia-align-center '  itemprop=\"image\" itemscope=\"itemscope\" itemtype=\"https:\/\/schema.org\/ImageObject\"  ><div class='avia-image-container-inner'><div class='avia-image-overlay-wrap'><img decoding=\"async\" class='wp-image-50029 avia-img-lazy-loading-not-50029 avia_image' src=\"https:\/\/radiorevelacionfm.cl\/wp-content\/uploads\/2025\/01\/medalla-comuna-de-cochrane-1-1_optimized.jpg\" alt='' title='medalla-comuna-de-cochrane-(1)-(1)_optimized' height=\"600\" width=\"951\"  itemprop=\"thumbnailUrl\" srcset=\"https:\/\/radiorevelacionfm.cl\/wp-content\/uploads\/2025\/01\/medalla-comuna-de-cochrane-1-1_optimized.jpg 951w, https:\/\/radiorevelacionfm.cl\/wp-content\/uploads\/2025\/01\/medalla-comuna-de-cochrane-1-1_optimized-300x189.jpg 300w, https:\/\/radiorevelacionfm.cl\/wp-content\/uploads\/2025\/01\/medalla-comuna-de-cochrane-1-1_optimized-768x485.jpg 768w, https:\/\/radiorevelacionfm.cl\/wp-content\/uploads\/2025\/01\/medalla-comuna-de-cochrane-1-1_optimized-705x445.jpg 705w, https:\/\/radiorevelacionfm.cl\/wp-content\/uploads\/2025\/01\/medalla-comuna-de-cochrane-1-1_optimized-450x284.jpg 450w, https:\/\/radiorevelacionfm.cl\/wp-content\/uploads\/2025\/01\/medalla-comuna-de-cochrane-1-1_optimized-600x379.jpg 600w\" sizes=\"(max-width: 951px) 100vw, 951px\" \/><\/div><\/div><\/div><\/div><div class=\"flex_column av_one_full  flex_column_div av-zero-column-padding first  avia-builder-el-2  el_after_av_one_full  el_before_av_one_full  column-top-margin\" style='border-radius:0px; '><section class=\"av_textblock_section \"  itemscope=\"itemscope\" itemtype=\"https:\/\/schema.org\/BlogPosting\" itemprop=\"blogPost\" ><div class='avia_textblock  '   itemprop=\"text\" ><p style=\"text-align: center;\"><strong><span style=\"font-size: 18pt;\">Alcalde Patricio Ulloa destaca y reconoce labor militar en la comuna de Cochrane<\/span><\/strong><\/p>\n<div id=\"gtx-trans\" style=\"position: absolute; left: -50px; top: 4.31534px;\">\n<div class=\"gtx-trans-icon\"><\/div>\n<\/div>\n<\/div><\/section><\/div><div class=\"flex_column av_one_full  flex_column_div av-zero-column-padding first  avia-builder-el-4  el_after_av_one_full  el_before_av_hr  column-top-margin\" style='border-radius:0px; '><section class=\"av_textblock_section \"  itemscope=\"itemscope\" itemtype=\"https:\/\/schema.org\/BlogPosting\" itemprop=\"blogPost\" ><div class='avia_textblock  '   itemprop=\"text\" ><p style=\"text-align: justify;\">En una solemne ceremonia realizada en la comuna de Cochrane, se entreg\u00f3 la medalla \u00abIlustre Municipalidad de Cochrane\u00bb como reconocimiento al destacado desempe\u00f1o y compromiso profesional de 23 miembros de la Compa\u00f1\u00eda Andina Divisionaria N.\u00ba 20 \u00abCochrane\u00bb.<\/p>\n<p style=\"text-align: justify;\">El evento fue presidido por el Mayor Sebasti\u00e1n \u00c1lvarez Cortez, comandante (s), quien lider\u00f3 los honores de reglamento. Iniciando actividad con el izamiento del Pabell\u00f3n Nacional, acompa\u00f1ado por los acordes del Himno Patrio, en un acto cargado de simbolismo y emoci\u00f3n. Posteriormente, se procedi\u00f3 a la entrega de las medallas, como muestra de gratitud de la comunidad hacia los uniformados que, tras su paso por esta unidad, han sido destinados a diversas funciones en guarniciones del Ej\u00e9rcito.<\/p>\n<p style=\"text-align: justify;\">\u201cEstamos en ejecuci\u00f3n del Plan Anual de Destinaciones. Este plan es un hito permanente y, en esta ocasi\u00f3n, quisimos recibir el agradecimiento que la comuna de Cochrane extiende a nuestros integrantes por el cumplimiento de sus labores. Reafirmamos al se\u00f1or alcalde nuestro compromiso y gratitud por generar esta importante instancia\u201d, <strong>coment\u00f3 el Mayor Sebasti\u00e1n \u00c1lvarez Cortez, Comandante (s) de la Compa\u00f1\u00eda Andina Divisionaria N.\u00ba 20 \u00abCochrane\u00bb.<\/strong><\/p>\n<p style=\"text-align: justify;\">Al cierre de la ceremonia, el alcalde Patricio Ulloa Georgia ofreci\u00f3 unas emotivas palabras, poniendo en valor el trabajo de los homenajeados y su aporte al desarrollo de esta comuna.<\/p>\n<p style=\"text-align: justify;\">\u201cHoy quisimos entregar un reconocimiento, en nombre de nuestra comuna, a nuestro Ej\u00e9rcito, quienes orgullosamente, desde el a\u00f1o 2012, forman parte de esta Compa\u00f1\u00eda Andina, especializada y \u00fanica en Chile. Reconocemos el aporte invaluable que han realizado quienes hoy son destinados a otras funciones. Les deseamos mucho \u00e9xito en sus labores junto a sus familias, y a quienes se quedan, si\u00e9ntanse parte de la comuna de Cochrane. Este es su hogar, y esperamos que participen en cada actividad y proyecto que se desarrolle en el territorio\u201d, <strong>expres\u00f3 el alcalde Patricio Ulloa Georgia.<\/strong><\/p>\n<p style=\"text-align: justify;\">Este reconocimiento no solo destaca el esfuerzo y compromiso de las Fuerzas Armadas en la comuna, sino que tambi\u00e9n fortalece el v\u00ednculo entre los uniformados y la ciudadan\u00eda, en una demostraci\u00f3n de agradecimiento y unidad.<\/p>\n<\/div><\/section><\/div><div  style='height:50px' class='hr hr-invisible   avia-builder-el-6  el_after_av_one_full  el_before_av_social_share '><span class='hr-inner ' ><span class='hr-inner-style'><\/span><\/span><\/div><\/p>\n<div  class='av-social-sharing-box  avia-builder-el-7  el_after_av_hr  el_before_av_hr  '><div class='av-share-box'><h5 class='av-share-link-description av-no-toc '>Compartir esta noticia<\/h5><ul class='av-share-box-list noLightbox'><li class='av-share-link av-social-link-facebook' ><a target=\"_blank\" aria-label=\"Compartir en Facebook\" href='https:\/\/www.facebook.com\/sharer.php?u=https:\/\/radiorevelacionfm.cl\/?p=50028&#038;t=Alcalde%20Patricio%20Ulloa%20destaca%20y%20reconoce%20labor%20militar%20en%20la%20comuna%20de%20Cochrane' aria-hidden='false' data-av_icon='\ue8f3' data-av_iconfont='entypo-fontello' title='' data-avia-related-tooltip='Compartir en Facebook' rel=\"noopener\"><span class='avia_hidden_link_text'>Compartir en Facebook<\/span><\/a><\/li><li class='av-share-link av-social-link-twitter' ><a target=\"_blank\" aria-label=\"Compartir en Twitter\" href='https:\/\/twitter.com\/share?text=Alcalde%20Patricio%20Ulloa%20destaca%20y%20reconoce%20labor%20militar%20en%20la%20comuna%20de%20Cochrane&#038;url=https:\/\/radiorevelacionfm.cl\/?p=50028' aria-hidden='false' data-av_icon='\ue8f1' data-av_iconfont='entypo-fontello' title='' data-avia-related-tooltip='Compartir en Twitter' rel=\"noopener\"><span class='avia_hidden_link_text'>Compartir en Twitter<\/span><\/a><\/li><li class='av-share-link av-social-link-whatsapp' ><a target=\"_blank\" aria-label=\"Compartir en Whatsapp\" href='https:\/\/api.whatsapp.com\/send?text=https:\/\/radiorevelacionfm.cl\/?p=50028' aria-hidden='false' data-av_icon='\uf232' data-av_iconfont='entypo-fontello' title='' data-avia-related-tooltip='Compartir en Whatsapp' rel=\"noopener\"><span class='avia_hidden_link_text'>Compartir en Whatsapp<\/span><\/a><\/li><li class='av-share-link av-social-link-linkedin' ><a target=\"_blank\" aria-label=\"Compartir en LinkedIn\" href='https:\/\/linkedin.com\/shareArticle?mini=true&#038;title=Alcalde%20Patricio%20Ulloa%20destaca%20y%20reconoce%20labor%20militar%20en%20la%20comuna%20de%20Cochrane&#038;url=https:\/\/radiorevelacionfm.cl\/?p=50028' aria-hidden='false' data-av_icon='\ue8fc' data-av_iconfont='entypo-fontello' title='' data-avia-related-tooltip='Compartir en LinkedIn' rel=\"noopener\"><span class='avia_hidden_link_text'>Compartir en LinkedIn<\/span><\/a><\/li><li class='av-share-link av-social-link-mail' ><a  aria-label=\"Compartir por correo\" href='mailto:?subject=Alcalde%20Patricio%20Ulloa%20destaca%20y%20reconoce%20labor%20militar%20en%20la%20comuna%20de%20Cochrane&#038;body=https:\/\/radiorevelacionfm.cl\/?p=50028' aria-hidden='false' data-av_icon='\ue805' data-av_iconfont='entypo-fontello' title='' data-avia-related-tooltip='Compartir por correo'><span class='avia_hidden_link_text'>Compartir por correo<\/span><\/a><\/li><\/ul><\/div><\/div>\n<div  style='height:50px' class='hr hr-invisible   avia-builder-el-8  el_after_av_social_share  el_before_av_comments_list '><span class='hr-inner ' ><span class='hr-inner-style'><\/span><\/span><\/div>\n<div  class='av-buildercomment  av-blog-meta-html-info-disabled av-blog-meta-tag-disabled  '><\/div>\n","protected":false},"excerpt":{"rendered":"","protected":false},"author":1,"featured_media":50029,"comment_status":"open","ping_status":"open","sticky":false,"template":"","format":"standard","meta":{"footnotes":""},"categories":[38],"tags":[],"class_list":["post-50028","post","type-post","status-publish","format-standard","has-post-thumbnail","hentry","category-regional"],"jetpack_featured_media_url":"https:\/\/radiorevelacionfm.cl\/wp-content\/uploads\/2025\/01\/medalla-comuna-de-cochrane-1-1_optimized.jpg","_links":{"self":[{"href":"https:\/\/radiorevelacionfm.cl\/index.php?rest_route=\/wp\/v2\/posts\/50028","targetHints":{"allow":["GET"]}}],"collection":[{"href":"https:\/\/radiorevelacionfm.cl\/index.php?rest_route=\/wp\/v2\/posts"}],"about":[{"href":"https:\/\/radiorevelacionfm.cl\/index.php?rest_route=\/wp\/v2\/types\/post"}],"author":[{"embeddable":true,"href":"https:\/\/radiorevelacionfm.cl\/index.php?rest_route=\/wp\/v2\/users\/1"}],"replies":[{"embeddable":true,"href":"https:\/\/radiorevelacionfm.cl\/index.php?rest_route=%2Fwp%2Fv2%2Fcomments&post=50028"}],"version-history":[{"count":1,"href":"https:\/\/radiorevelacionfm.cl\/index.php?rest_route=\/wp\/v2\/posts\/50028\/revisions"}],"predecessor-version":[{"id":50030,"href":"https:\/\/radiorevelacionfm.cl\/index.php?rest_route=\/wp\/v2\/posts\/50028\/revisions\/50030"}],"wp:featuredmedia":[{"embeddable":true,"href":"https:\/\/radiorevelacionfm.cl\/index.php?rest_route=\/wp\/v2\/media\/50029"}],"wp:attachment":[{"href":"https:\/\/radiorevelacionfm.cl\/index.php?rest_route=%2Fwp%2Fv2%2Fmedia&parent=50028"}],"wp:term":[{"taxonomy":"category","embeddable":true,"href":"https:\/\/radiorevelacionfm.cl\/index.php?rest_route=%2Fwp%2Fv2%2Fcategories&post=50028"},{"taxonomy":"post_tag","embeddable":true,"href":"https:\/\/radiorevelacionfm.cl\/index.php?rest_route=%2Fwp%2Fv2%2Ftags&post=50028"}],"curies":[{"name":"wp","href":"https:\/\/api.w.org\/{rel}","templated":true}]}}