{"id":50025,"date":"2025-01-26T14:47:44","date_gmt":"2025-01-26T17:47:44","guid":{"rendered":"https:\/\/radiorevelacionfm.cl\/?p=50025"},"modified":"2025-01-26T14:47:44","modified_gmt":"2025-01-26T17:47:44","slug":"centro-de-cuidados-para-trabajos-de-temporada-llega-a-lago-verde-puerto-cisnes-y-puerto-tranquilo","status":"publish","type":"post","link":"https:\/\/radiorevelacionfm.cl\/?p=50025","title":{"rendered":"Centro de Cuidados para trabajos de temporada llega a Lago Verde, Puerto Cisnes y Puerto Tranquilo"},"content":{"rendered":"<div class=\"flex_column av_one_full  flex_column_div av-zero-column-padding first  avia-builder-el-0  el_before_av_one_full  avia-builder-el-first  \" style='border-radius:0px; '><div  class='avia-image-container  av-styling-    avia-builder-el-1  avia-builder-el-no-sibling  avia-align-center '  itemprop=\"image\" itemscope=\"itemscope\" itemtype=\"https:\/\/schema.org\/ImageObject\"  ><div class='avia-image-container-inner'><div class='avia-image-overlay-wrap'><img decoding=\"async\" class='wp-image-50026 avia-img-lazy-loading-not-50026 avia_image' src=\"https:\/\/radiorevelacionfm.cl\/wp-content\/uploads\/2025\/01\/cctt-1-1_optimized-1.jpeg\" alt='' title='cctt-1-(1)_optimized (1)' height=\"600\" width=\"800\"  itemprop=\"thumbnailUrl\" srcset=\"https:\/\/radiorevelacionfm.cl\/wp-content\/uploads\/2025\/01\/cctt-1-1_optimized-1.jpeg 800w, https:\/\/radiorevelacionfm.cl\/wp-content\/uploads\/2025\/01\/cctt-1-1_optimized-1-300x225.jpeg 300w, https:\/\/radiorevelacionfm.cl\/wp-content\/uploads\/2025\/01\/cctt-1-1_optimized-1-768x576.jpeg 768w, https:\/\/radiorevelacionfm.cl\/wp-content\/uploads\/2025\/01\/cctt-1-1_optimized-1-705x529.jpeg 705w, https:\/\/radiorevelacionfm.cl\/wp-content\/uploads\/2025\/01\/cctt-1-1_optimized-1-450x338.jpeg 450w, https:\/\/radiorevelacionfm.cl\/wp-content\/uploads\/2025\/01\/cctt-1-1_optimized-1-600x450.jpeg 600w\" sizes=\"(max-width: 800px) 100vw, 800px\" \/><\/div><\/div><\/div><\/div><div class=\"flex_column av_one_full  flex_column_div av-zero-column-padding first  avia-builder-el-2  el_after_av_one_full  el_before_av_one_full  column-top-margin\" style='border-radius:0px; '><section class=\"av_textblock_section \"  itemscope=\"itemscope\" itemtype=\"https:\/\/schema.org\/BlogPosting\" itemprop=\"blogPost\" ><div class='avia_textblock  '   itemprop=\"text\" ><p style=\"text-align: center;\"><strong><span style=\"font-size: 18pt;\">Centro de Cuidados para trabajos de temporada llega a Lago Verde, Puerto Cisnes y Puerto Tranquilo<\/span><\/strong><\/p>\n<div id=\"gtx-trans\" style=\"position: absolute; left: -50px; top: 4.31534px;\">\n<div class=\"gtx-trans-icon\"><\/div>\n<\/div>\n<\/div><\/section><\/div><div class=\"flex_column av_one_full  flex_column_div av-zero-column-padding first  avia-builder-el-4  el_after_av_one_full  el_before_av_hr  column-top-margin\" style='border-radius:0px; '><section class=\"av_textblock_section \"  itemscope=\"itemscope\" itemtype=\"https:\/\/schema.org\/BlogPosting\" itemprop=\"blogPost\" ><div class='avia_textblock  '   itemprop=\"text\" ><p style=\"text-align: justify;\">En las localidades de Lago Verde, Puerto R\u00edo Tranquilo y Puerto Cisnes se dio inicio al Centro de Cuidados para Trabajos de Temporada 2025, programa del Ministerio de Desarrollo Social y Familia que tiene como objetivo apoyar a madres, padres y cuidadores principales que realizan trabajos en este periodo estival, poni\u00e9ndose a disposici\u00f3n para el cuidado de ni\u00f1as y ni\u00f1os, entreg\u00e1ndoles actividades l\u00fadicas y alimentaci\u00f3n mientras desarrollan su jornada laboral.<\/p>\n<p style=\"text-align: justify;\">Este Programa ministerial que estar\u00e1 funcionando hasta el 21 de febrero con una cobertura para 70 participantes, busca llegar a sectores de la regi\u00f3n donde la oferta p\u00fablica es m\u00e1s escasa, por lo que el convenio con el Instituto nacional de Deportes, IND y la Junta Nacional Escolar de Auxilio y Becas, Junaeb, es muy relevante. As\u00ed lo destac\u00f3 la Seremi Desarrollo Social y Familia Karina Acevedo Auad \u00a0\u00abYa se inici\u00f3 nuestro programa de Centro de Cuidado para Trabajos de Temporada o escuelita de verano, que es m\u00e1s conocida en las localidades y en esta oportunidad en Lago Verde, Puerto Cisnes y la comuna de Ib\u00e1\u00f1ez en Puerto Tranquilo. Para nosotros tambi\u00e9n es un complemento de lo que est\u00e1 haciendo la Oficina Local de la Ni\u00f1ez en cada una de las comunas y lo destacamos much\u00edsimo, pues llegamos hoy d\u00eda a Lago Verde, una comuna donde no ten\u00edamos cobertura. Estamos con una inscripci\u00f3n de m\u00e1s de 20 ni\u00f1os en cada una de las localidades y tuvimos una alta convocatoria\u00bb.<\/p>\n<p style=\"text-align: justify;\">Adicionalmente Acevedo Auad enfatiz\u00f3 que \u00abEste programa nos permite tambi\u00e9n dar la tranquilidad, tanto al pap\u00e1 como la mam\u00e1 o a sus cuidadores, de que ni\u00f1as y ni\u00f1os est\u00e1n a buen resguardo y adem\u00e1s, con todo un itinerario de trabajo junto a los monitores del IND que son nuestros aliados al igual que Junaeb que nos apoya con las colaciones, es decir, tienen una cobertura total\u00bb.<\/p>\n<p style=\"text-align: justify;\">Contrataci\u00f3n de monitores, entrega de implementos deportivos para los asistentes y elementos de protecci\u00f3n como bloqueadores y gorros, es parte de los aportes que destac\u00f3 \u00a0Javier Medina, Director regional del IND Ays\u00e9n \u00abEl pasado lunes comenzaron las actividades correspondientes a los centros para ni\u00f1os de cuidadores principales de temporada.\u00a0 Como todos los a\u00f1os el Instituto Nacional de Deportes (IND) colabora con esta iniciativa, liderada por el Ministerio de Desarrollo Social y Familia, mediante la contrataci\u00f3n de monitores deportivos quienes articulan el trabajo en terreno con cada uno de los beneficiarios del programa; esperamos que las ni\u00f1as y ni\u00f1os de Puerto R\u00edo Tranquilo as\u00ed como tambi\u00e9n de Puerto Cisnes y\u00a0 Lago Verde se hagan parte de estas\u00a0 actividades recreativas de verano, las cuales funcionar\u00e1n en diferentes instalaciones especialmente adecuadas y preparadas en estas tres comunas\u00bb.<\/p>\n<p style=\"text-align: justify;\">70 raciones completas y que incluye colaciones saludables es el aporte que el Director de Junaeb Manuel Vivar detall\u00f3 para las 3 localidades donde est\u00e1 activo el Centro de Cuidados \u00abDesde Junaeb estamos muy comprometidos con el desarrollo de este tipo de iniciativas, por el impacto que justamente representa para las familias en las distintas localidades y porque estamos convencidos tambi\u00e9n de la importancia de una buena alimentaci\u00f3n para que las ni\u00f1as y ni\u00f1os desarrollen todo el resto de sus actividades. En ese contexto, es que colocamos a disposici\u00f3n toda la log\u00edstica de nuestro programa de alimentaci\u00f3n para que, efectivamente, las ni\u00f1as y los ni\u00f1os reciban las raciones en calidad y en oportunidad en cada uno de los lugares donde se est\u00e1 desarrollando el programa\u00bb.<\/p>\n<\/div><\/section><\/div><div  style='height:50px' class='hr hr-invisible   avia-builder-el-6  el_after_av_one_full  el_before_av_social_share '><span class='hr-inner ' ><span class='hr-inner-style'><\/span><\/span><\/div><\/p>\n<div  class='av-social-sharing-box  avia-builder-el-7  el_after_av_hr  el_before_av_hr  '><div class='av-share-box'><h5 class='av-share-link-description av-no-toc '>Compartir esta noticia<\/h5><ul class='av-share-box-list noLightbox'><li class='av-share-link av-social-link-facebook' ><a target=\"_blank\" aria-label=\"Compartir en Facebook\" href='https:\/\/www.facebook.com\/sharer.php?u=https:\/\/radiorevelacionfm.cl\/?p=50025&#038;t=Centro%20de%20Cuidados%20para%20trabajos%20de%20temporada%20llega%20a%20Lago%20Verde%2C%20Puerto%20Cisnes%20y%20Puerto%20Tranquilo' aria-hidden='false' data-av_icon='\ue8f3' data-av_iconfont='entypo-fontello' title='' data-avia-related-tooltip='Compartir en Facebook' rel=\"noopener\"><span class='avia_hidden_link_text'>Compartir en Facebook<\/span><\/a><\/li><li class='av-share-link av-social-link-twitter' ><a target=\"_blank\" aria-label=\"Compartir en Twitter\" href='https:\/\/twitter.com\/share?text=Centro%20de%20Cuidados%20para%20trabajos%20de%20temporada%20llega%20a%20Lago%20Verde%2C%20Puerto%20Cisnes%20y%20Puerto%20Tranquilo&#038;url=https:\/\/radiorevelacionfm.cl\/?p=50025' aria-hidden='false' data-av_icon='\ue8f1' data-av_iconfont='entypo-fontello' title='' data-avia-related-tooltip='Compartir en Twitter' rel=\"noopener\"><span class='avia_hidden_link_text'>Compartir en Twitter<\/span><\/a><\/li><li class='av-share-link av-social-link-whatsapp' ><a target=\"_blank\" aria-label=\"Compartir en Whatsapp\" href='https:\/\/api.whatsapp.com\/send?text=https:\/\/radiorevelacionfm.cl\/?p=50025' aria-hidden='false' data-av_icon='\uf232' data-av_iconfont='entypo-fontello' title='' data-avia-related-tooltip='Compartir en Whatsapp' rel=\"noopener\"><span class='avia_hidden_link_text'>Compartir en Whatsapp<\/span><\/a><\/li><li class='av-share-link av-social-link-linkedin' ><a target=\"_blank\" aria-label=\"Compartir en LinkedIn\" href='https:\/\/linkedin.com\/shareArticle?mini=true&#038;title=Centro%20de%20Cuidados%20para%20trabajos%20de%20temporada%20llega%20a%20Lago%20Verde%2C%20Puerto%20Cisnes%20y%20Puerto%20Tranquilo&#038;url=https:\/\/radiorevelacionfm.cl\/?p=50025' aria-hidden='false' data-av_icon='\ue8fc' data-av_iconfont='entypo-fontello' title='' data-avia-related-tooltip='Compartir en LinkedIn' rel=\"noopener\"><span class='avia_hidden_link_text'>Compartir en LinkedIn<\/span><\/a><\/li><li class='av-share-link av-social-link-mail' ><a  aria-label=\"Compartir por correo\" href='mailto:?subject=Centro%20de%20Cuidados%20para%20trabajos%20de%20temporada%20llega%20a%20Lago%20Verde%2C%20Puerto%20Cisnes%20y%20Puerto%20Tranquilo&#038;body=https:\/\/radiorevelacionfm.cl\/?p=50025' aria-hidden='false' data-av_icon='\ue805' data-av_iconfont='entypo-fontello' title='' data-avia-related-tooltip='Compartir por correo'><span class='avia_hidden_link_text'>Compartir por correo<\/span><\/a><\/li><\/ul><\/div><\/div>\n<div  style='height:50px' class='hr hr-invisible   avia-builder-el-8  el_after_av_social_share  el_before_av_comments_list '><span class='hr-inner ' ><span class='hr-inner-style'><\/span><\/span><\/div>\n<div  class='av-buildercomment  av-blog-meta-html-info-disabled av-blog-meta-tag-disabled  '><\/div>\n","protected":false},"excerpt":{"rendered":"","protected":false},"author":1,"featured_media":50026,"comment_status":"open","ping_status":"open","sticky":false,"template":"","format":"standard","meta":{"footnotes":""},"categories":[38],"tags":[],"class_list":["post-50025","post","type-post","status-publish","format-standard","has-post-thumbnail","hentry","category-regional"],"jetpack_featured_media_url":"https:\/\/radiorevelacionfm.cl\/wp-content\/uploads\/2025\/01\/cctt-1-1_optimized-1.jpeg","_links":{"self":[{"href":"https:\/\/radiorevelacionfm.cl\/index.php?rest_route=\/wp\/v2\/posts\/50025","targetHints":{"allow":["GET"]}}],"collection":[{"href":"https:\/\/radiorevelacionfm.cl\/index.php?rest_route=\/wp\/v2\/posts"}],"about":[{"href":"https:\/\/radiorevelacionfm.cl\/index.php?rest_route=\/wp\/v2\/types\/post"}],"author":[{"embeddable":true,"href":"https:\/\/radiorevelacionfm.cl\/index.php?rest_route=\/wp\/v2\/users\/1"}],"replies":[{"embeddable":true,"href":"https:\/\/radiorevelacionfm.cl\/index.php?rest_route=%2Fwp%2Fv2%2Fcomments&post=50025"}],"version-history":[{"count":1,"href":"https:\/\/radiorevelacionfm.cl\/index.php?rest_route=\/wp\/v2\/posts\/50025\/revisions"}],"predecessor-version":[{"id":50027,"href":"https:\/\/radiorevelacionfm.cl\/index.php?rest_route=\/wp\/v2\/posts\/50025\/revisions\/50027"}],"wp:featuredmedia":[{"embeddable":true,"href":"https:\/\/radiorevelacionfm.cl\/index.php?rest_route=\/wp\/v2\/media\/50026"}],"wp:attachment":[{"href":"https:\/\/radiorevelacionfm.cl\/index.php?rest_route=%2Fwp%2Fv2%2Fmedia&parent=50025"}],"wp:term":[{"taxonomy":"category","embeddable":true,"href":"https:\/\/radiorevelacionfm.cl\/index.php?rest_route=%2Fwp%2Fv2%2Fcategories&post=50025"},{"taxonomy":"post_tag","embeddable":true,"href":"https:\/\/radiorevelacionfm.cl\/index.php?rest_route=%2Fwp%2Fv2%2Ftags&post=50025"}],"curies":[{"name":"wp","href":"https:\/\/api.w.org\/{rel}","templated":true}]}}