{"id":50022,"date":"2025-01-26T15:55:56","date_gmt":"2025-01-26T18:55:56","guid":{"rendered":"https:\/\/radiorevelacionfm.cl\/?p=50022"},"modified":"2025-01-26T15:55:56","modified_gmt":"2025-01-26T18:55:56","slug":"cchc-coyhaique-por-crecimiento-regional-se-requieren-soluciones-estructurales-mas-alla-de-algunas-cifras-optimistas","status":"publish","type":"post","link":"https:\/\/radiorevelacionfm.cl\/?p=50022","title":{"rendered":"CChC Coyhaique por crecimiento regional: \u201cSe requieren soluciones estructurales m\u00e1s all\u00e1 de algunas cifras optimistas\u201d"},"content":{"rendered":"<div class=\"flex_column av_one_full  flex_column_div av-zero-column-padding first  avia-builder-el-0  el_before_av_one_full  avia-builder-el-first  \" style='border-radius:0px; '><div  class='avia-image-container  av-styling-    avia-builder-el-1  avia-builder-el-no-sibling  avia-align-center '  itemprop=\"image\" itemscope=\"itemscope\" itemtype=\"https:\/\/schema.org\/ImageObject\"  ><div class='avia-image-container-inner'><div class='avia-image-overlay-wrap'><img decoding=\"async\" class='wp-image-50023 avia-img-lazy-loading-not-50023 avia_image' src=\"https:\/\/radiorevelacionfm.cl\/wp-content\/uploads\/2025\/01\/Pablo-Carrasco-CChC-1-1.jpg\" alt='' title='Pablo Carrasco - CChC (1) (1)' height=\"600\" width=\"959\"  itemprop=\"thumbnailUrl\" srcset=\"https:\/\/radiorevelacionfm.cl\/wp-content\/uploads\/2025\/01\/Pablo-Carrasco-CChC-1-1.jpg 959w, https:\/\/radiorevelacionfm.cl\/wp-content\/uploads\/2025\/01\/Pablo-Carrasco-CChC-1-1-300x188.jpg 300w, https:\/\/radiorevelacionfm.cl\/wp-content\/uploads\/2025\/01\/Pablo-Carrasco-CChC-1-1-768x481.jpg 768w, https:\/\/radiorevelacionfm.cl\/wp-content\/uploads\/2025\/01\/Pablo-Carrasco-CChC-1-1-705x441.jpg 705w, https:\/\/radiorevelacionfm.cl\/wp-content\/uploads\/2025\/01\/Pablo-Carrasco-CChC-1-1-450x282.jpg 450w, https:\/\/radiorevelacionfm.cl\/wp-content\/uploads\/2025\/01\/Pablo-Carrasco-CChC-1-1-600x375.jpg 600w\" sizes=\"(max-width: 959px) 100vw, 959px\" \/><\/div><\/div><\/div><\/div><div class=\"flex_column av_one_full  flex_column_div av-zero-column-padding first  avia-builder-el-2  el_after_av_one_full  el_before_av_one_full  column-top-margin\" style='border-radius:0px; '><section class=\"av_textblock_section \"  itemscope=\"itemscope\" itemtype=\"https:\/\/schema.org\/BlogPosting\" itemprop=\"blogPost\" ><div class='avia_textblock  '   itemprop=\"text\" ><p style=\"text-align: center;\"><span style=\"font-size: 18pt;\"><strong>CChC Coyhaique por crecimiento regional \u201c<\/strong><strong>Se requieren soluciones estructurales m\u00e1s all\u00e1 de algunas cifras optimistas\u201d<\/strong><\/span><\/p>\n<div id=\"gtx-trans\" style=\"position: absolute; left: -50px; top: 4.31534px;\">\n<div class=\"gtx-trans-icon\"><\/div>\n<\/div>\n<\/div><\/section><\/div><div class=\"flex_column av_one_full  flex_column_div av-zero-column-padding first  avia-builder-el-4  el_after_av_one_full  el_before_av_hr  column-top-margin\" style='border-radius:0px; '><section class=\"av_textblock_section \"  itemscope=\"itemscope\" itemtype=\"https:\/\/schema.org\/BlogPosting\" itemprop=\"blogPost\" ><div class='avia_textblock  '   itemprop=\"text\" ><p style=\"text-align: justify;\"><em>El presidente del gremio de los constructores, Pablo Carrasco, se refiri\u00f3 a las cifras entregadas por el Gobierno a nivel local, durante las \u00faltimas semanas, sobre los indicadores econ\u00f3micos locales correspondientes al a\u00f1o 2024. <\/em><\/p>\n<p style=\"text-align: justify;\">Con un llamado a generar soluciones estructurales, m\u00e1s all\u00e1 de analizar las cifras, la C\u00e1mara Chilena de la Construcci\u00f3n, sede Coyhaique, se refiri\u00f3 al an\u00e1lisis, que, desde el Gobierno, han realizado en torno a la econom\u00eda regional.<\/p>\n<p style=\"text-align: justify;\">Pablo Carrasco, presidente de la CChC Coyhaique, valor\u00f3 el optimismo estatal, sin embargo, indic\u00f3 que los avances deben ser m\u00e1s profundos.<\/p>\n<p style=\"text-align: justify;\">Respecto del crecimiento econ\u00f3mico, Carrasco puntualiz\u00f3 que si bien, al tercer trimestre -de 2024- seg\u00fan el Banco Central, Ays\u00e9n present\u00f3 un crecimiento del 1%, esta cifra est\u00e1 muy por debajo de otras regiones del pa\u00eds, que, al igual que la regi\u00f3n, tienen condici\u00f3n de extrema, tales como: Magallanes que tiene un crecimiento del 6,2%; o Atacama con un 6,1 por ciento; mientras que el promedio nacional lleg\u00f3 al 2,54%.<\/p>\n<p style=\"text-align: justify;\">En materia de empleo, se visualiza un aumento en los \u00faltimos trimestres, sin embargo, esta alza -seg\u00fan se\u00f1ala el INE- se evidencia en sectores como alojamiento y servicios de comida, que tienen un car\u00e1cter de temporalidad. A esto, se agrega que la informalidad ha crecido de manera constante, llegando a un 31,1% en el trimestre septiembre, octubre, noviembre de 2024. \u201cEste aumento, resalta la necesidad de abordar la calidad y estabilidad del empleo en la regi\u00f3n\u201d indic\u00f3 Pablo Carrasco.<\/p>\n<p style=\"text-align: justify;\">Pablo Carrasco, inst\u00f3, a involucrarse en los temas que mueven la econom\u00eda local, como, por ejemplo, realizar las gestiones pertinentes ante el Gobierno Central y el Ministerio de Hacienda, para conseguir que se traspasen los recursos que la Direcci\u00f3n de Presupuestos -Dipres-, no ha entregado a los Gobiernos Regionales. \u201cEl destino de esos recursos, son los municipios, y si no se entregan, se retrasa el pago a las empresas que ejecutan obras de infraestructura, cuyo impacto es relevante en el desarrollo del territorio, la econom\u00eda y las comunidades\u201d.<\/p>\n<p style=\"text-align: justify;\">Finalmente, el dirigente gremial analiz\u00f3 las expectativas en materia de inversi\u00f3n, vinculados al desarrollo de la Ruta 7, particularmente, con la presentaci\u00f3n de nuevas licitaciones, indicando que, de acuerdo al convenio de programaci\u00f3n entre el GORE y el MOP, desde el a\u00f1o 2019 a la fecha, solo se han completado cinco tramos, lo que equivale a 54,1 km, representando apenas un 37,9% de avance.<\/p>\n<p style=\"text-align: justify;\">Para el an\u00e1lisis de esto \u00faltimo, adem\u00e1s, se debe tener en consideraci\u00f3n, el cambio en el modelo de financiamiento de esta ruta, implementado en 2023, que fija en el MOP, la responsabilidad econ\u00f3mica para ejecutar estas obras, sin apoyo del Gobierno Regional. \u201cModelo, que, hasta ahora, no ha permitido cumplir con el compromiso asumido por el gobierno, que comprometi\u00f3 la pavimentaci\u00f3n de 142 kil\u00f3metros de esta ruta estructurante, lo que a la fecha, no se ha ejecutado\u201d, indic\u00f3 Pablo Carrasco.<\/p>\n<p style=\"text-align: justify;\">Uno de los puntos que valoraron desde la CChC, es la informaci\u00f3n que entreg\u00f3 el delegado presidencial regional respecto del las leyes de excepci\u00f3n para incentivar la inversi\u00f3n, pues va en l\u00ednea a las propuestas de mejora que se han efectuado desde la C\u00e1mara de la Construcci\u00f3n, quienes desarrollaron un acabo estudio que da cuenta del escaso impacto de estos instrumentos en la regi\u00f3n.<\/p>\n<p style=\"text-align: justify;\">\u201cNos parece una muy buena noticia que el gobierno haya tomado la propuesta, que compartimos con las autoridades locales y tambi\u00e9n nacionales, como el ministro de Hacienda, lo que refleja que el an\u00e1lisis que realizamos, no est\u00e1 alejado de la realidad y que urge, modificar instrumentos como la Ley Austral, el DFL 15 y el decreto 889 de bonificaci\u00f3n a la contrataci\u00f3n de mano de obra, por nombrar algunos\u201d, sentenci\u00f3 Carrasco.<\/p>\n<p style=\"text-align: justify;\">El dirigente gremial, finaliz\u00f3, se\u00f1alando que hasta ahora no han sido convocados a la mesa intersectorial que analiza estas leyes, pero que esperan recibir prontamente el llamado de las autoridades, en consideraci\u00f3n a que el estudio desarrollado por el gremio -en conjunto con una economista- cuenta con cifras oficiales de servicios p\u00fablicos tales como el Instituto Nacional de Estad\u00edsticas y el Servicio de Impuestos Internos.<\/p>\n<\/div><\/section><\/div><div  style='height:50px' class='hr hr-invisible   avia-builder-el-6  el_after_av_one_full  el_before_av_social_share '><span class='hr-inner ' ><span class='hr-inner-style'><\/span><\/span><\/div><\/p>\n<div  class='av-social-sharing-box  avia-builder-el-7  el_after_av_hr  el_before_av_hr  '><div class='av-share-box'><h5 class='av-share-link-description av-no-toc '>Compartir esta noticia<\/h5><ul class='av-share-box-list noLightbox'><li class='av-share-link av-social-link-facebook' ><a target=\"_blank\" aria-label=\"Compartir en Facebook\" href='https:\/\/www.facebook.com\/sharer.php?u=https:\/\/radiorevelacionfm.cl\/?p=50022&#038;t=CChC%20Coyhaique%20por%20crecimiento%20regional%3A%20%E2%80%9CSe%20requieren%20soluciones%20estructurales%20m%C3%A1s%20all%C3%A1%20de%20algunas%20cifras%20optimistas%E2%80%9D' aria-hidden='false' data-av_icon='\ue8f3' data-av_iconfont='entypo-fontello' title='' data-avia-related-tooltip='Compartir en Facebook' rel=\"noopener\"><span class='avia_hidden_link_text'>Compartir en Facebook<\/span><\/a><\/li><li class='av-share-link av-social-link-twitter' ><a target=\"_blank\" aria-label=\"Compartir en Twitter\" href='https:\/\/twitter.com\/share?text=CChC%20Coyhaique%20por%20crecimiento%20regional%3A%20%E2%80%9CSe%20requieren%20soluciones%20estructurales%20m%C3%A1s%20all%C3%A1%20de%20algunas%20cifras%20optimistas%E2%80%9D&#038;url=https:\/\/radiorevelacionfm.cl\/?p=50022' aria-hidden='false' data-av_icon='\ue8f1' data-av_iconfont='entypo-fontello' title='' data-avia-related-tooltip='Compartir en Twitter' rel=\"noopener\"><span class='avia_hidden_link_text'>Compartir en Twitter<\/span><\/a><\/li><li class='av-share-link av-social-link-whatsapp' ><a target=\"_blank\" aria-label=\"Compartir en Whatsapp\" href='https:\/\/api.whatsapp.com\/send?text=https:\/\/radiorevelacionfm.cl\/?p=50022' aria-hidden='false' data-av_icon='\uf232' data-av_iconfont='entypo-fontello' title='' data-avia-related-tooltip='Compartir en Whatsapp' rel=\"noopener\"><span class='avia_hidden_link_text'>Compartir en Whatsapp<\/span><\/a><\/li><li class='av-share-link av-social-link-linkedin' ><a target=\"_blank\" aria-label=\"Compartir en LinkedIn\" href='https:\/\/linkedin.com\/shareArticle?mini=true&#038;title=CChC%20Coyhaique%20por%20crecimiento%20regional%3A%20%E2%80%9CSe%20requieren%20soluciones%20estructurales%20m%C3%A1s%20all%C3%A1%20de%20algunas%20cifras%20optimistas%E2%80%9D&#038;url=https:\/\/radiorevelacionfm.cl\/?p=50022' aria-hidden='false' data-av_icon='\ue8fc' data-av_iconfont='entypo-fontello' title='' data-avia-related-tooltip='Compartir en LinkedIn' rel=\"noopener\"><span class='avia_hidden_link_text'>Compartir en LinkedIn<\/span><\/a><\/li><li class='av-share-link av-social-link-mail' ><a  aria-label=\"Compartir por correo\" href='mailto:?subject=CChC%20Coyhaique%20por%20crecimiento%20regional%3A%20%E2%80%9CSe%20requieren%20soluciones%20estructurales%20m%C3%A1s%20all%C3%A1%20de%20algunas%20cifras%20optimistas%E2%80%9D&#038;body=https:\/\/radiorevelacionfm.cl\/?p=50022' aria-hidden='false' data-av_icon='\ue805' data-av_iconfont='entypo-fontello' title='' data-avia-related-tooltip='Compartir por correo'><span class='avia_hidden_link_text'>Compartir por correo<\/span><\/a><\/li><\/ul><\/div><\/div>\n<div  style='height:50px' class='hr hr-invisible   avia-builder-el-8  el_after_av_social_share  el_before_av_comments_list '><span class='hr-inner ' ><span class='hr-inner-style'><\/span><\/span><\/div>\n<div  class='av-buildercomment  av-blog-meta-html-info-disabled av-blog-meta-tag-disabled  '><\/div>\n","protected":false},"excerpt":{"rendered":"","protected":false},"author":1,"featured_media":50023,"comment_status":"open","ping_status":"open","sticky":false,"template":"","format":"standard","meta":{"footnotes":""},"categories":[38],"tags":[],"class_list":["post-50022","post","type-post","status-publish","format-standard","has-post-thumbnail","hentry","category-regional"],"jetpack_featured_media_url":"https:\/\/radiorevelacionfm.cl\/wp-content\/uploads\/2025\/01\/Pablo-Carrasco-CChC-1-1.jpg","_links":{"self":[{"href":"https:\/\/radiorevelacionfm.cl\/index.php?rest_route=\/wp\/v2\/posts\/50022","targetHints":{"allow":["GET"]}}],"collection":[{"href":"https:\/\/radiorevelacionfm.cl\/index.php?rest_route=\/wp\/v2\/posts"}],"about":[{"href":"https:\/\/radiorevelacionfm.cl\/index.php?rest_route=\/wp\/v2\/types\/post"}],"author":[{"embeddable":true,"href":"https:\/\/radiorevelacionfm.cl\/index.php?rest_route=\/wp\/v2\/users\/1"}],"replies":[{"embeddable":true,"href":"https:\/\/radiorevelacionfm.cl\/index.php?rest_route=%2Fwp%2Fv2%2Fcomments&post=50022"}],"version-history":[{"count":1,"href":"https:\/\/radiorevelacionfm.cl\/index.php?rest_route=\/wp\/v2\/posts\/50022\/revisions"}],"predecessor-version":[{"id":50024,"href":"https:\/\/radiorevelacionfm.cl\/index.php?rest_route=\/wp\/v2\/posts\/50022\/revisions\/50024"}],"wp:featuredmedia":[{"embeddable":true,"href":"https:\/\/radiorevelacionfm.cl\/index.php?rest_route=\/wp\/v2\/media\/50023"}],"wp:attachment":[{"href":"https:\/\/radiorevelacionfm.cl\/index.php?rest_route=%2Fwp%2Fv2%2Fmedia&parent=50022"}],"wp:term":[{"taxonomy":"category","embeddable":true,"href":"https:\/\/radiorevelacionfm.cl\/index.php?rest_route=%2Fwp%2Fv2%2Fcategories&post=50022"},{"taxonomy":"post_tag","embeddable":true,"href":"https:\/\/radiorevelacionfm.cl\/index.php?rest_route=%2Fwp%2Fv2%2Ftags&post=50022"}],"curies":[{"name":"wp","href":"https:\/\/api.w.org\/{rel}","templated":true}]}}