{"id":50015,"date":"2025-01-25T23:11:53","date_gmt":"2025-01-26T02:11:53","guid":{"rendered":"https:\/\/radiorevelacionfm.cl\/?p=50015"},"modified":"2025-01-25T23:11:53","modified_gmt":"2025-01-26T02:11:53","slug":"injuv-potencia-el-contacto-con-la-naturaleza-como-parte-del-autocuidado-de-las-juventudes","status":"publish","type":"post","link":"https:\/\/radiorevelacionfm.cl\/?p=50015","title":{"rendered":"INJUV potencia el contacto con la naturaleza como parte del autocuidado de las juventudes"},"content":{"rendered":"<div class=\"flex_column av_one_full  flex_column_div av-zero-column-padding first  avia-builder-el-0  el_before_av_one_full  avia-builder-el-first  \" style='border-radius:0px; '><div  class='avia-image-container  av-styling-    avia-builder-el-1  avia-builder-el-no-sibling  avia-align-center '  itemprop=\"image\" itemscope=\"itemscope\" itemtype=\"https:\/\/schema.org\/ImageObject\"  ><div class='avia-image-container-inner'><div class='avia-image-overlay-wrap'><img decoding=\"async\" class='wp-image-50016 avia-img-lazy-loading-not-50016 avia_image' src=\"https:\/\/radiorevelacionfm.cl\/wp-content\/uploads\/2025\/01\/FOTO-2-70-1-1.jpg\" alt='' title='FOTO 2 (70) (1) (1)' height=\"630\" width=\"804\"  itemprop=\"thumbnailUrl\" srcset=\"https:\/\/radiorevelacionfm.cl\/wp-content\/uploads\/2025\/01\/FOTO-2-70-1-1.jpg 804w, https:\/\/radiorevelacionfm.cl\/wp-content\/uploads\/2025\/01\/FOTO-2-70-1-1-300x235.jpg 300w, https:\/\/radiorevelacionfm.cl\/wp-content\/uploads\/2025\/01\/FOTO-2-70-1-1-768x602.jpg 768w, https:\/\/radiorevelacionfm.cl\/wp-content\/uploads\/2025\/01\/FOTO-2-70-1-1-705x552.jpg 705w, https:\/\/radiorevelacionfm.cl\/wp-content\/uploads\/2025\/01\/FOTO-2-70-1-1-450x353.jpg 450w, https:\/\/radiorevelacionfm.cl\/wp-content\/uploads\/2025\/01\/FOTO-2-70-1-1-600x470.jpg 600w\" sizes=\"(max-width: 804px) 100vw, 804px\" \/><\/div><\/div><\/div><\/div><div class=\"flex_column av_one_full  flex_column_div av-zero-column-padding first  avia-builder-el-2  el_after_av_one_full  el_before_av_one_full  column-top-margin\" style='border-radius:0px; '><section class=\"av_textblock_section \"  itemscope=\"itemscope\" itemtype=\"https:\/\/schema.org\/BlogPosting\" itemprop=\"blogPost\" ><div class='avia_textblock  '   itemprop=\"text\" ><p style=\"text-align: center;\"><span style=\"font-size: 18pt;\"><strong>INJUV potencia el contacto con la naturaleza como parte del autocuidado de las juventudes<\/strong><\/span><\/p>\n<div id=\"gtx-trans\" style=\"position: absolute; left: -50px; top: 4.31534px;\">\n<div class=\"gtx-trans-icon\"><\/div>\n<\/div>\n<\/div><\/section><\/div><div class=\"flex_column av_one_full  flex_column_div av-zero-column-padding first  avia-builder-el-4  el_after_av_one_full  el_before_av_hr  column-top-margin\" style='border-radius:0px; '><section class=\"av_textblock_section \"  itemscope=\"itemscope\" itemtype=\"https:\/\/schema.org\/BlogPosting\" itemprop=\"blogPost\" ><div class='avia_textblock  '   itemprop=\"text\" ><p style=\"text-align: justify;\">Con el objetivo de resaltar la importancia del deporte y la vida sana como herramientas de autocuidado, fomentar la participaci\u00f3n de las juventudes en actividades al aire libre e inspirar a una reflexi\u00f3n sobre los beneficios del contacto con la naturaleza como factor protector de la salud f\u00edsica y mental, el Instituto Nacional de la Juventud de la regi\u00f3n, realiz\u00f3 el trekking <em>Senderos Hacia el Autocuidado.<\/em><\/p>\n<p style=\"text-align: justify;\">El escenario de la jornada fue el sendero Ruta Divisadero en la comuna de Coyhaique, donde el equipo INJUV acompa\u00f1ados por un gu\u00eda, dieron el vamos a la actividad, entregando a las juventudes participantes toda la informaci\u00f3n necesaria para puedan desarrollar el trekking de forma segura.<\/p>\n<p style=\"text-align: justify;\">La actividad cont\u00f3 con el apoyo de la Ilustre Municipalidad de Coyhaique y el Servicio Nacional para la Prevenci\u00f3n y Rehabilitaci\u00f3n del Consumo de Drogas y Alcohol (SENDA), quienes entregaron informaci\u00f3n correspondiente a su campa\u00f1a de verano <em>Cuidarse Siempre Est\u00e1 de Moda<\/em>, que busca promover estilos de vida saludable en ni\u00f1as, ni\u00f1os, adolescentes y juventudes, adem\u00e1s de un adecuado uso del tiempo libre.<\/p>\n<p style=\"text-align: justify;\">\u201cEn pleno verano, cuando la regi\u00f3n de Ays\u00e9n se viste de verde y la conexi\u00f3n con el entorno natural se vuelve casi inevitable, realizamos una experiencia \u00fanica de trekking que representa un paso concreto hacia la creaci\u00f3n de espacios donde las juventudes se sientan escuchadas y valoradas. Caminamos juntos, no solo por senderos naturales, sino tambi\u00e9n por rutas que conducen a una mejor calidad de vida, a la construcci\u00f3n de v\u00ednculos sanos y a la promoci\u00f3n de h\u00e1bitos que impacten positivamente el presente y futuro de nuestra regi\u00f3n\u201d, sostuvo el Director Regional de INJUV Ays\u00e9n, Camilo Trivi\u00f1o Urtubia.<\/p>\n<p style=\"text-align: justify;\">\u201cEl trekking realizado junto a INJUV es una instancia para acercarnos a las juventudes fomentando el bienestar, la conexi\u00f3n con la naturaleza y estilos de vida saludables. A trav\u00e9s de actividades como esta, buscamos reforzar el mensaje central de nuestra campa\u00f1a de verano <em>Cuidarse Siempre Est\u00e1 de Moda<\/em> disfrutando de manera responsable, promoviendo el autocuidado y el sentido de comunidad\u201d, se\u00f1al\u00f3 la Directora Regional de SENDA, Victoria Contreras Lemus.<\/p>\n<p style=\"text-align: justify;\"><strong>Juventudes agradecidas<\/strong><\/p>\n<p style=\"text-align: justify;\">Jos\u00e9 Aro Aguilar, joven participante, indic\u00f3 que \u201cme pareci\u00f3 genial esta instancia, no he salido de la casa en arto tiempo, hago bien pocas cosas, en realidad estoy aprovechando de descansar un poco antes de irme a la universidad, que se realicen estas instancias, que de verdad si uno las organiza por si solo, toman arto m\u00e1s tiempo, arto m\u00e1s esfuerzo, entonces poder solo sumarse es s\u00faper agradable, es bueno, solo son cosas positivas. Espero que INJUV siga realizando este tipo de actividades al aire libre, si me quieren llevar a Cerro Castillo, a donde sea, a Santiago, Valpara\u00edso, ll\u00e9venme, yo caigo\u201d.<\/p>\n<p style=\"text-align: justify;\">En tanto Claudina Orellana C\u00e1rdenas, agradeci\u00f3 la actividad de INJUV \u00a0y se\u00f1al\u00f3 que \u201cfue una muy bonita experiencia, es algo totalmente necesario para las y los j\u00f3venes porque nos saca de la rutina, adem\u00e1s que es gratuito, hay muchas personas que no pueden costearse actividades de este tipo, entonces estas oportunidades no se pueden desaprovechar\u201d.<\/p>\n<p style=\"text-align: justify;\">Cabe destacar que este encuentro se llev\u00f3 a cabo a trav\u00e9s del programa de bienestar y autocuidado de INJUV Chile, Hablemos de Todo, que cuenta tambi\u00e9n con un servicio de chat en l\u00ednea gratuito, donde psic\u00f3logas y psic\u00f3logos atienden las consultas de las y los j\u00f3venes. Se encuentran operativos de lunes a viernes de 10:00 a 21:00 horas y los s\u00e1bados de 11:00 a 17:00 horas. A trav\u00e9s de la entrega de informaci\u00f3n, contenci\u00f3n o derivaci\u00f3n buscan dar respuesta eficaz a problemas o consultas de bienestar y autocuidado, las conversaciones entre las juventudes y el profesional de la salud mental son totalmente confidenciales.<\/p>\n<p style=\"text-align: justify;\">Las subtem\u00e1ticas que se han priorizado para trabajar con las juventudes este a\u00f1o 2025 son:\u00a0Ansiedad, Consumo de Alcohol y Drogas, Interrupci\u00f3n Voluntaria del Embarazo. Temas que fueron elegidos por las y los j\u00f3venes mediante una votaci\u00f3n,\u00a0 que se llev\u00f3 a cabo en un Encuentro Territorial desarrollado el a\u00f1o 2024 y que ser\u00e1n el foco principal de abordaje del programa\u00a0<em>Hablemos de Todo<\/em>\u00a0en la regi\u00f3n de Ays\u00e9n.<\/p>\n<p style=\"text-align: justify;\">Las y los j\u00f3venes interesados en obtener informaci\u00f3n referente a los diversos temas mencionados anteriormente pueden acceder a trav\u00e9s del siguiente link: <a href=\"http:\/\/hablemosdetodo.injuv.gob.cl\">http:\/\/hablemosdetodo.injuv.gob.cl<\/a> , escribirnos a nuestras redes sociales,\u00a0 Fan Page, Instagram y Twitter @injuvaysen\u00a0o visitarnos presencialmente en la Direcci\u00f3n Regional de INJUV Ays\u00e9n, ubicada en Manuel Rodr\u00edguez #239, Coyhaique, de lunes a viernes durante las ma\u00f1anas de 09:00 a 13:00 horas y en la tardes de 14:00 a 17:30 horas, viernes hasta las 16:00 horas.<\/p>\n<\/div><\/section><\/div><div  style='height:50px' class='hr hr-invisible   avia-builder-el-6  el_after_av_one_full  el_before_av_social_share '><span class='hr-inner ' ><span class='hr-inner-style'><\/span><\/span><\/div><\/p>\n<div  class='av-social-sharing-box  avia-builder-el-7  el_after_av_hr  el_before_av_hr  '><div class='av-share-box'><h5 class='av-share-link-description av-no-toc '>Compartir esta noticia<\/h5><ul class='av-share-box-list noLightbox'><li class='av-share-link av-social-link-facebook' ><a target=\"_blank\" aria-label=\"Compartir en Facebook\" href='https:\/\/www.facebook.com\/sharer.php?u=https:\/\/radiorevelacionfm.cl\/?p=50015&#038;t=INJUV%20potencia%20el%20contacto%20con%20la%20naturaleza%20como%20parte%20del%20autocuidado%20de%20las%20juventudes' aria-hidden='false' data-av_icon='\ue8f3' data-av_iconfont='entypo-fontello' title='' data-avia-related-tooltip='Compartir en Facebook' rel=\"noopener\"><span class='avia_hidden_link_text'>Compartir en Facebook<\/span><\/a><\/li><li class='av-share-link av-social-link-twitter' ><a target=\"_blank\" aria-label=\"Compartir en Twitter\" href='https:\/\/twitter.com\/share?text=INJUV%20potencia%20el%20contacto%20con%20la%20naturaleza%20como%20parte%20del%20autocuidado%20de%20las%20juventudes&#038;url=https:\/\/radiorevelacionfm.cl\/?p=50015' aria-hidden='false' data-av_icon='\ue8f1' data-av_iconfont='entypo-fontello' title='' data-avia-related-tooltip='Compartir en Twitter' rel=\"noopener\"><span class='avia_hidden_link_text'>Compartir en Twitter<\/span><\/a><\/li><li class='av-share-link av-social-link-whatsapp' ><a target=\"_blank\" aria-label=\"Compartir en Whatsapp\" href='https:\/\/api.whatsapp.com\/send?text=https:\/\/radiorevelacionfm.cl\/?p=50015' aria-hidden='false' data-av_icon='\uf232' data-av_iconfont='entypo-fontello' title='' data-avia-related-tooltip='Compartir en Whatsapp' rel=\"noopener\"><span class='avia_hidden_link_text'>Compartir en Whatsapp<\/span><\/a><\/li><li class='av-share-link av-social-link-linkedin' ><a target=\"_blank\" aria-label=\"Compartir en LinkedIn\" href='https:\/\/linkedin.com\/shareArticle?mini=true&#038;title=INJUV%20potencia%20el%20contacto%20con%20la%20naturaleza%20como%20parte%20del%20autocuidado%20de%20las%20juventudes&#038;url=https:\/\/radiorevelacionfm.cl\/?p=50015' aria-hidden='false' data-av_icon='\ue8fc' data-av_iconfont='entypo-fontello' title='' data-avia-related-tooltip='Compartir en LinkedIn' rel=\"noopener\"><span class='avia_hidden_link_text'>Compartir en LinkedIn<\/span><\/a><\/li><li class='av-share-link av-social-link-mail' ><a  aria-label=\"Compartir por correo\" href='mailto:?subject=INJUV%20potencia%20el%20contacto%20con%20la%20naturaleza%20como%20parte%20del%20autocuidado%20de%20las%20juventudes&#038;body=https:\/\/radiorevelacionfm.cl\/?p=50015' aria-hidden='false' data-av_icon='\ue805' data-av_iconfont='entypo-fontello' title='' data-avia-related-tooltip='Compartir por correo'><span class='avia_hidden_link_text'>Compartir por correo<\/span><\/a><\/li><\/ul><\/div><\/div>\n<div  style='height:50px' class='hr hr-invisible   avia-builder-el-8  el_after_av_social_share  el_before_av_comments_list '><span class='hr-inner ' ><span class='hr-inner-style'><\/span><\/span><\/div>\n<div  class='av-buildercomment  av-blog-meta-html-info-disabled av-blog-meta-tag-disabled  '><\/div>\n","protected":false},"excerpt":{"rendered":"","protected":false},"author":1,"featured_media":50016,"comment_status":"open","ping_status":"open","sticky":false,"template":"","format":"standard","meta":{"footnotes":""},"categories":[38],"tags":[],"class_list":["post-50015","post","type-post","status-publish","format-standard","has-post-thumbnail","hentry","category-regional"],"jetpack_featured_media_url":"https:\/\/radiorevelacionfm.cl\/wp-content\/uploads\/2025\/01\/FOTO-2-70-1-1.jpg","_links":{"self":[{"href":"https:\/\/radiorevelacionfm.cl\/index.php?rest_route=\/wp\/v2\/posts\/50015","targetHints":{"allow":["GET"]}}],"collection":[{"href":"https:\/\/radiorevelacionfm.cl\/index.php?rest_route=\/wp\/v2\/posts"}],"about":[{"href":"https:\/\/radiorevelacionfm.cl\/index.php?rest_route=\/wp\/v2\/types\/post"}],"author":[{"embeddable":true,"href":"https:\/\/radiorevelacionfm.cl\/index.php?rest_route=\/wp\/v2\/users\/1"}],"replies":[{"embeddable":true,"href":"https:\/\/radiorevelacionfm.cl\/index.php?rest_route=%2Fwp%2Fv2%2Fcomments&post=50015"}],"version-history":[{"count":1,"href":"https:\/\/radiorevelacionfm.cl\/index.php?rest_route=\/wp\/v2\/posts\/50015\/revisions"}],"predecessor-version":[{"id":50017,"href":"https:\/\/radiorevelacionfm.cl\/index.php?rest_route=\/wp\/v2\/posts\/50015\/revisions\/50017"}],"wp:featuredmedia":[{"embeddable":true,"href":"https:\/\/radiorevelacionfm.cl\/index.php?rest_route=\/wp\/v2\/media\/50016"}],"wp:attachment":[{"href":"https:\/\/radiorevelacionfm.cl\/index.php?rest_route=%2Fwp%2Fv2%2Fmedia&parent=50015"}],"wp:term":[{"taxonomy":"category","embeddable":true,"href":"https:\/\/radiorevelacionfm.cl\/index.php?rest_route=%2Fwp%2Fv2%2Fcategories&post=50015"},{"taxonomy":"post_tag","embeddable":true,"href":"https:\/\/radiorevelacionfm.cl\/index.php?rest_route=%2Fwp%2Fv2%2Ftags&post=50015"}],"curies":[{"name":"wp","href":"https:\/\/api.w.org\/{rel}","templated":true}]}}