{"id":50013,"date":"2025-01-25T23:03:32","date_gmt":"2025-01-26T02:03:32","guid":{"rendered":"https:\/\/radiorevelacionfm.cl\/?p=50013"},"modified":"2025-01-25T23:03:32","modified_gmt":"2025-01-26T02:03:32","slug":"emiten-alerta-preventiva-para-la-region-de-aysen-por-precipitaciones-con-isoterma-cero-alta-en-corto-periodo-de-tiempo","status":"publish","type":"post","link":"https:\/\/radiorevelacionfm.cl\/?p=50013","title":{"rendered":"Emiten Alerta Preventiva para la regi\u00f3n de Ays\u00e9n por precipitaciones con isoterma cero alta en corto periodo de tiempo"},"content":{"rendered":"<div class=\"flex_column av_one_full  flex_column_div av-zero-column-padding first  avia-builder-el-0  el_before_av_one_full  avia-builder-el-first  \" style='border-radius:0px; '><div  class='avia-image-container  av-styling-    avia-builder-el-1  avia-builder-el-no-sibling  avia-align-center '  itemprop=\"image\" itemscope=\"itemscope\" itemtype=\"https:\/\/schema.org\/ImageObject\"  ><div class='avia-image-container-inner'><div class='avia-image-overlay-wrap'><img decoding=\"async\" class='wp-image-33262 avia-img-lazy-loading-not-33262 avia_image' src=\"https:\/\/radiorevelacionfm.cl\/wp-content\/uploads\/2023\/07\/lluvia-intensa-1_optimized.jpeg\" alt='' title='lluvia-intensa-(1)_optimized' height=\"600\" width=\"853\"  itemprop=\"thumbnailUrl\" srcset=\"https:\/\/radiorevelacionfm.cl\/wp-content\/uploads\/2023\/07\/lluvia-intensa-1_optimized.jpeg 853w, https:\/\/radiorevelacionfm.cl\/wp-content\/uploads\/2023\/07\/lluvia-intensa-1_optimized-300x211.jpeg 300w, https:\/\/radiorevelacionfm.cl\/wp-content\/uploads\/2023\/07\/lluvia-intensa-1_optimized-768x540.jpeg 768w, https:\/\/radiorevelacionfm.cl\/wp-content\/uploads\/2023\/07\/lluvia-intensa-1_optimized-705x496.jpeg 705w, https:\/\/radiorevelacionfm.cl\/wp-content\/uploads\/2023\/07\/lluvia-intensa-1_optimized-450x317.jpeg 450w, https:\/\/radiorevelacionfm.cl\/wp-content\/uploads\/2023\/07\/lluvia-intensa-1_optimized-600x422.jpeg 600w\" sizes=\"(max-width: 853px) 100vw, 853px\" \/><\/div><\/div><\/div><\/div><div class=\"flex_column av_one_full  flex_column_div av-zero-column-padding first  avia-builder-el-2  el_after_av_one_full  el_before_av_one_full  column-top-margin\" style='border-radius:0px; '><section class=\"av_textblock_section \"  itemscope=\"itemscope\" itemtype=\"https:\/\/schema.org\/BlogPosting\" itemprop=\"blogPost\" ><div class='avia_textblock  '   itemprop=\"text\" ><p style=\"text-align: center;\"><span style=\"font-size: 18pt;\"><strong>Emiten Alerta Preventiva para la regi\u00f3n de Ays\u00e9n por precipitaciones con isoterma cero alta en corto periodo de tiempo<\/strong><\/span><\/p>\n<div id=\"gtx-trans\" style=\"position: absolute; left: -50px; top: 4.31534px;\">\n<div class=\"gtx-trans-icon\"><\/div>\n<\/div>\n<\/div><\/section><\/div><div class=\"flex_column av_one_full  flex_column_div av-zero-column-padding first  avia-builder-el-4  el_after_av_one_full  el_before_av_hr  column-top-margin\" style='border-radius:0px; '><section class=\"av_textblock_section \"  itemscope=\"itemscope\" itemtype=\"https:\/\/schema.org\/BlogPosting\" itemprop=\"blogPost\" ><div class='avia_textblock  '   itemprop=\"text\" ><p style=\"text-align: justify;\">De acuerdo con la informaci\u00f3n proporcionada por la Direcci\u00f3n Meteorol\u00f3gica de Chile (DMC), se esperan precipitaciones normales a moderadas con isoterma cero alta en corto periodo de tiempo, entre el domingo 26 y el lunes 27 de enero de 2025.<\/p>\n<p>Por su parte, el Servicio Nacional de Geolog\u00eda y Miner\u00eda (SERNAGEOMIN) a trav\u00e9s de su Minuta T\u00e9cnica por Peligro de Remociones en Masa, indica que la posibilidad de ocurrencia de remociones en masa es alta en el sector insular sur, moderada en el sector insular norte, litoral interior norte, cordillera austral norte y patagonia subandina sur y baja en la patagonia subandina norte.<\/p>\n<p>En consideraci\u00f3n a estos antecedentes y en coordinaci\u00f3n con la Delegaci\u00f3n Presidencial Regional de Ays\u00e9n, la Direcci\u00f3n Regional del SENAPRED declara Alerta Temprana Preventiva Regional por precipitaciones, vigente a contar de hoy y hasta que las condiciones as\u00ed lo ameriten.<\/p>\n<\/div><\/section><\/div><div  style='height:50px' class='hr hr-invisible   avia-builder-el-6  el_after_av_one_full  el_before_av_social_share '><span class='hr-inner ' ><span class='hr-inner-style'><\/span><\/span><\/div><\/p>\n<div  class='av-social-sharing-box  avia-builder-el-7  el_after_av_hr  el_before_av_hr  '><div class='av-share-box'><h5 class='av-share-link-description av-no-toc '>Compartir esta noticia<\/h5><ul class='av-share-box-list noLightbox'><li class='av-share-link av-social-link-facebook' ><a target=\"_blank\" aria-label=\"Compartir en Facebook\" href='https:\/\/www.facebook.com\/sharer.php?u=https:\/\/radiorevelacionfm.cl\/?p=50013&#038;t=Emiten%20Alerta%20Preventiva%20para%20la%20regi%C3%B3n%20de%20Ays%C3%A9n%20por%20precipitaciones%20con%20isoterma%20cero%20alta%20en%20corto%20periodo%20de%20tiempo' aria-hidden='false' data-av_icon='\ue8f3' data-av_iconfont='entypo-fontello' title='' data-avia-related-tooltip='Compartir en Facebook' rel=\"noopener\"><span class='avia_hidden_link_text'>Compartir en Facebook<\/span><\/a><\/li><li class='av-share-link av-social-link-twitter' ><a target=\"_blank\" aria-label=\"Compartir en Twitter\" href='https:\/\/twitter.com\/share?text=Emiten%20Alerta%20Preventiva%20para%20la%20regi%C3%B3n%20de%20Ays%C3%A9n%20por%20precipitaciones%20con%20isoterma%20cero%20alta%20en%20corto%20periodo%20de%20tiempo&#038;url=https:\/\/radiorevelacionfm.cl\/?p=50013' aria-hidden='false' data-av_icon='\ue8f1' data-av_iconfont='entypo-fontello' title='' data-avia-related-tooltip='Compartir en Twitter' rel=\"noopener\"><span class='avia_hidden_link_text'>Compartir en Twitter<\/span><\/a><\/li><li class='av-share-link av-social-link-whatsapp' ><a target=\"_blank\" aria-label=\"Compartir en Whatsapp\" href='https:\/\/api.whatsapp.com\/send?text=https:\/\/radiorevelacionfm.cl\/?p=50013' aria-hidden='false' data-av_icon='\uf232' data-av_iconfont='entypo-fontello' title='' data-avia-related-tooltip='Compartir en Whatsapp' rel=\"noopener\"><span class='avia_hidden_link_text'>Compartir en Whatsapp<\/span><\/a><\/li><li class='av-share-link av-social-link-linkedin' ><a target=\"_blank\" aria-label=\"Compartir en LinkedIn\" href='https:\/\/linkedin.com\/shareArticle?mini=true&#038;title=Emiten%20Alerta%20Preventiva%20para%20la%20regi%C3%B3n%20de%20Ays%C3%A9n%20por%20precipitaciones%20con%20isoterma%20cero%20alta%20en%20corto%20periodo%20de%20tiempo&#038;url=https:\/\/radiorevelacionfm.cl\/?p=50013' aria-hidden='false' data-av_icon='\ue8fc' data-av_iconfont='entypo-fontello' title='' data-avia-related-tooltip='Compartir en LinkedIn' rel=\"noopener\"><span class='avia_hidden_link_text'>Compartir en LinkedIn<\/span><\/a><\/li><li class='av-share-link av-social-link-mail' ><a  aria-label=\"Compartir por correo\" href='mailto:?subject=Emiten%20Alerta%20Preventiva%20para%20la%20regi%C3%B3n%20de%20Ays%C3%A9n%20por%20precipitaciones%20con%20isoterma%20cero%20alta%20en%20corto%20periodo%20de%20tiempo&#038;body=https:\/\/radiorevelacionfm.cl\/?p=50013' aria-hidden='false' data-av_icon='\ue805' data-av_iconfont='entypo-fontello' title='' data-avia-related-tooltip='Compartir por correo'><span class='avia_hidden_link_text'>Compartir por correo<\/span><\/a><\/li><\/ul><\/div><\/div>\n<div  style='height:50px' class='hr hr-invisible   avia-builder-el-8  el_after_av_social_share  el_before_av_comments_list '><span class='hr-inner ' ><span class='hr-inner-style'><\/span><\/span><\/div>\n<div  class='av-buildercomment  av-blog-meta-html-info-disabled av-blog-meta-tag-disabled  '><\/div>\n","protected":false},"excerpt":{"rendered":"","protected":false},"author":1,"featured_media":33262,"comment_status":"open","ping_status":"open","sticky":false,"template":"","format":"standard","meta":{"footnotes":""},"categories":[38],"tags":[],"class_list":["post-50013","post","type-post","status-publish","format-standard","has-post-thumbnail","hentry","category-regional"],"jetpack_featured_media_url":"https:\/\/radiorevelacionfm.cl\/wp-content\/uploads\/2023\/07\/lluvia-intensa-1_optimized.jpeg","_links":{"self":[{"href":"https:\/\/radiorevelacionfm.cl\/index.php?rest_route=\/wp\/v2\/posts\/50013","targetHints":{"allow":["GET"]}}],"collection":[{"href":"https:\/\/radiorevelacionfm.cl\/index.php?rest_route=\/wp\/v2\/posts"}],"about":[{"href":"https:\/\/radiorevelacionfm.cl\/index.php?rest_route=\/wp\/v2\/types\/post"}],"author":[{"embeddable":true,"href":"https:\/\/radiorevelacionfm.cl\/index.php?rest_route=\/wp\/v2\/users\/1"}],"replies":[{"embeddable":true,"href":"https:\/\/radiorevelacionfm.cl\/index.php?rest_route=%2Fwp%2Fv2%2Fcomments&post=50013"}],"version-history":[{"count":1,"href":"https:\/\/radiorevelacionfm.cl\/index.php?rest_route=\/wp\/v2\/posts\/50013\/revisions"}],"predecessor-version":[{"id":50014,"href":"https:\/\/radiorevelacionfm.cl\/index.php?rest_route=\/wp\/v2\/posts\/50013\/revisions\/50014"}],"wp:featuredmedia":[{"embeddable":true,"href":"https:\/\/radiorevelacionfm.cl\/index.php?rest_route=\/wp\/v2\/media\/33262"}],"wp:attachment":[{"href":"https:\/\/radiorevelacionfm.cl\/index.php?rest_route=%2Fwp%2Fv2%2Fmedia&parent=50013"}],"wp:term":[{"taxonomy":"category","embeddable":true,"href":"https:\/\/radiorevelacionfm.cl\/index.php?rest_route=%2Fwp%2Fv2%2Fcategories&post=50013"},{"taxonomy":"post_tag","embeddable":true,"href":"https:\/\/radiorevelacionfm.cl\/index.php?rest_route=%2Fwp%2Fv2%2Ftags&post=50013"}],"curies":[{"name":"wp","href":"https:\/\/api.w.org\/{rel}","templated":true}]}}