{"id":50010,"date":"2025-01-25T12:40:19","date_gmt":"2025-01-25T15:40:19","guid":{"rendered":"https:\/\/radiorevelacionfm.cl\/?p=50010"},"modified":"2025-01-25T12:40:19","modified_gmt":"2025-01-25T15:40:19","slug":"el-patagonia-chelo-fest-celebra-su-septimo-aniversario-con-musica-y-naturaleza-al-fin-del-mundo","status":"publish","type":"post","link":"https:\/\/radiorevelacionfm.cl\/?p=50010","title":{"rendered":"El Patagonia Chelo Fest celebra su s\u00e9ptimo aniversario con M\u00fasica y Naturaleza al Fin del Mundo"},"content":{"rendered":"<div class=\"flex_column av_one_full  flex_column_div av-zero-column-padding first  avia-builder-el-0  el_before_av_one_full  avia-builder-el-first  \" style='border-radius:0px; '><div  class='avia-image-container  av-styling-    avia-builder-el-1  avia-builder-el-no-sibling  avia-align-center '  itemprop=\"image\" itemscope=\"itemscope\" itemtype=\"https:\/\/schema.org\/ImageObject\"  ><div class='avia-image-container-inner'><div class='avia-image-overlay-wrap'><img decoding=\"async\" class='wp-image-50011 avia-img-lazy-loading-not-50011 avia_image' src=\"https:\/\/radiorevelacionfm.cl\/wp-content\/uploads\/2025\/01\/patagonia-chelo-fest-previos-2-1_optimized-1.jpg\" alt='' title='patagonia-chelo-fest-previos-2-(1)_optimized (1)' height=\"600\" width=\"1011\"  itemprop=\"thumbnailUrl\" srcset=\"https:\/\/radiorevelacionfm.cl\/wp-content\/uploads\/2025\/01\/patagonia-chelo-fest-previos-2-1_optimized-1.jpg 1011w, https:\/\/radiorevelacionfm.cl\/wp-content\/uploads\/2025\/01\/patagonia-chelo-fest-previos-2-1_optimized-1-300x178.jpg 300w, https:\/\/radiorevelacionfm.cl\/wp-content\/uploads\/2025\/01\/patagonia-chelo-fest-previos-2-1_optimized-1-768x456.jpg 768w, https:\/\/radiorevelacionfm.cl\/wp-content\/uploads\/2025\/01\/patagonia-chelo-fest-previos-2-1_optimized-1-705x418.jpg 705w, https:\/\/radiorevelacionfm.cl\/wp-content\/uploads\/2025\/01\/patagonia-chelo-fest-previos-2-1_optimized-1-450x267.jpg 450w, https:\/\/radiorevelacionfm.cl\/wp-content\/uploads\/2025\/01\/patagonia-chelo-fest-previos-2-1_optimized-1-600x356.jpg 600w\" sizes=\"(max-width: 1011px) 100vw, 1011px\" \/><\/div><\/div><\/div><\/div><div class=\"flex_column av_one_full  flex_column_div av-zero-column-padding first  avia-builder-el-2  el_after_av_one_full  el_before_av_one_full  column-top-margin\" style='border-radius:0px; '><section class=\"av_textblock_section \"  itemscope=\"itemscope\" itemtype=\"https:\/\/schema.org\/BlogPosting\" itemprop=\"blogPost\" ><div class='avia_textblock  '   itemprop=\"text\" ><p style=\"text-align: center;\"><strong><span style=\"font-size: 18pt;\">El Patagonia Chelo Fest celebra su s\u00e9ptimo aniversario con M\u00fasica y Naturaleza al Fin del Mundo<\/span><\/strong><\/p>\n<div id=\"gtx-trans\" style=\"position: absolute; left: -50px; top: 4.31534px;\">\n<div class=\"gtx-trans-icon\"><\/div>\n<\/div>\n<\/div><\/section><\/div><div class=\"flex_column av_one_full  flex_column_div av-zero-column-padding first  avia-builder-el-4  el_after_av_one_full  el_before_av_hr  column-top-margin\" style='border-radius:0px; '><section class=\"av_textblock_section \"  itemscope=\"itemscope\" itemtype=\"https:\/\/schema.org\/BlogPosting\" itemprop=\"blogPost\" ><div class='avia_textblock  '   itemprop=\"text\" ><p style=\"text-align: justify;\">Con invitados internacionales, el Patagonia CheloFest se prepara para celebrar su s\u00e9ptimo a\u00f1o de m\u00fasica y naturaleza del 22 al 28 de febrero en el Museo Regional de Ays\u00e9n (Km 3, Coyhaique). Este evento es organizado por la Agrupaci\u00f3n Cultural de la Patagonia y la Escuela de M\u00fasica y Artes Integradas de Coyhaique, con el patrocinio del Museo Regional de Ays\u00e9n, la Embajada de la Rep\u00fablica Federal de Alemania, la Embajada de Suiza, la Universidad de Ays\u00e9n, la Fundaci\u00f3n de Orquestas Infantiles y Juveniles de Chile, Nols Patagonia, Hotel El Reloj, y la Secretar\u00eda Ministerial de Cultura de Ays\u00e9n. Adem\u00e1s, cuenta con el apoyo de la comunidad nacional y regional, y el auspicio de la Ley de Donaciones Culturales del Ministerio de las Artes, la Cultura y el Patrimonio.<\/p>\n<p style=\"text-align: justify;\">Sin embargo, este a\u00f1o enfrentamos desaf\u00edos financieros significativos debido a la falta de financiamiento p\u00fablico. Necesitamos el apoyo de empresas y la comunidad para asegurar la participaci\u00f3n de profesores internacionales y el desarrollo \u00f3ptimo de las actividades. El festival est\u00e1 acogido a la Ley de Donaciones Culturales, lo que permite a empresas y personas obtener beneficios tributarios por sus aportes, ya sea en dinero o en especie.<\/p>\n<p style=\"text-align: justify;\">\u00ab\u00bfNo existe un festival de chelo tan lejos de todo? Nuestras cuerdas son las m\u00e1s australes del planeta\u00bb, comenta Magdalena Rosas Ossa, profesora de Estado en Educaci\u00f3n Musical y fundadora del festival. Junto a Mat\u00edas de Oliveira Pinto, han gestionado m\u00e1s de 30 conciertos y talleres de formaci\u00f3n musical en estos seis a\u00f1os, incluyendo 60 masterclass internacionales en violonchelo y 18 ensambles en conciertos gratuitos y abiertos a la comunidad.<\/p>\n<p style=\"text-align: justify;\">El festival ha logrado atraer a m\u00e1s de 4,000 personas a lo largo de su trayectoria, con la participaci\u00f3n anual de al menos 35 chelistas que comparten su arte con estudiantes y realizan pr\u00e1cticas y conciertos. \u00abEste espacio de difusi\u00f3n y formaci\u00f3n es sostenido con gran esfuerzo desde la Patagonia\u00bb, a\u00f1aden los fundadores.<\/p>\n<p style=\"text-align: justify;\">Durante la semana del festival, se reunir\u00e1n estudiantes y maestros de Alemania, Nueva Zelanda, Suiza y Chile en un entorno \u00fanico, rodeado de la belleza natural del sur de Chile. Patagonia CheloFest ofrece a los participantes la oportunidad de trabajar en niveles inicial, intermedio y avanzado, abarcando aspectos musicales que incluyen escalas, masterclass y la pr\u00e1ctica de m\u00fasica de c\u00e1mara y ensamble de violonchelos.<\/p>\n<p style=\"text-align: justify;\">Adem\u00e1s, el festival contar\u00e1 con el Primer Concurso Chileno de Violonchelo, que reconoce talentos en tres niveles. Los premios se dar\u00e1n a conocer durante el evento, destacando un primer premio avanzado de 500 euros, patrocinado por la familia del reconocido violonchelista Antonio Meneses.<\/p>\n<p style=\"text-align: justify;\">El plazo de inscripci\u00f3n para estudiantes es hasta el 5 de febrero. Toda la informaci\u00f3n referente al festival, donaciones e inscripciones aparece en\u00a0<a href=\"http:\/\/www.patagoniachelofest.cl\/\">www.patagoniachelofest.cl<\/a>.<\/p>\n<p style=\"text-align: justify;\">Las actividades y la inscripci\u00f3n al festival son completamente gratuitas, con alimentaci\u00f3n diaria y traslado asegurado para los participantes desde y hacia Balmaceda, as\u00ed como desplazamientos desde Coyhaique hasta el museo. Durante el festival, se realizar\u00e1n al menos cinco conciertos abiertos a la comunidad, con entrada liberada y cuya programaci\u00f3n ser\u00e1 anunciada oportunamente.<\/p>\n<\/div><\/section><\/div><div  style='height:50px' class='hr hr-invisible   avia-builder-el-6  el_after_av_one_full  el_before_av_social_share '><span class='hr-inner ' ><span class='hr-inner-style'><\/span><\/span><\/div><\/p>\n<div  class='av-social-sharing-box  avia-builder-el-7  el_after_av_hr  el_before_av_hr  '><div class='av-share-box'><h5 class='av-share-link-description av-no-toc '>Compartir esta noticia<\/h5><ul class='av-share-box-list noLightbox'><li class='av-share-link av-social-link-facebook' ><a target=\"_blank\" aria-label=\"Compartir en Facebook\" href='https:\/\/www.facebook.com\/sharer.php?u=https:\/\/radiorevelacionfm.cl\/?p=50010&#038;t=El%20Patagonia%20Chelo%20Fest%20celebra%20su%20s%C3%A9ptimo%20aniversario%20con%20M%C3%BAsica%20y%20Naturaleza%20al%20Fin%20del%20Mundo' aria-hidden='false' data-av_icon='\ue8f3' data-av_iconfont='entypo-fontello' title='' data-avia-related-tooltip='Compartir en Facebook' rel=\"noopener\"><span class='avia_hidden_link_text'>Compartir en Facebook<\/span><\/a><\/li><li class='av-share-link av-social-link-twitter' ><a target=\"_blank\" aria-label=\"Compartir en Twitter\" href='https:\/\/twitter.com\/share?text=El%20Patagonia%20Chelo%20Fest%20celebra%20su%20s%C3%A9ptimo%20aniversario%20con%20M%C3%BAsica%20y%20Naturaleza%20al%20Fin%20del%20Mundo&#038;url=https:\/\/radiorevelacionfm.cl\/?p=50010' aria-hidden='false' data-av_icon='\ue8f1' data-av_iconfont='entypo-fontello' title='' data-avia-related-tooltip='Compartir en Twitter' rel=\"noopener\"><span class='avia_hidden_link_text'>Compartir en Twitter<\/span><\/a><\/li><li class='av-share-link av-social-link-whatsapp' ><a target=\"_blank\" aria-label=\"Compartir en Whatsapp\" href='https:\/\/api.whatsapp.com\/send?text=https:\/\/radiorevelacionfm.cl\/?p=50010' aria-hidden='false' data-av_icon='\uf232' data-av_iconfont='entypo-fontello' title='' data-avia-related-tooltip='Compartir en Whatsapp' rel=\"noopener\"><span class='avia_hidden_link_text'>Compartir en Whatsapp<\/span><\/a><\/li><li class='av-share-link av-social-link-linkedin' ><a target=\"_blank\" aria-label=\"Compartir en LinkedIn\" href='https:\/\/linkedin.com\/shareArticle?mini=true&#038;title=El%20Patagonia%20Chelo%20Fest%20celebra%20su%20s%C3%A9ptimo%20aniversario%20con%20M%C3%BAsica%20y%20Naturaleza%20al%20Fin%20del%20Mundo&#038;url=https:\/\/radiorevelacionfm.cl\/?p=50010' aria-hidden='false' data-av_icon='\ue8fc' data-av_iconfont='entypo-fontello' title='' data-avia-related-tooltip='Compartir en LinkedIn' rel=\"noopener\"><span class='avia_hidden_link_text'>Compartir en LinkedIn<\/span><\/a><\/li><li class='av-share-link av-social-link-mail' ><a  aria-label=\"Compartir por correo\" href='mailto:?subject=El%20Patagonia%20Chelo%20Fest%20celebra%20su%20s%C3%A9ptimo%20aniversario%20con%20M%C3%BAsica%20y%20Naturaleza%20al%20Fin%20del%20Mundo&#038;body=https:\/\/radiorevelacionfm.cl\/?p=50010' aria-hidden='false' data-av_icon='\ue805' data-av_iconfont='entypo-fontello' title='' data-avia-related-tooltip='Compartir por correo'><span class='avia_hidden_link_text'>Compartir por correo<\/span><\/a><\/li><\/ul><\/div><\/div>\n<div  style='height:50px' class='hr hr-invisible   avia-builder-el-8  el_after_av_social_share  el_before_av_comments_list '><span class='hr-inner ' ><span class='hr-inner-style'><\/span><\/span><\/div>\n<div  class='av-buildercomment  av-blog-meta-html-info-disabled av-blog-meta-tag-disabled  '><\/div>\n","protected":false},"excerpt":{"rendered":"","protected":false},"author":1,"featured_media":50011,"comment_status":"open","ping_status":"open","sticky":false,"template":"","format":"standard","meta":{"footnotes":""},"categories":[43],"tags":[],"class_list":["post-50010","post","type-post","status-publish","format-standard","has-post-thumbnail","hentry","category-musica"],"jetpack_featured_media_url":"https:\/\/radiorevelacionfm.cl\/wp-content\/uploads\/2025\/01\/patagonia-chelo-fest-previos-2-1_optimized-1.jpg","_links":{"self":[{"href":"https:\/\/radiorevelacionfm.cl\/index.php?rest_route=\/wp\/v2\/posts\/50010","targetHints":{"allow":["GET"]}}],"collection":[{"href":"https:\/\/radiorevelacionfm.cl\/index.php?rest_route=\/wp\/v2\/posts"}],"about":[{"href":"https:\/\/radiorevelacionfm.cl\/index.php?rest_route=\/wp\/v2\/types\/post"}],"author":[{"embeddable":true,"href":"https:\/\/radiorevelacionfm.cl\/index.php?rest_route=\/wp\/v2\/users\/1"}],"replies":[{"embeddable":true,"href":"https:\/\/radiorevelacionfm.cl\/index.php?rest_route=%2Fwp%2Fv2%2Fcomments&post=50010"}],"version-history":[{"count":1,"href":"https:\/\/radiorevelacionfm.cl\/index.php?rest_route=\/wp\/v2\/posts\/50010\/revisions"}],"predecessor-version":[{"id":50012,"href":"https:\/\/radiorevelacionfm.cl\/index.php?rest_route=\/wp\/v2\/posts\/50010\/revisions\/50012"}],"wp:featuredmedia":[{"embeddable":true,"href":"https:\/\/radiorevelacionfm.cl\/index.php?rest_route=\/wp\/v2\/media\/50011"}],"wp:attachment":[{"href":"https:\/\/radiorevelacionfm.cl\/index.php?rest_route=%2Fwp%2Fv2%2Fmedia&parent=50010"}],"wp:term":[{"taxonomy":"category","embeddable":true,"href":"https:\/\/radiorevelacionfm.cl\/index.php?rest_route=%2Fwp%2Fv2%2Fcategories&post=50010"},{"taxonomy":"post_tag","embeddable":true,"href":"https:\/\/radiorevelacionfm.cl\/index.php?rest_route=%2Fwp%2Fv2%2Ftags&post=50010"}],"curies":[{"name":"wp","href":"https:\/\/api.w.org\/{rel}","templated":true}]}}