{"id":50004,"date":"2025-01-27T16:46:01","date_gmt":"2025-01-27T19:46:01","guid":{"rendered":"https:\/\/radiorevelacionfm.cl\/?p=50004"},"modified":"2025-01-27T16:46:01","modified_gmt":"2025-01-27T19:46:01","slug":"fondos-concursables-los-46-proyectos-financiados-por-sernac-y-los-detalles-del-primer-llamado-2025","status":"publish","type":"post","link":"https:\/\/radiorevelacionfm.cl\/?p=50004","title":{"rendered":"Fondos Concursables: Los 46 proyectos financiados por Sernac y los detalles del primer llamado 2025"},"content":{"rendered":"<div class=\"flex_column av_one_full  flex_column_div av-zero-column-padding first  avia-builder-el-0  el_before_av_one_full  avia-builder-el-first  \" style='border-radius:0px; '><div  class='avia-image-container  av-styling-    avia-builder-el-1  avia-builder-el-no-sibling  avia-align-center '  itemprop=\"image\" itemscope=\"itemscope\" itemtype=\"https:\/\/schema.org\/ImageObject\"  ><div class='avia-image-container-inner'><div class='avia-image-overlay-wrap'><img decoding=\"async\" class='wp-image-50005 avia-img-lazy-loading-not-50005 avia_image' src=\"https:\/\/radiorevelacionfm.cl\/wp-content\/uploads\/2025\/01\/24.01-Fondo-Concursable-1-1-1.jpg\" alt='' title='24.01 Fondo Concursable (1) (1) (1)' height=\"600\" width=\"900\"  itemprop=\"thumbnailUrl\" srcset=\"https:\/\/radiorevelacionfm.cl\/wp-content\/uploads\/2025\/01\/24.01-Fondo-Concursable-1-1-1.jpg 900w, https:\/\/radiorevelacionfm.cl\/wp-content\/uploads\/2025\/01\/24.01-Fondo-Concursable-1-1-1-300x200.jpg 300w, https:\/\/radiorevelacionfm.cl\/wp-content\/uploads\/2025\/01\/24.01-Fondo-Concursable-1-1-1-768x512.jpg 768w, https:\/\/radiorevelacionfm.cl\/wp-content\/uploads\/2025\/01\/24.01-Fondo-Concursable-1-1-1-705x470.jpg 705w, https:\/\/radiorevelacionfm.cl\/wp-content\/uploads\/2025\/01\/24.01-Fondo-Concursable-1-1-1-450x300.jpg 450w, https:\/\/radiorevelacionfm.cl\/wp-content\/uploads\/2025\/01\/24.01-Fondo-Concursable-1-1-1-600x400.jpg 600w\" sizes=\"(max-width: 900px) 100vw, 900px\" \/><\/div><\/div><\/div><\/div><div class=\"flex_column av_one_full  flex_column_div av-zero-column-padding first  avia-builder-el-2  el_after_av_one_full  el_before_av_one_full  column-top-margin\" style='border-radius:0px; '><section class=\"av_textblock_section \"  itemscope=\"itemscope\" itemtype=\"https:\/\/schema.org\/BlogPosting\" itemprop=\"blogPost\" ><div class='avia_textblock  '   itemprop=\"text\" ><p style=\"text-align: center;\"><strong><span style=\"font-size: 18pt;\">Fondos Concursables: Los 46 proyectos financiados por Sernac y los detalles del primer llamado 2025<\/span><\/strong><\/p>\n<div id=\"gtx-trans\" style=\"position: absolute; left: -50px; top: 4.31534px;\">\n<div class=\"gtx-trans-icon\"><\/div>\n<\/div>\n<\/div><\/section><\/div><div class=\"flex_column av_one_full  flex_column_div av-zero-column-padding first  avia-builder-el-4  el_after_av_one_full  el_before_av_hr  column-top-margin\" style='border-radius:0px; '><section class=\"av_textblock_section \"  itemscope=\"itemscope\" itemtype=\"https:\/\/schema.org\/BlogPosting\" itemprop=\"blogPost\" ><div class='avia_textblock  '   itemprop=\"text\" ><p style=\"text-align: justify;\">El Servicio Nacional del Consumidor (SERNAC) dio a conocer los resultados de los <strong>proyectos financiados a trav\u00e9s de los dos llamados a concurso de los Fondos Concursables 2024<\/strong>, que permitieron concretar iniciativas destinadas a fortalecer los derechos de las personas consumidoras y fomentar un mercado m\u00e1s equitativo.<\/p>\n<p style=\"text-align: justify;\">En este marco, el organismo financi\u00f3 un total de <strong>46 proyectos de 11 diferentes Asociaciones de Consumidores <\/strong>de todo el pa\u00eds, con un total de casi $550 millones. Algunas de las iniciativas desarrolladas fueron:<\/p>\n<ul style=\"text-align: justify;\">\n<li><strong>Gu\u00eda para consumidores en tribunales: <\/strong>La Asociaci\u00f3n de Consumidores AGRECU <a href=\"https:\/\/agrecu.cl\/2023\/12\/30\/proyecto-2024-documentos-informativos-para-la-comunidad\/\"><strong>actualiz\u00f3 una gu\u00eda pr\u00e1ctica<\/strong><\/a> que orienta a las personas que enfrentan procesos judiciales para defender sus derechos. Este documento, elaborado tras un <strong>diagn\u00f3stico en colaboraci\u00f3n con los Juzgados de Polic\u00eda Local<\/strong>, incluye informaci\u00f3n sobre etapas judiciales, consejos para audiencias y un glosario de t\u00e9rminos, todo en lenguaje sencillo. Est\u00e1 disponible en formato f\u00edsico y digital para facilitar su acceso.<\/li>\n<li><strong>\u00cdndice de reparabilidad de electrodom\u00e9sticos: <\/strong>Por su parte, CONADECUS desarroll\u00f3 un <a href=\"https:\/\/www.conadecus.cl\/content\/uploads\/2024\/12\/DIAGNOSTICO_DE_INDICE_DE_REPARACION_DE_PEQUE%C3%91OS_ELECTRODOMESTICOS_EN_CHILE-2024_FINAL.pdf\"><strong>diagn\u00f3stico sobre la reparabilidad de peque\u00f1os electrodom\u00e9sticos<\/strong><\/a>, identificando dificultades como la falta de repuestos y dise\u00f1os poco accesibles. El estudio fomenta una <strong>cultura de reparaci\u00f3n y consumo responsable<\/strong>, destacando marcas como Oster y Fensa por su disponibilidad de piezas.<\/li>\n<li><strong>Percepci\u00f3n sobre mecanismos de reclamo: <\/strong>Mientras que ACCION CONSUMIDORES evalu\u00f3 la <a href=\"https:\/\/accionconsumidores.cl\/wp-content\/uploads\/2024\/12\/Informe_de-resultadosAccionConsumidores.pdf\"><strong>efectividad de los sistemas de protecci\u00f3n al consumidor<\/strong><\/a>. Los resultados posicionaron al SERNAC como el <strong>organismo m\u00e1s reconocido y utilizado para resolver conflictos<\/strong>, aunque tambi\u00e9n identificaron \u00e1reas de mejora en la claridad de la informaci\u00f3n y la satisfacci\u00f3n con las resoluciones.<\/li>\n<\/ul>\n<p style=\"text-align: justify;\"><strong>PRIMER LLAMADO A CONCURSO 2025<\/strong><\/p>\n<p style=\"text-align: justify;\">Asimismo, el Servicio anuncia la apertura del <a href=\"https:\/\/www.sernac.cl\/portal\/620\/w3-propertyname-647.html\"><strong>Primer Llamado a Concurso 2025<\/strong><\/a>, que cuenta con un presupuesto total de $392.058.550, que tendr\u00e1 tres l\u00edneas de concurso.<\/p>\n<p style=\"text-align: justify;\">En primer lugar est\u00e1 la <strong>L\u00ednea General,<\/strong> que engloba el 77% del presupuesto total ($302.058.550) y contempla \u201cProyectos individuales\u201d y \u201cProyectos cooperativos\u201d.<\/p>\n<p style=\"text-align: justify;\">Por otro lado se encuentra la <strong>L\u00ednea Especial Proyectos de Representaci\u00f3n, <\/strong>que cuenta con <strong>$40 millones disponibles <\/strong>y est\u00e1 dedicada a estudios para denuncias fundadas y solicitudes de Procedimientos Voluntarios Colectivos (PVC), adem\u00e1s del financiamiento para la generaci\u00f3n de material probatorio y representaci\u00f3n individual ante tribunales en casos derivados por el SERNAC.<\/p>\n<p style=\"text-align: justify;\">Por \u00faltimo, hay un presupuesto de <strong>$50 millones <\/strong>para la <strong>L\u00ednea de Co-Creaci\u00f3n, <\/strong>que son proyectos individuales que promuevan el trabajo conjunto entre las asociaciones y el SERNAC.<\/p>\n<p style=\"text-align: justify;\">Las postulaciones estar\u00e1n disponibles hasta el 18 de febrero y se deben realizar exclusivamente a trav\u00e9s del <a href=\"https:\/\/fondos.gob.cl\/ficha\/sernac\/fcac\/\"><strong>Portal de Fondos del Estado<\/strong><\/a>, utilizando Clave \u00danica y cumpliendo con las <a href=\"https:\/\/www.sernac.cl\/portal\/620\/articles-83903_archivo_09.pdf\"><strong>bases del concurso<\/strong><\/a>.<\/p>\n<p style=\"text-align: justify;\">Podr\u00e1n participar asociaciones con <strong>al menos dos a\u00f1os de antig\u00fcedad<\/strong>, constituidas conforme a la normativa vigente y con experiencia en la ejecuci\u00f3n de convenios.<\/p>\n<\/div><\/section><\/div><div  style='height:50px' class='hr hr-invisible   avia-builder-el-6  el_after_av_one_full  el_before_av_social_share '><span class='hr-inner ' ><span class='hr-inner-style'><\/span><\/span><\/div><\/p>\n<div  class='av-social-sharing-box  avia-builder-el-7  el_after_av_hr  el_before_av_hr  '><div class='av-share-box'><h5 class='av-share-link-description av-no-toc '>Compartir esta noticia<\/h5><ul class='av-share-box-list noLightbox'><li class='av-share-link av-social-link-facebook' ><a target=\"_blank\" aria-label=\"Compartir en Facebook\" href='https:\/\/www.facebook.com\/sharer.php?u=https:\/\/radiorevelacionfm.cl\/?p=50004&#038;t=Fondos%20Concursables%3A%20Los%2046%20proyectos%20financiados%20por%20Sernac%20y%20los%20detalles%20del%20primer%20llamado%202025' aria-hidden='false' data-av_icon='\ue8f3' data-av_iconfont='entypo-fontello' title='' data-avia-related-tooltip='Compartir en Facebook' rel=\"noopener\"><span class='avia_hidden_link_text'>Compartir en Facebook<\/span><\/a><\/li><li class='av-share-link av-social-link-twitter' ><a target=\"_blank\" aria-label=\"Compartir en Twitter\" href='https:\/\/twitter.com\/share?text=Fondos%20Concursables%3A%20Los%2046%20proyectos%20financiados%20por%20Sernac%20y%20los%20detalles%20del%20primer%20llamado%202025&#038;url=https:\/\/radiorevelacionfm.cl\/?p=50004' aria-hidden='false' data-av_icon='\ue8f1' data-av_iconfont='entypo-fontello' title='' data-avia-related-tooltip='Compartir en Twitter' rel=\"noopener\"><span class='avia_hidden_link_text'>Compartir en Twitter<\/span><\/a><\/li><li class='av-share-link av-social-link-whatsapp' ><a target=\"_blank\" aria-label=\"Compartir en Whatsapp\" href='https:\/\/api.whatsapp.com\/send?text=https:\/\/radiorevelacionfm.cl\/?p=50004' aria-hidden='false' data-av_icon='\uf232' data-av_iconfont='entypo-fontello' title='' data-avia-related-tooltip='Compartir en Whatsapp' rel=\"noopener\"><span class='avia_hidden_link_text'>Compartir en Whatsapp<\/span><\/a><\/li><li class='av-share-link av-social-link-linkedin' ><a target=\"_blank\" aria-label=\"Compartir en LinkedIn\" href='https:\/\/linkedin.com\/shareArticle?mini=true&#038;title=Fondos%20Concursables%3A%20Los%2046%20proyectos%20financiados%20por%20Sernac%20y%20los%20detalles%20del%20primer%20llamado%202025&#038;url=https:\/\/radiorevelacionfm.cl\/?p=50004' aria-hidden='false' data-av_icon='\ue8fc' data-av_iconfont='entypo-fontello' title='' data-avia-related-tooltip='Compartir en LinkedIn' rel=\"noopener\"><span class='avia_hidden_link_text'>Compartir en LinkedIn<\/span><\/a><\/li><li class='av-share-link av-social-link-mail' ><a  aria-label=\"Compartir por correo\" href='mailto:?subject=Fondos%20Concursables%3A%20Los%2046%20proyectos%20financiados%20por%20Sernac%20y%20los%20detalles%20del%20primer%20llamado%202025&#038;body=https:\/\/radiorevelacionfm.cl\/?p=50004' aria-hidden='false' data-av_icon='\ue805' data-av_iconfont='entypo-fontello' title='' data-avia-related-tooltip='Compartir por correo'><span class='avia_hidden_link_text'>Compartir por correo<\/span><\/a><\/li><\/ul><\/div><\/div>\n<div  style='height:50px' class='hr hr-invisible   avia-builder-el-8  el_after_av_social_share  el_before_av_comments_list '><span class='hr-inner ' ><span class='hr-inner-style'><\/span><\/span><\/div>\n<div  class='av-buildercomment  av-blog-meta-html-info-disabled av-blog-meta-tag-disabled  '><\/div>\n","protected":false},"excerpt":{"rendered":"","protected":false},"author":1,"featured_media":50005,"comment_status":"open","ping_status":"open","sticky":false,"template":"","format":"standard","meta":{"footnotes":""},"categories":[61],"tags":[],"class_list":["post-50004","post","type-post","status-publish","format-standard","has-post-thumbnail","hentry","category-nacional"],"jetpack_featured_media_url":"https:\/\/radiorevelacionfm.cl\/wp-content\/uploads\/2025\/01\/24.01-Fondo-Concursable-1-1-1.jpg","_links":{"self":[{"href":"https:\/\/radiorevelacionfm.cl\/index.php?rest_route=\/wp\/v2\/posts\/50004","targetHints":{"allow":["GET"]}}],"collection":[{"href":"https:\/\/radiorevelacionfm.cl\/index.php?rest_route=\/wp\/v2\/posts"}],"about":[{"href":"https:\/\/radiorevelacionfm.cl\/index.php?rest_route=\/wp\/v2\/types\/post"}],"author":[{"embeddable":true,"href":"https:\/\/radiorevelacionfm.cl\/index.php?rest_route=\/wp\/v2\/users\/1"}],"replies":[{"embeddable":true,"href":"https:\/\/radiorevelacionfm.cl\/index.php?rest_route=%2Fwp%2Fv2%2Fcomments&post=50004"}],"version-history":[{"count":1,"href":"https:\/\/radiorevelacionfm.cl\/index.php?rest_route=\/wp\/v2\/posts\/50004\/revisions"}],"predecessor-version":[{"id":50006,"href":"https:\/\/radiorevelacionfm.cl\/index.php?rest_route=\/wp\/v2\/posts\/50004\/revisions\/50006"}],"wp:featuredmedia":[{"embeddable":true,"href":"https:\/\/radiorevelacionfm.cl\/index.php?rest_route=\/wp\/v2\/media\/50005"}],"wp:attachment":[{"href":"https:\/\/radiorevelacionfm.cl\/index.php?rest_route=%2Fwp%2Fv2%2Fmedia&parent=50004"}],"wp:term":[{"taxonomy":"category","embeddable":true,"href":"https:\/\/radiorevelacionfm.cl\/index.php?rest_route=%2Fwp%2Fv2%2Fcategories&post=50004"},{"taxonomy":"post_tag","embeddable":true,"href":"https:\/\/radiorevelacionfm.cl\/index.php?rest_route=%2Fwp%2Fv2%2Ftags&post=50004"}],"curies":[{"name":"wp","href":"https:\/\/api.w.org\/{rel}","templated":true}]}}