{"id":49995,"date":"2025-01-24T17:56:19","date_gmt":"2025-01-24T20:56:19","guid":{"rendered":"https:\/\/radiorevelacionfm.cl\/?p=49995"},"modified":"2025-01-24T19:13:17","modified_gmt":"2025-01-24T22:13:17","slug":"giro-en-caso-de-baleado-en-la-cabeza-en-coyhaique-el-disparado-habria-sido-efectuado-por-un-amigo-de-la-victima","status":"publish","type":"post","link":"https:\/\/radiorevelacionfm.cl\/?p=49995","title":{"rendered":"Giro en caso de baleado en la cabeza en Coyhaique: el disparo habr\u00eda sido efectuado por un amigo de la v\u00edctima"},"content":{"rendered":"<div class=\"flex_column av_one_full  flex_column_div av-zero-column-padding first  avia-builder-el-0  el_before_av_one_full  avia-builder-el-first  \" style='border-radius:0px; '><div  class='avia-image-container  av-styling-    avia-builder-el-1  avia-builder-el-no-sibling  avia-align-center '  itemprop=\"image\" itemscope=\"itemscope\" itemtype=\"https:\/\/schema.org\/ImageObject\"  ><div class='avia-image-container-inner'><div class='avia-image-overlay-wrap'><img decoding=\"async\" class='wp-image-49996 avia-img-lazy-loading-not-49996 avia_image' src=\"https:\/\/radiorevelacionfm.cl\/wp-content\/uploads\/2025\/01\/20250116_163129-1-2_optimized-1.jpg\" alt='' title='20250116_163129-(1)-(2)_optimized (1)' height=\"600\" width=\"1078\"  itemprop=\"thumbnailUrl\" srcset=\"https:\/\/radiorevelacionfm.cl\/wp-content\/uploads\/2025\/01\/20250116_163129-1-2_optimized-1.jpg 1078w, https:\/\/radiorevelacionfm.cl\/wp-content\/uploads\/2025\/01\/20250116_163129-1-2_optimized-1-300x167.jpg 300w, https:\/\/radiorevelacionfm.cl\/wp-content\/uploads\/2025\/01\/20250116_163129-1-2_optimized-1-1030x573.jpg 1030w, https:\/\/radiorevelacionfm.cl\/wp-content\/uploads\/2025\/01\/20250116_163129-1-2_optimized-1-768x427.jpg 768w, https:\/\/radiorevelacionfm.cl\/wp-content\/uploads\/2025\/01\/20250116_163129-1-2_optimized-1-705x392.jpg 705w, https:\/\/radiorevelacionfm.cl\/wp-content\/uploads\/2025\/01\/20250116_163129-1-2_optimized-1-450x250.jpg 450w, https:\/\/radiorevelacionfm.cl\/wp-content\/uploads\/2025\/01\/20250116_163129-1-2_optimized-1-600x334.jpg 600w\" sizes=\"(max-width: 1078px) 100vw, 1078px\" \/><\/div><\/div><\/div><\/div>\n<div class=\"flex_column av_one_full  flex_column_div av-zero-column-padding first  avia-builder-el-2  el_after_av_one_full  el_before_av_one_full  column-top-margin\" style='border-radius:0px; '><section class=\"av_textblock_section \"  itemscope=\"itemscope\" itemtype=\"https:\/\/schema.org\/BlogPosting\" itemprop=\"blogPost\" ><div class='avia_textblock  '   itemprop=\"text\" ><p style=\"text-align: center;\"><strong><span style=\"font-size: 18pt;\">Giro en caso de baleado en la cabeza en Coyhaique: el disparo habr\u00eda sido efectuado por un amigo de la v\u00edctima<\/span><\/strong><\/p>\n<div id=\"gtx-trans\" style=\"position: absolute; left: -50px; top: 4.31534px;\">\n<div class=\"gtx-trans-icon\"><\/div>\n<\/div>\n<\/div><\/section><\/div><div class=\"flex_column av_one_full  flex_column_div av-zero-column-padding first  avia-builder-el-4  el_after_av_one_full  el_before_av_hr  column-top-margin\" style='border-radius:0px; '><section class=\"av_textblock_section \"  itemscope=\"itemscope\" itemtype=\"https:\/\/schema.org\/BlogPosting\" itemprop=\"blogPost\" ><div class='avia_textblock  '   itemprop=\"text\" ><p style=\"text-align: justify;\">El 15 de enero de este a\u00f1o, un hecho conmocion\u00f3 a los ciudadanos de la Regi\u00f3n de Ays\u00e9n, cuando la PDI inform\u00f3 estar a cargo de una investigaci\u00f3n relacionada con una persona que habr\u00eda recibido un impacto de bala en la cabeza de parte de un grupo de desconocidos. \u201cLos antecedentes iniciales con los que se mantuvo esta investigaci\u00f3n daban cuenta que la v\u00edctima habr\u00eda sido lesionada en la v\u00eda p\u00fablica y luego llega a un domicilio pidiendo ayuda. Con el correr de los d\u00edas y el transcurso de varias diligencias, se estableci\u00f3 que esto no hab\u00eda sido correcto, sino que el altercado fue al interior del domicilio y el disparo efectuado por uno de los amigos de la v\u00edctima, el cual hoy d\u00eda (viernes) fue detenido en horas de la ma\u00f1ana\u201d, coment\u00f3 el comisario \u00cdtalo Todaka, jefe de la Brigada de Homicidios Coyhaique.<\/p>\n<p style=\"text-align: justify;\">Es por lo anterior que el Ministerio P\u00fablico orden\u00f3 a la BH Coyhaique la detenci\u00f3n de M.A.G.H, de 27 a\u00f1os, por su presunta participaci\u00f3n en el hecho en cuesti\u00f3n. Cabe hacer presente que el imputado habr\u00eda manifestado que todo habr\u00eda sido un accidente, versi\u00f3n que tendr\u00e1 que ser verificada por la investigaci\u00f3n que est\u00e1n realizando los detectives.<\/p>\n<p style=\"text-align: justify;\">Recordar que la v\u00edctima en su declaraci\u00f3n relat\u00f3 que desconoc\u00eda completamente a las personas que lo atacaron, adem\u00e1s de haber llegado solo a la casa de los amigos a los que le habr\u00eda pedido ayuda. Todo esto se habr\u00eda descartado, seg\u00fan el comisario Todaka, puesto que, gracias al trabajo en terreno, empadronamientos y revisi\u00f3n de c\u00e1maras de seguridad, no se logr\u00f3 ratificar su versi\u00f3n. \u201cTodo esto se produce luego de haber estado compartiendo al interior de un domicilio, son todos amigos cercanos y\/o vecinos\u201d.<\/p>\n<p style=\"text-align: justify;\">El detenido pasar\u00e1 a control de detenci\u00f3n este s\u00e1bado.<\/p>\n<\/div><\/section><\/div><\/p>\n<div  style='height:50px' class='hr hr-invisible   avia-builder-el-6  el_after_av_one_full  el_before_av_social_share '><span class='hr-inner ' ><span class='hr-inner-style'><\/span><\/span><\/div>\n<div  class='av-social-sharing-box  avia-builder-el-7  el_after_av_hr  el_before_av_hr  '><div class='av-share-box'><h5 class='av-share-link-description av-no-toc '>Compartir esta noticia<\/h5><ul class='av-share-box-list noLightbox'><li class='av-share-link av-social-link-facebook' ><a target=\"_blank\" aria-label=\"Compartir en Facebook\" href='https:\/\/www.facebook.com\/sharer.php?u=https:\/\/radiorevelacionfm.cl\/?p=49995&#038;t=Giro%20en%20caso%20de%20baleado%20en%20la%20cabeza%20en%20Coyhaique%3A%20el%20disparo%20habr%C3%ADa%20sido%20efectuado%20por%20un%20amigo%20de%20la%20v%C3%ADctima' aria-hidden='false' data-av_icon='\ue8f3' data-av_iconfont='entypo-fontello' title='' data-avia-related-tooltip='Compartir en Facebook' rel=\"noopener\"><span class='avia_hidden_link_text'>Compartir en Facebook<\/span><\/a><\/li><li class='av-share-link av-social-link-twitter' ><a target=\"_blank\" aria-label=\"Compartir en Twitter\" href='https:\/\/twitter.com\/share?text=Giro%20en%20caso%20de%20baleado%20en%20la%20cabeza%20en%20Coyhaique%3A%20el%20disparo%20habr%C3%ADa%20sido%20efectuado%20por%20un%20amigo%20de%20la%20v%C3%ADctima&#038;url=https:\/\/radiorevelacionfm.cl\/?p=49995' aria-hidden='false' data-av_icon='\ue8f1' data-av_iconfont='entypo-fontello' title='' data-avia-related-tooltip='Compartir en Twitter' rel=\"noopener\"><span class='avia_hidden_link_text'>Compartir en Twitter<\/span><\/a><\/li><li class='av-share-link av-social-link-whatsapp' ><a target=\"_blank\" aria-label=\"Compartir en Whatsapp\" href='https:\/\/api.whatsapp.com\/send?text=https:\/\/radiorevelacionfm.cl\/?p=49995' aria-hidden='false' data-av_icon='\uf232' data-av_iconfont='entypo-fontello' title='' data-avia-related-tooltip='Compartir en Whatsapp' rel=\"noopener\"><span class='avia_hidden_link_text'>Compartir en Whatsapp<\/span><\/a><\/li><li class='av-share-link av-social-link-linkedin' ><a target=\"_blank\" aria-label=\"Compartir en LinkedIn\" href='https:\/\/linkedin.com\/shareArticle?mini=true&#038;title=Giro%20en%20caso%20de%20baleado%20en%20la%20cabeza%20en%20Coyhaique%3A%20el%20disparo%20habr%C3%ADa%20sido%20efectuado%20por%20un%20amigo%20de%20la%20v%C3%ADctima&#038;url=https:\/\/radiorevelacionfm.cl\/?p=49995' aria-hidden='false' data-av_icon='\ue8fc' data-av_iconfont='entypo-fontello' title='' data-avia-related-tooltip='Compartir en LinkedIn' rel=\"noopener\"><span class='avia_hidden_link_text'>Compartir en LinkedIn<\/span><\/a><\/li><li class='av-share-link av-social-link-mail' ><a  aria-label=\"Compartir por correo\" href='mailto:?subject=Giro%20en%20caso%20de%20baleado%20en%20la%20cabeza%20en%20Coyhaique%3A%20el%20disparo%20habr%C3%ADa%20sido%20efectuado%20por%20un%20amigo%20de%20la%20v%C3%ADctima&#038;body=https:\/\/radiorevelacionfm.cl\/?p=49995' aria-hidden='false' data-av_icon='\ue805' data-av_iconfont='entypo-fontello' title='' data-avia-related-tooltip='Compartir por correo'><span class='avia_hidden_link_text'>Compartir por correo<\/span><\/a><\/li><\/ul><\/div><\/div>\n<div  style='height:50px' class='hr hr-invisible   avia-builder-el-8  el_after_av_social_share  el_before_av_comments_list '><span class='hr-inner ' ><span class='hr-inner-style'><\/span><\/span><\/div>\n<div  class='av-buildercomment  av-blog-meta-html-info-disabled av-blog-meta-tag-disabled  '><\/div>\n","protected":false},"excerpt":{"rendered":"","protected":false},"author":1,"featured_media":49996,"comment_status":"open","ping_status":"open","sticky":false,"template":"","format":"standard","meta":{"footnotes":""},"categories":[36],"tags":[],"class_list":["post-49995","post","type-post","status-publish","format-standard","has-post-thumbnail","hentry","category-policial"],"jetpack_featured_media_url":"https:\/\/radiorevelacionfm.cl\/wp-content\/uploads\/2025\/01\/20250116_163129-1-2_optimized-1.jpg","_links":{"self":[{"href":"https:\/\/radiorevelacionfm.cl\/index.php?rest_route=\/wp\/v2\/posts\/49995","targetHints":{"allow":["GET"]}}],"collection":[{"href":"https:\/\/radiorevelacionfm.cl\/index.php?rest_route=\/wp\/v2\/posts"}],"about":[{"href":"https:\/\/radiorevelacionfm.cl\/index.php?rest_route=\/wp\/v2\/types\/post"}],"author":[{"embeddable":true,"href":"https:\/\/radiorevelacionfm.cl\/index.php?rest_route=\/wp\/v2\/users\/1"}],"replies":[{"embeddable":true,"href":"https:\/\/radiorevelacionfm.cl\/index.php?rest_route=%2Fwp%2Fv2%2Fcomments&post=49995"}],"version-history":[{"count":2,"href":"https:\/\/radiorevelacionfm.cl\/index.php?rest_route=\/wp\/v2\/posts\/49995\/revisions"}],"predecessor-version":[{"id":50007,"href":"https:\/\/radiorevelacionfm.cl\/index.php?rest_route=\/wp\/v2\/posts\/49995\/revisions\/50007"}],"wp:featuredmedia":[{"embeddable":true,"href":"https:\/\/radiorevelacionfm.cl\/index.php?rest_route=\/wp\/v2\/media\/49996"}],"wp:attachment":[{"href":"https:\/\/radiorevelacionfm.cl\/index.php?rest_route=%2Fwp%2Fv2%2Fmedia&parent=49995"}],"wp:term":[{"taxonomy":"category","embeddable":true,"href":"https:\/\/radiorevelacionfm.cl\/index.php?rest_route=%2Fwp%2Fv2%2Fcategories&post=49995"},{"taxonomy":"post_tag","embeddable":true,"href":"https:\/\/radiorevelacionfm.cl\/index.php?rest_route=%2Fwp%2Fv2%2Ftags&post=49995"}],"curies":[{"name":"wp","href":"https:\/\/api.w.org\/{rel}","templated":true}]}}