{"id":49992,"date":"2025-01-24T16:38:33","date_gmt":"2025-01-24T19:38:33","guid":{"rendered":"https:\/\/radiorevelacionfm.cl\/?p=49992"},"modified":"2025-01-24T16:38:33","modified_gmt":"2025-01-24T19:38:33","slug":"anuncian-proyectos-ganadores-del-fondo-de-proteccion-ambiental-en-la-region-de-aysen-2","status":"publish","type":"post","link":"https:\/\/radiorevelacionfm.cl\/?p=49992","title":{"rendered":"Anuncian proyectos ganadores del Fondo de Protecci\u00f3n Ambiental en la regi\u00f3n de Ays\u00e9n"},"content":{"rendered":"<div class=\"flex_column av_one_full  flex_column_div av-zero-column-padding first  avia-builder-el-0  el_before_av_one_full  avia-builder-el-first  \" style='border-radius:0px; '><div  class='avia-image-container  av-styling-    avia-builder-el-1  avia-builder-el-no-sibling  avia-align-center '  itemprop=\"image\" itemscope=\"itemscope\" itemtype=\"https:\/\/schema.org\/ImageObject\"  ><div class='avia-image-container-inner'><div class='avia-image-overlay-wrap'><img decoding=\"async\" class='wp-image-49993 avia-img-lazy-loading-not-49993 avia_image' src=\"https:\/\/radiorevelacionfm.cl\/wp-content\/uploads\/2025\/01\/fpa-valle-simpson2-2-1_optimized.jpg\" alt='' title='fpa-valle-simpson2-(2)-(1)_optimized' height=\"600\" width=\"824\"  itemprop=\"thumbnailUrl\" srcset=\"https:\/\/radiorevelacionfm.cl\/wp-content\/uploads\/2025\/01\/fpa-valle-simpson2-2-1_optimized.jpg 824w, https:\/\/radiorevelacionfm.cl\/wp-content\/uploads\/2025\/01\/fpa-valle-simpson2-2-1_optimized-300x218.jpg 300w, https:\/\/radiorevelacionfm.cl\/wp-content\/uploads\/2025\/01\/fpa-valle-simpson2-2-1_optimized-768x559.jpg 768w, https:\/\/radiorevelacionfm.cl\/wp-content\/uploads\/2025\/01\/fpa-valle-simpson2-2-1_optimized-705x513.jpg 705w, https:\/\/radiorevelacionfm.cl\/wp-content\/uploads\/2025\/01\/fpa-valle-simpson2-2-1_optimized-450x328.jpg 450w, https:\/\/radiorevelacionfm.cl\/wp-content\/uploads\/2025\/01\/fpa-valle-simpson2-2-1_optimized-600x437.jpg 600w\" sizes=\"(max-width: 824px) 100vw, 824px\" \/><\/div><\/div><\/div><\/div><div class=\"flex_column av_one_full  flex_column_div av-zero-column-padding first  avia-builder-el-2  el_after_av_one_full  el_before_av_one_full  column-top-margin\" style='border-radius:0px; '><section class=\"av_textblock_section \"  itemscope=\"itemscope\" itemtype=\"https:\/\/schema.org\/BlogPosting\" itemprop=\"blogPost\" ><div class='avia_textblock  '   itemprop=\"text\" ><p style=\"text-align: center;\"><strong><span style=\"font-size: 18pt;\">Anuncian proyectos ganadores del Fondo de Protecci\u00f3n Ambiental en la regi\u00f3n de Ays\u00e9n<\/span><\/strong><\/p>\n<div id=\"gtx-trans\" style=\"position: absolute; left: -50px; top: 4.31534px;\">\n<div class=\"gtx-trans-icon\"><\/div>\n<\/div>\n<\/div><\/section><\/div><div class=\"flex_column av_one_full  flex_column_div av-zero-column-padding first  avia-builder-el-4  el_after_av_one_full  el_before_av_hr  column-top-margin\" style='border-radius:0px; '><section class=\"av_textblock_section \"  itemscope=\"itemscope\" itemtype=\"https:\/\/schema.org\/BlogPosting\" itemprop=\"blogPost\" ><div class='avia_textblock  '   itemprop=\"text\" ><p style=\"text-align: justify;\"><em>Se adjudicaron 7 iniciativas ambientales que impactar\u00e1n a las comunidades de La Junta, Puerto Ays\u00e9n, Puerto Aguirre, Coyhaique y Chile Chico.<\/em><\/p>\n<p style=\"text-align: justify;\">En el marco del D\u00eda de la Educaci\u00f3n Ambiental, fecha instaurada por Naciones Unidas para cada 26 de enero, el ministerio del Medio Ambiente anunci\u00f3 los proyectos ganadores del XXVIII Concurso del Fondo de Protecci\u00f3n Ambiental FPA 2025.<\/p>\n<p style=\"text-align: justify;\">\u201cEstamos muy contentos y orgullosos, como Gobierno del Presidente Gabriel Boric poner a disposici\u00f3n todos los recursos del ministerio del Medio Ambiente para que la gesti\u00f3n ciudadana y ambiental se haga realidad, nuestro FPA permite que las localidades, las escuelas y la ciudadan\u00eda organizada puedan hacer estos proyectos ambientales\u201d declar\u00f3 el Seremi del Medio Ambiente, Yoal D\u00edaz, felicitando a los proyectos ganadores e invitando a la ciudadan\u00eda a hacerse parte de las iniciativas dise\u00f1adas para generar impacto en sus comunidades, mediante componentes de educaci\u00f3n ambiental.<\/p>\n<p style=\"text-align: justify;\">Los siete proyectos ganadores del Fondo de Protecci\u00f3n Ambiental 2025 en la regi\u00f3n de Ays\u00e9n, ser\u00e1n ejecutados en \u00a0las localidades de La Junta, Puerto Ays\u00e9n, Puerto Aguirre, Coyhaique y Chile Chico.<\/p>\n<p style=\"text-align: justify;\">Para la versi\u00f3n 2025 del fondo, las organizaciones de la regi\u00f3n de Ays\u00e9n pod\u00edan presentar sus iniciativas a 3 concursos: Proyectos Sustentables Ciudadanos, dirigido a personas jur\u00eddicas, de derecho privado, sin fines de lucro; Proyectos Sustentables en Establecimientos Educacionales, destinado a centros de padres y apoderados; y la tercera l\u00ednea corresponde a Proyectos Sustentables para Pueblos Ind\u00edgenas, dirigido a asociaciones y comunidades ind\u00edgenas del registro CONADI.<\/p>\n<p style=\"text-align: justify;\">Cinco de los proyectos ganadores corresponden a la l\u00ednea de Proyectos Sustentables en Establecimientos Educacionales, mientras que los dos restantes pertenecen a la l\u00ednea de Proyectos Sustentables Ciudadanos, abordando tem\u00e1ticas como econom\u00eda circular y gesti\u00f3n de residuos, valoraci\u00f3n y conservaci\u00f3n de la biodiversidad, y, cambio clim\u00e1tico y descontaminaci\u00f3n ambiental.<\/p>\n<p style=\"text-align: justify;\">El FPA es un instrumento creado para financiar soluciones ambientales con componentes educativos y de promoci\u00f3n, propuestos por la misma ciudadan\u00eda para transformas y sensibilizar su entorno, es as\u00ed que las siete iniciativas beneficiadas corresponden a: \u201cNuestro barrio compostable: Junta de Vecinos de Puerto Aguirre promueve elmanejo de residuos org\u00e1nicos\u201d; \u201cConciencia Ambiental y Econom\u00eda Circular en el Club Deportivo Social y Cultural Astros de la Patagonia\u201d, en la ciudad de Coyhaique; Econom\u00eda circular: un desaf\u00edo educativo\u201d del centro general de padres del Liceo San Felipe Benicio de Coyhaique; Educaci\u00f3n ambiental y valorizaci\u00f3n de los espacios verdes\u201d del Centro General de Padres y Apoderados Escuela Eusebio Ibar Schepeller de\u00a0 La Junta;\u00a0 el preoyecto de gesti\u00f3n de residuos \u201cPeque\u00f1os Forjadores Ambientales en Acci\u00f3n\u201d, del Centro General de Padres y Apoderados de la Escuela de Lenguaje Kalem de\u00a0 Puerto Ays\u00e9n; Ecomoda en mi escuela: reutilizando mis residuos textiles\u201d, del \u00a0Centro de Padres de la Escuela Carlos Condell de Puerto Ays\u00e9n; y \u201cEstepa Viva\u201d, del Centro de Padres y Madres del Jard\u00edn Infantil Aukantun de Chile Chico.<\/p>\n<p style=\"text-align: justify;\">Los resultados del Concurso del FPA 2024 dieron cuenta del financiamiento 114 proyectos a nivel pa\u00eds, considerando una entrega de recursos del orden de 684 millones de pesos, manteniendo adem\u00e1s el monto considerado por proyecto correspondiente a 6 millones de pesos para cada iniciativa.<\/p>\n<\/div><\/section><\/div><div  style='height:50px' class='hr hr-invisible   avia-builder-el-6  el_after_av_one_full  el_before_av_social_share '><span class='hr-inner ' ><span class='hr-inner-style'><\/span><\/span><\/div><\/p>\n<div  class='av-social-sharing-box  avia-builder-el-7  el_after_av_hr  el_before_av_hr  '><div class='av-share-box'><h5 class='av-share-link-description av-no-toc '>Compartir esta noticia<\/h5><ul class='av-share-box-list noLightbox'><li class='av-share-link av-social-link-facebook' ><a target=\"_blank\" aria-label=\"Compartir en Facebook\" href='https:\/\/www.facebook.com\/sharer.php?u=https:\/\/radiorevelacionfm.cl\/?p=49992&#038;t=Anuncian%20proyectos%20ganadores%20del%20Fondo%20de%20Protecci%C3%B3n%20Ambiental%20en%20la%20regi%C3%B3n%20de%20Ays%C3%A9n' aria-hidden='false' data-av_icon='\ue8f3' data-av_iconfont='entypo-fontello' title='' data-avia-related-tooltip='Compartir en Facebook' rel=\"noopener\"><span class='avia_hidden_link_text'>Compartir en Facebook<\/span><\/a><\/li><li class='av-share-link av-social-link-twitter' ><a target=\"_blank\" aria-label=\"Compartir en Twitter\" href='https:\/\/twitter.com\/share?text=Anuncian%20proyectos%20ganadores%20del%20Fondo%20de%20Protecci%C3%B3n%20Ambiental%20en%20la%20regi%C3%B3n%20de%20Ays%C3%A9n&#038;url=https:\/\/radiorevelacionfm.cl\/?p=49992' aria-hidden='false' data-av_icon='\ue8f1' data-av_iconfont='entypo-fontello' title='' data-avia-related-tooltip='Compartir en Twitter' rel=\"noopener\"><span class='avia_hidden_link_text'>Compartir en Twitter<\/span><\/a><\/li><li class='av-share-link av-social-link-whatsapp' ><a target=\"_blank\" aria-label=\"Compartir en Whatsapp\" href='https:\/\/api.whatsapp.com\/send?text=https:\/\/radiorevelacionfm.cl\/?p=49992' aria-hidden='false' data-av_icon='\uf232' data-av_iconfont='entypo-fontello' title='' data-avia-related-tooltip='Compartir en Whatsapp' rel=\"noopener\"><span class='avia_hidden_link_text'>Compartir en Whatsapp<\/span><\/a><\/li><li class='av-share-link av-social-link-linkedin' ><a target=\"_blank\" aria-label=\"Compartir en LinkedIn\" href='https:\/\/linkedin.com\/shareArticle?mini=true&#038;title=Anuncian%20proyectos%20ganadores%20del%20Fondo%20de%20Protecci%C3%B3n%20Ambiental%20en%20la%20regi%C3%B3n%20de%20Ays%C3%A9n&#038;url=https:\/\/radiorevelacionfm.cl\/?p=49992' aria-hidden='false' data-av_icon='\ue8fc' data-av_iconfont='entypo-fontello' title='' data-avia-related-tooltip='Compartir en LinkedIn' rel=\"noopener\"><span class='avia_hidden_link_text'>Compartir en LinkedIn<\/span><\/a><\/li><li class='av-share-link av-social-link-mail' ><a  aria-label=\"Compartir por correo\" href='mailto:?subject=Anuncian%20proyectos%20ganadores%20del%20Fondo%20de%20Protecci%C3%B3n%20Ambiental%20en%20la%20regi%C3%B3n%20de%20Ays%C3%A9n&#038;body=https:\/\/radiorevelacionfm.cl\/?p=49992' aria-hidden='false' data-av_icon='\ue805' data-av_iconfont='entypo-fontello' title='' data-avia-related-tooltip='Compartir por correo'><span class='avia_hidden_link_text'>Compartir por correo<\/span><\/a><\/li><\/ul><\/div><\/div>\n<div  style='height:50px' class='hr hr-invisible   avia-builder-el-8  el_after_av_social_share  el_before_av_comments_list '><span class='hr-inner ' ><span class='hr-inner-style'><\/span><\/span><\/div>\n<div  class='av-buildercomment  av-blog-meta-html-info-disabled av-blog-meta-tag-disabled  '><\/div>\n","protected":false},"excerpt":{"rendered":"","protected":false},"author":1,"featured_media":49993,"comment_status":"open","ping_status":"open","sticky":false,"template":"","format":"standard","meta":{"footnotes":""},"categories":[39],"tags":[],"class_list":["post-49992","post","type-post","status-publish","format-standard","has-post-thumbnail","hentry","category-medio-ambiente"],"jetpack_featured_media_url":"https:\/\/radiorevelacionfm.cl\/wp-content\/uploads\/2025\/01\/fpa-valle-simpson2-2-1_optimized.jpg","_links":{"self":[{"href":"https:\/\/radiorevelacionfm.cl\/index.php?rest_route=\/wp\/v2\/posts\/49992","targetHints":{"allow":["GET"]}}],"collection":[{"href":"https:\/\/radiorevelacionfm.cl\/index.php?rest_route=\/wp\/v2\/posts"}],"about":[{"href":"https:\/\/radiorevelacionfm.cl\/index.php?rest_route=\/wp\/v2\/types\/post"}],"author":[{"embeddable":true,"href":"https:\/\/radiorevelacionfm.cl\/index.php?rest_route=\/wp\/v2\/users\/1"}],"replies":[{"embeddable":true,"href":"https:\/\/radiorevelacionfm.cl\/index.php?rest_route=%2Fwp%2Fv2%2Fcomments&post=49992"}],"version-history":[{"count":1,"href":"https:\/\/radiorevelacionfm.cl\/index.php?rest_route=\/wp\/v2\/posts\/49992\/revisions"}],"predecessor-version":[{"id":49994,"href":"https:\/\/radiorevelacionfm.cl\/index.php?rest_route=\/wp\/v2\/posts\/49992\/revisions\/49994"}],"wp:featuredmedia":[{"embeddable":true,"href":"https:\/\/radiorevelacionfm.cl\/index.php?rest_route=\/wp\/v2\/media\/49993"}],"wp:attachment":[{"href":"https:\/\/radiorevelacionfm.cl\/index.php?rest_route=%2Fwp%2Fv2%2Fmedia&parent=49992"}],"wp:term":[{"taxonomy":"category","embeddable":true,"href":"https:\/\/radiorevelacionfm.cl\/index.php?rest_route=%2Fwp%2Fv2%2Fcategories&post=49992"},{"taxonomy":"post_tag","embeddable":true,"href":"https:\/\/radiorevelacionfm.cl\/index.php?rest_route=%2Fwp%2Fv2%2Ftags&post=49992"}],"curies":[{"name":"wp","href":"https:\/\/api.w.org\/{rel}","templated":true}]}}