{"id":49985,"date":"2025-01-24T12:39:47","date_gmt":"2025-01-24T15:39:47","guid":{"rendered":"https:\/\/radiorevelacionfm.cl\/?p=49985"},"modified":"2025-01-24T12:39:47","modified_gmt":"2025-01-24T15:39:47","slug":"aduana-inaugura-nuevo-edificio-institucional-en-puerto-chacabuco","status":"publish","type":"post","link":"https:\/\/radiorevelacionfm.cl\/?p=49985","title":{"rendered":"Aduana inaugura nuevo edificio institucional en Puerto Chacabuco"},"content":{"rendered":"<div class=\"flex_column av_one_full  flex_column_div av-zero-column-padding first  avia-builder-el-0  el_before_av_one_full  avia-builder-el-first  \" style='border-radius:0px; '><div  class='avia-image-container  av-styling-    avia-builder-el-1  avia-builder-el-no-sibling  avia-align-center '  itemprop=\"image\" itemscope=\"itemscope\" itemtype=\"https:\/\/schema.org\/ImageObject\"  ><div class='avia-image-container-inner'><div class='avia-image-overlay-wrap'><img decoding=\"async\" class='wp-image-49986 avia-img-lazy-loading-not-49986 avia_image' src=\"https:\/\/radiorevelacionfm.cl\/wp-content\/uploads\/2025\/01\/aduana-aysen-1_optimized.jpg\" alt='' title='aduana-aysen-(1)_optimized' height=\"600\" width=\"900\"  itemprop=\"thumbnailUrl\" srcset=\"https:\/\/radiorevelacionfm.cl\/wp-content\/uploads\/2025\/01\/aduana-aysen-1_optimized.jpg 900w, https:\/\/radiorevelacionfm.cl\/wp-content\/uploads\/2025\/01\/aduana-aysen-1_optimized-300x200.jpg 300w, https:\/\/radiorevelacionfm.cl\/wp-content\/uploads\/2025\/01\/aduana-aysen-1_optimized-768x512.jpg 768w, https:\/\/radiorevelacionfm.cl\/wp-content\/uploads\/2025\/01\/aduana-aysen-1_optimized-705x470.jpg 705w, https:\/\/radiorevelacionfm.cl\/wp-content\/uploads\/2025\/01\/aduana-aysen-1_optimized-450x300.jpg 450w, https:\/\/radiorevelacionfm.cl\/wp-content\/uploads\/2025\/01\/aduana-aysen-1_optimized-600x400.jpg 600w\" sizes=\"(max-width: 900px) 100vw, 900px\" \/><\/div><\/div><\/div><\/div><div class=\"flex_column av_one_full  flex_column_div av-zero-column-padding first  avia-builder-el-2  el_after_av_one_full  el_before_av_one_full  column-top-margin\" style='border-radius:0px; '><section class=\"av_textblock_section \"  itemscope=\"itemscope\" itemtype=\"https:\/\/schema.org\/BlogPosting\" itemprop=\"blogPost\" ><div class='avia_textblock  '   itemprop=\"text\" ><p style=\"text-align: center;\"><strong><span style=\"font-size: 18pt;\">Aduana inaugura nuevo edificio institucional en Puerto Chacabuco<\/span><\/strong><\/p>\n<div id=\"gtx-trans\" style=\"position: absolute; left: -50px; top: 4.31534px;\">\n<div class=\"gtx-trans-icon\"><\/div>\n<\/div>\n<\/div><\/section><\/div><div class=\"flex_column av_one_full  flex_column_div av-zero-column-padding first  avia-builder-el-4  el_after_av_one_full  el_before_av_hr  column-top-margin\" style='border-radius:0px; '><section class=\"av_textblock_section \"  itemscope=\"itemscope\" itemtype=\"https:\/\/schema.org\/BlogPosting\" itemprop=\"blogPost\" ><div class='avia_textblock  '   itemprop=\"text\" ><p style=\"text-align: justify;\"><em>Se trata de la edificaci\u00f3n m\u00e1s moderna de la zona, con altos est\u00e1ndares de sustentabilidad.<\/em><\/p>\n<p style=\"text-align: justify;\">Con la presencia de autoridades nacionales y locales la Administraci\u00f3n de Aduanas de Puerto Ays\u00e9n inaugur\u00f3 su nuevo edificio institucional en Puerto Chacabuco.<\/p>\n<p style=\"text-align: justify;\">La obra, con una inversi\u00f3n de 4 mil 500 millones de pesos, tiene dos niveles en una superficie cercana a los mil metros cuadrados. Cuenta con oficinas administrativas, t\u00e9cnicas, caniles, sal\u00f3n de capacitaci\u00f3n, sala para el \u00e1rea jur\u00eddica, sala de reuniones y bodegas. Su est\u00e1ndar en la materia la hizo acreedora a la Certificaci\u00f3n de Edificio Sustentable en la categor\u00eda infraestructura durante el 2024, la primera en su tipo en la regi\u00f3n de Ays\u00e9n.<\/p>\n<p style=\"text-align: justify;\">A la inauguraci\u00f3n asisti\u00f3 la Directora Nacional de Aduanas, Alejandra Arriaza Loeb, acompa\u00f1ada por el administrador de la Aduana de Puerto Ays\u00e9n, Isaac Tudela, y el Director Regional de la Aduana de Coyhaique, Ra\u00fal Pizarro.<\/p>\n<p style=\"text-align: justify;\">Tras la ceremonia, la Directora Nacional de Aduanas, Alejandra Arriaza Loeb, agradeci\u00f3 el trabajo de todos los organismos involucrados en la construcci\u00f3n y entrega del edificio de la Aduana de Ays\u00e9n. \u201cEstoy muy contenta, muy orgullosa de poder venir a inaugurar este edificio que cumple con todos los est\u00e1ndares y toda la expectativa que ten\u00edamos desde nuestro servicio\u201d.<\/p>\n<p style=\"text-align: justify;\">La m\u00e1xima autoridad aduanera destac\u00f3 la ubicaci\u00f3n de las reci\u00e9n inauguradas dependencias de Aduana en Puerto Chacabuco. \u201cEs importante porque tenemos una vista maravillosa, pero tambi\u00e9n eso lo hace un polo tur\u00edstico. Por lo tanto Aduana es relevante en la recepci\u00f3n y en la salida de turistas de nuestro pa\u00eds, as\u00ed como tambi\u00e9n de las mercanc\u00edas que entran y salen. Y por la gran labor de protecci\u00f3n a nuestro pa\u00eds que hace, merec\u00edamos crecer en infraestructura\u201d, apunt\u00f3.<\/p>\n<p style=\"text-align: justify;\">El evento cont\u00f3 con la presencia del Gobernador Regional, Marcelo Santana, del Delegado Presidencial Regional, Jorge D\u00edaz, as\u00ed como de autoridades regionales, comunales, y representantes de empresas portuarias y vinculadas con el comercio exterior.<\/p>\n<p style=\"text-align: justify;\">Por su parte, el Gobernador Regional de Ays\u00e9n, Marcelo Santana, destac\u00f3 el rol de Aduanas en la regi\u00f3n y adelant\u00f3 que ya est\u00e1n trabajando para ampliar la presencia del Servicio en los puntos de control repartidos en la regi\u00f3n.<\/p>\n<p style=\"text-align: justify;\">\u201cAduana est\u00e1 directamente involucrado con el intercambio de bienes de nuestra regi\u00f3n y nuestro inter\u00e9s como Gobierno Regional es fortalecer y hacer crecer esa din\u00e1mica comercial(\u2026), pero si queremos impulsar esto necesitamos servicios robustos, como esperamos sea el Servicio Nacional de Aduanas, que cumple una gran misi\u00f3n ac\u00e1 en Chacabuco, pero que tambi\u00e9n lo hace en nuestras fronteras.\u201d, indic\u00f3.<\/p>\n<p style=\"text-align: justify;\">En tanto, el Delegado Presidencial Regional, Jorge D\u00edaz , destac\u00f3 la entrega del edificio y adelant\u00f3 que vendr\u00e1n m\u00e1s obras para Ays\u00e9n. \u201cAduana es uno de los servicios m\u00e1s importantes para el desarrollo de la regi\u00f3n, porque aqu\u00ed, tal como se ha dicho, entran y salen las mercanc\u00edas al mundo y desde el mundo. Y por lo tanto, para nosotros, entregar este edificio es muy importante. Y tambi\u00e9n lo estamos haciendo a prop\u00f3sito de la construcci\u00f3n del nuevo aeropuerto de Balmaceda, donde tambi\u00e9n queremos que ese terminal a\u00e9reo se transforme en un terminal donde las mercanc\u00edas v\u00eda a\u00e9rea puedan salir tambi\u00e9n al mundo\u201d, sostuvo.<\/p>\n<p style=\"text-align: justify;\">La actividad incluy\u00f3 con un recorrido guiado por el equipo de profesionales que lider\u00f3 el proyecto, tanto de la Direcci\u00f3n Regional de Arquitectura del MOP, como del Departamento de Infraestructura de la Direcci\u00f3n Nacional de Aduanas.<\/p>\n<p style=\"text-align: justify;\">El M\u00c1S MODERNO Y EFICIENTE DE LA REGI\u00d3N<\/p>\n<p style=\"text-align: justify;\">Entre las caracter\u00edsticas del edificio destacan que su dise\u00f1o y ejecuci\u00f3n incorporaron un alto grado de eficiencia energ\u00e9tica, lo que le permite alcanzar hasta un 75% de ahorro de energ\u00eda. Ello por el aprovechamiento de la luz natural y la capacidad de aislaci\u00f3n de los materiales utilizados.<\/p>\n<p style=\"text-align: justify;\">La materialidad del edificio est\u00e1 compuesta por un sistema estructural en base a muros y elementos de hormig\u00f3n armado en un piso, mientras que la estructura del segundo piso y de techumbre est\u00e1 dise\u00f1ada en cerchas met\u00e1licas. Las terminaciones son de cubierta en plancha de acero.<\/p>\n<p style=\"text-align: justify;\">La Seremi del MOP, Paloma Jara, destac\u00f3 el car\u00e1cter de sustentable de la nueva casa de Aduana de Puerto Chacabuco. \u201cHoy estamos muy orgullosos como Ministerio de Obras P\u00fablicas de poder contribuir a la edificaci\u00f3n p\u00fablica (\u2026), es un edificio que est\u00e1 en sinton\u00eda con nuestros objetivos dentro del gobierno del Presidente Boric y tambi\u00e9n con los lineamientos que nos ha dado nuestra ministra. Es muy importante tener edificaci\u00f3n p\u00fablica de primera calidad, poder traer a la regi\u00f3n tambi\u00e9n nueva inversi\u00f3n a trav\u00e9s de la construcci\u00f3n de infraestructura p\u00fablica, infraestructura que da empleo, que hace crecer a todos los que estamos en la regi\u00f3n de Ays\u00e9n\u201d, indic\u00f3.<\/p>\n<p style=\"text-align: justify;\">Cabe destacar que el nuevo edificio es parte de los compromisos de renovaci\u00f3n de infraestructura del Servicio Nacional de Aduanas, que se ejecuta desde el 2019 en un plan quinquenal, y que ha permitido la reposici\u00f3n del edificio de la Aduana de Talcahuano, la de Puerto Ays\u00e9n inaugurada hoy, y pr\u00f3ximamente la del complejo de Quillagua, ubicado en la regi\u00f3n de Tarapac\u00e1, que est\u00e1 actualmente en faenas.<\/p>\n<p style=\"text-align: justify;\">Todo lo anterior en busca de dotar de mejores condiciones a las aduanas del pa\u00eds para seguir cumpliendo los m\u00faltiples roles que desempe\u00f1a tanto en materia de recaudaci\u00f3n, de protecci\u00f3n del comercio il\u00edcito, as\u00ed como de protecci\u00f3n de las fronteras.<\/p>\n<\/div><\/section><\/div><div  style='height:50px' class='hr hr-invisible   avia-builder-el-6  el_after_av_one_full  el_before_av_social_share '><span class='hr-inner ' ><span class='hr-inner-style'><\/span><\/span><\/div><\/p>\n<div  class='av-social-sharing-box  avia-builder-el-7  el_after_av_hr  el_before_av_hr  '><div class='av-share-box'><h5 class='av-share-link-description av-no-toc '>Compartir esta noticia<\/h5><ul class='av-share-box-list noLightbox'><li class='av-share-link av-social-link-facebook' ><a target=\"_blank\" aria-label=\"Compartir en Facebook\" href='https:\/\/www.facebook.com\/sharer.php?u=https:\/\/radiorevelacionfm.cl\/?p=49985&#038;t=Aduana%20inaugura%20nuevo%20edificio%20institucional%20en%20Puerto%20Chacabuco' aria-hidden='false' data-av_icon='\ue8f3' data-av_iconfont='entypo-fontello' title='' data-avia-related-tooltip='Compartir en Facebook' rel=\"noopener\"><span class='avia_hidden_link_text'>Compartir en Facebook<\/span><\/a><\/li><li class='av-share-link av-social-link-twitter' ><a target=\"_blank\" aria-label=\"Compartir en Twitter\" href='https:\/\/twitter.com\/share?text=Aduana%20inaugura%20nuevo%20edificio%20institucional%20en%20Puerto%20Chacabuco&#038;url=https:\/\/radiorevelacionfm.cl\/?p=49985' aria-hidden='false' data-av_icon='\ue8f1' data-av_iconfont='entypo-fontello' title='' data-avia-related-tooltip='Compartir en Twitter' rel=\"noopener\"><span class='avia_hidden_link_text'>Compartir en Twitter<\/span><\/a><\/li><li class='av-share-link av-social-link-whatsapp' ><a target=\"_blank\" aria-label=\"Compartir en Whatsapp\" href='https:\/\/api.whatsapp.com\/send?text=https:\/\/radiorevelacionfm.cl\/?p=49985' aria-hidden='false' data-av_icon='\uf232' data-av_iconfont='entypo-fontello' title='' data-avia-related-tooltip='Compartir en Whatsapp' rel=\"noopener\"><span class='avia_hidden_link_text'>Compartir en Whatsapp<\/span><\/a><\/li><li class='av-share-link av-social-link-linkedin' ><a target=\"_blank\" aria-label=\"Compartir en LinkedIn\" href='https:\/\/linkedin.com\/shareArticle?mini=true&#038;title=Aduana%20inaugura%20nuevo%20edificio%20institucional%20en%20Puerto%20Chacabuco&#038;url=https:\/\/radiorevelacionfm.cl\/?p=49985' aria-hidden='false' data-av_icon='\ue8fc' data-av_iconfont='entypo-fontello' title='' data-avia-related-tooltip='Compartir en LinkedIn' rel=\"noopener\"><span class='avia_hidden_link_text'>Compartir en LinkedIn<\/span><\/a><\/li><li class='av-share-link av-social-link-mail' ><a  aria-label=\"Compartir por correo\" href='mailto:?subject=Aduana%20inaugura%20nuevo%20edificio%20institucional%20en%20Puerto%20Chacabuco&#038;body=https:\/\/radiorevelacionfm.cl\/?p=49985' aria-hidden='false' data-av_icon='\ue805' data-av_iconfont='entypo-fontello' title='' data-avia-related-tooltip='Compartir por correo'><span class='avia_hidden_link_text'>Compartir por correo<\/span><\/a><\/li><\/ul><\/div><\/div>\n<div  style='height:50px' class='hr hr-invisible   avia-builder-el-8  el_after_av_social_share  el_before_av_comments_list '><span class='hr-inner ' ><span class='hr-inner-style'><\/span><\/span><\/div>\n<div  class='av-buildercomment  av-blog-meta-html-info-disabled av-blog-meta-tag-disabled  '><\/div>\n","protected":false},"excerpt":{"rendered":"","protected":false},"author":1,"featured_media":49986,"comment_status":"open","ping_status":"open","sticky":false,"template":"","format":"standard","meta":{"footnotes":""},"categories":[38],"tags":[],"class_list":["post-49985","post","type-post","status-publish","format-standard","has-post-thumbnail","hentry","category-regional"],"jetpack_featured_media_url":"https:\/\/radiorevelacionfm.cl\/wp-content\/uploads\/2025\/01\/aduana-aysen-1_optimized.jpg","_links":{"self":[{"href":"https:\/\/radiorevelacionfm.cl\/index.php?rest_route=\/wp\/v2\/posts\/49985","targetHints":{"allow":["GET"]}}],"collection":[{"href":"https:\/\/radiorevelacionfm.cl\/index.php?rest_route=\/wp\/v2\/posts"}],"about":[{"href":"https:\/\/radiorevelacionfm.cl\/index.php?rest_route=\/wp\/v2\/types\/post"}],"author":[{"embeddable":true,"href":"https:\/\/radiorevelacionfm.cl\/index.php?rest_route=\/wp\/v2\/users\/1"}],"replies":[{"embeddable":true,"href":"https:\/\/radiorevelacionfm.cl\/index.php?rest_route=%2Fwp%2Fv2%2Fcomments&post=49985"}],"version-history":[{"count":2,"href":"https:\/\/radiorevelacionfm.cl\/index.php?rest_route=\/wp\/v2\/posts\/49985\/revisions"}],"predecessor-version":[{"id":49988,"href":"https:\/\/radiorevelacionfm.cl\/index.php?rest_route=\/wp\/v2\/posts\/49985\/revisions\/49988"}],"wp:featuredmedia":[{"embeddable":true,"href":"https:\/\/radiorevelacionfm.cl\/index.php?rest_route=\/wp\/v2\/media\/49986"}],"wp:attachment":[{"href":"https:\/\/radiorevelacionfm.cl\/index.php?rest_route=%2Fwp%2Fv2%2Fmedia&parent=49985"}],"wp:term":[{"taxonomy":"category","embeddable":true,"href":"https:\/\/radiorevelacionfm.cl\/index.php?rest_route=%2Fwp%2Fv2%2Fcategories&post=49985"},{"taxonomy":"post_tag","embeddable":true,"href":"https:\/\/radiorevelacionfm.cl\/index.php?rest_route=%2Fwp%2Fv2%2Ftags&post=49985"}],"curies":[{"name":"wp","href":"https:\/\/api.w.org\/{rel}","templated":true}]}}