{"id":49981,"date":"2025-01-23T21:16:18","date_gmt":"2025-01-24T00:16:18","guid":{"rendered":"https:\/\/radiorevelacionfm.cl\/?p=49981"},"modified":"2025-01-23T21:16:18","modified_gmt":"2025-01-24T00:16:18","slug":"carabineros-incrementa-la-seguridad-y-el-control-en-la-region-de-aysen-durante-la-temporada-estival","status":"publish","type":"post","link":"https:\/\/radiorevelacionfm.cl\/?p=49981","title":{"rendered":"Carabineros incrementa la seguridad y el control en la Regi\u00f3n de Ays\u00e9n durante la temporada estival"},"content":{"rendered":"<div class=\"flex_column av_one_full  flex_column_div av-zero-column-padding first  avia-builder-el-0  el_before_av_one_full  avia-builder-el-first  \" style='border-radius:0px; '><div  class='avia-image-container  av-styling-    avia-builder-el-1  avia-builder-el-no-sibling  avia-align-center '  itemprop=\"image\" itemscope=\"itemscope\" itemtype=\"https:\/\/schema.org\/ImageObject\"  ><div class='avia-image-container-inner'><div class='avia-image-overlay-wrap'><img decoding=\"async\" class='wp-image-49982 avia-img-lazy-loading-not-49982 avia_image' src=\"https:\/\/radiorevelacionfm.cl\/wp-content\/uploads\/2025\/01\/gh6m55twgaau4ca-1_optimized.jpg\" alt='' title='gh6m55twgaau4ca-(1)_optimized' height=\"600\" width=\"843\"  itemprop=\"thumbnailUrl\" srcset=\"https:\/\/radiorevelacionfm.cl\/wp-content\/uploads\/2025\/01\/gh6m55twgaau4ca-1_optimized.jpg 843w, https:\/\/radiorevelacionfm.cl\/wp-content\/uploads\/2025\/01\/gh6m55twgaau4ca-1_optimized-300x214.jpg 300w, https:\/\/radiorevelacionfm.cl\/wp-content\/uploads\/2025\/01\/gh6m55twgaau4ca-1_optimized-768x547.jpg 768w, https:\/\/radiorevelacionfm.cl\/wp-content\/uploads\/2025\/01\/gh6m55twgaau4ca-1_optimized-260x185.jpg 260w, https:\/\/radiorevelacionfm.cl\/wp-content\/uploads\/2025\/01\/gh6m55twgaau4ca-1_optimized-705x502.jpg 705w, https:\/\/radiorevelacionfm.cl\/wp-content\/uploads\/2025\/01\/gh6m55twgaau4ca-1_optimized-450x320.jpg 450w, https:\/\/radiorevelacionfm.cl\/wp-content\/uploads\/2025\/01\/gh6m55twgaau4ca-1_optimized-600x427.jpg 600w\" sizes=\"(max-width: 843px) 100vw, 843px\" \/><\/div><\/div><\/div><\/div><div class=\"flex_column av_one_full  flex_column_div av-zero-column-padding first  avia-builder-el-2  el_after_av_one_full  el_before_av_one_full  column-top-margin\" style='border-radius:0px; '><section class=\"av_textblock_section \"  itemscope=\"itemscope\" itemtype=\"https:\/\/schema.org\/BlogPosting\" itemprop=\"blogPost\" ><div class='avia_textblock  '   itemprop=\"text\" ><p style=\"text-align: center;\"><strong><span style=\"font-size: 18pt;\">Carabineros incrementa la seguridad y el control en la Regi\u00f3n de Ays\u00e9n durante la temporada estival<\/span><\/strong><\/p>\n<div id=\"gtx-trans\" style=\"position: absolute; left: -50px; top: 4.31534px;\">\n<div class=\"gtx-trans-icon\"><\/div>\n<\/div>\n<\/div><\/section><\/div><div class=\"flex_column av_one_full  flex_column_div av-zero-column-padding first  avia-builder-el-4  el_after_av_one_full  el_before_av_hr  column-top-margin\" style='border-radius:0px; '><section class=\"av_textblock_section \"  itemscope=\"itemscope\" itemtype=\"https:\/\/schema.org\/BlogPosting\" itemprop=\"blogPost\" ><div class='avia_textblock  '   itemprop=\"text\" ><p dir=\"ltr\" style=\"text-align: justify;\"><em>Desde enero a la fecha se han efectuado m\u00e1s de 1.600 controles de identidad y cerca de 5.000 controles vehiculares, sumado a la detenci\u00f3n de aproximadamente 130 personas por diversos delitos.\u00a0<\/em><\/p>\n<p dir=\"ltr\" style=\"text-align: justify;\">Durante la actual temporada estival, Carabineros ha intensificado sus servicios de vigilancia en la regi\u00f3n de Ays\u00e9n, desplegando efectivos de norte a sur en rutas, zonas urbanas, comercios, pasos fronterizos, aeropuertos, terminales portuarios y centros tur\u00edsticos. Esta medida busca prevenir delitos, actuar en casos de flagrancia y ofrecer mayor seguridad tanto a la comunidad local como a los visitantes.<\/p>\n<p dir=\"ltr\" style=\"text-align: justify;\">El pasado domingo, se llev\u00f3 a cabo el relevo de carabineros en la Avanzada Paso Marconi, ubicada en los Campos de Hielo Sur. Este relevo fue realizado por personal especializado en monta\u00f1a y frontera, quienes representan la presencia del Estado en estas remotas \u00e1reas. El Prefecto de Ays\u00e9n destac\u00f3 que se tienen planeados dos grupos adicionales para finalizar la temporada estival, lo que refuerza tanto la soberan\u00eda como el control en la regi\u00f3n.<\/p>\n<p dir=\"ltr\" style=\"text-align: justify;\">Desde la instalaci\u00f3n de esta Avanzada, un total de 22 personas han sido controladas, trat\u00e1ndose de monta\u00f1istas de diversas nacionalidades, entre las que destacan, espa\u00f1oles, italianos y chinos, quienes ingresan a territorio nacional junto a gu\u00edas tur\u00edsticos argentinos desde la localidad de El Chalt\u00e9n.<\/p>\n<p dir=\"ltr\" style=\"text-align: justify;\">\u00abSe han controlado turistas que vienen desde Argentina y han pasado por el paso Marconi. Estos Carabineros est\u00e1n haciendo su trabajo y est\u00e1n haciendo soberan\u00eda\u00bb, afirm\u00f3 el Coronel Abarca.<\/p>\n<p dir=\"ltr\" style=\"text-align: justify;\"><strong>Controles y detenidos<\/strong><\/p>\n<p dir=\"ltr\" style=\"text-align: justify;\">Con el aumento del flujo vehicular y la alta afluencia de turistas, Carabineros ha reforzado su dotaci\u00f3n para ofrecer una mayor seguridad durante el verano de 2025. \u00abContamos con 17 carabineros que han llegado desde el norte para reforzar los servicios policiales en el control de carreteras y en algunas localidades. Hasta la fecha, hemos realizado m\u00e1s de 1.600 controles de identidad y cerca de 5.000 controles vehiculares\u00bb, inform\u00f3 el Prefecto de Ays\u00e9n.<\/p>\n<p dir=\"ltr\" style=\"text-align: justify;\">Hasta el momento, Carabineros ha detenido a aproximadamente 130 personas por diversos delitos, de las cuales m\u00e1s de 81 fueron en flagrancia, lo que evidencia una respuesta r\u00e1pida ante el delito. Adem\u00e1s, Carabineros record\u00f3 a los conductores la importancia de manejar con precauci\u00f3n, respetando las condiciones del tr\u00e1nsito, utilizando siempre el cintur\u00f3n de seguridad y evitando conducir bajo los efectos del alcohol, con el fin de prevenir accidentes y situaciones de violencia intrafamiliar.<\/p>\n<\/div><\/section><\/div><div  style='height:50px' class='hr hr-invisible   avia-builder-el-6  el_after_av_one_full  el_before_av_social_share '><span class='hr-inner ' ><span class='hr-inner-style'><\/span><\/span><\/div><\/p>\n<div  class='av-social-sharing-box  avia-builder-el-7  el_after_av_hr  el_before_av_hr  '><div class='av-share-box'><h5 class='av-share-link-description av-no-toc '>Compartir esta noticia<\/h5><ul class='av-share-box-list noLightbox'><li class='av-share-link av-social-link-facebook' ><a target=\"_blank\" aria-label=\"Compartir en Facebook\" href='https:\/\/www.facebook.com\/sharer.php?u=https:\/\/radiorevelacionfm.cl\/?p=49981&#038;t=Carabineros%20incrementa%20la%20seguridad%20y%20el%20control%20en%20la%20Regi%C3%B3n%20de%20Ays%C3%A9n%20durante%20la%20temporada%20estival' aria-hidden='false' data-av_icon='\ue8f3' data-av_iconfont='entypo-fontello' title='' data-avia-related-tooltip='Compartir en Facebook' rel=\"noopener\"><span class='avia_hidden_link_text'>Compartir en Facebook<\/span><\/a><\/li><li class='av-share-link av-social-link-twitter' ><a target=\"_blank\" aria-label=\"Compartir en Twitter\" href='https:\/\/twitter.com\/share?text=Carabineros%20incrementa%20la%20seguridad%20y%20el%20control%20en%20la%20Regi%C3%B3n%20de%20Ays%C3%A9n%20durante%20la%20temporada%20estival&#038;url=https:\/\/radiorevelacionfm.cl\/?p=49981' aria-hidden='false' data-av_icon='\ue8f1' data-av_iconfont='entypo-fontello' title='' data-avia-related-tooltip='Compartir en Twitter' rel=\"noopener\"><span class='avia_hidden_link_text'>Compartir en Twitter<\/span><\/a><\/li><li class='av-share-link av-social-link-whatsapp' ><a target=\"_blank\" aria-label=\"Compartir en Whatsapp\" href='https:\/\/api.whatsapp.com\/send?text=https:\/\/radiorevelacionfm.cl\/?p=49981' aria-hidden='false' data-av_icon='\uf232' data-av_iconfont='entypo-fontello' title='' data-avia-related-tooltip='Compartir en Whatsapp' rel=\"noopener\"><span class='avia_hidden_link_text'>Compartir en Whatsapp<\/span><\/a><\/li><li class='av-share-link av-social-link-linkedin' ><a target=\"_blank\" aria-label=\"Compartir en LinkedIn\" href='https:\/\/linkedin.com\/shareArticle?mini=true&#038;title=Carabineros%20incrementa%20la%20seguridad%20y%20el%20control%20en%20la%20Regi%C3%B3n%20de%20Ays%C3%A9n%20durante%20la%20temporada%20estival&#038;url=https:\/\/radiorevelacionfm.cl\/?p=49981' aria-hidden='false' data-av_icon='\ue8fc' data-av_iconfont='entypo-fontello' title='' data-avia-related-tooltip='Compartir en LinkedIn' rel=\"noopener\"><span class='avia_hidden_link_text'>Compartir en LinkedIn<\/span><\/a><\/li><li class='av-share-link av-social-link-mail' ><a  aria-label=\"Compartir por correo\" href='mailto:?subject=Carabineros%20incrementa%20la%20seguridad%20y%20el%20control%20en%20la%20Regi%C3%B3n%20de%20Ays%C3%A9n%20durante%20la%20temporada%20estival&#038;body=https:\/\/radiorevelacionfm.cl\/?p=49981' aria-hidden='false' data-av_icon='\ue805' data-av_iconfont='entypo-fontello' title='' data-avia-related-tooltip='Compartir por correo'><span class='avia_hidden_link_text'>Compartir por correo<\/span><\/a><\/li><\/ul><\/div><\/div>\n<div  style='height:50px' class='hr hr-invisible   avia-builder-el-8  el_after_av_social_share  el_before_av_comments_list '><span class='hr-inner ' ><span class='hr-inner-style'><\/span><\/span><\/div>\n<div  class='av-buildercomment  av-blog-meta-html-info-disabled av-blog-meta-tag-disabled  '><\/div>\n","protected":false},"excerpt":{"rendered":"","protected":false},"author":1,"featured_media":49982,"comment_status":"open","ping_status":"open","sticky":false,"template":"","format":"standard","meta":{"footnotes":""},"categories":[36],"tags":[],"class_list":["post-49981","post","type-post","status-publish","format-standard","has-post-thumbnail","hentry","category-policial"],"jetpack_featured_media_url":"https:\/\/radiorevelacionfm.cl\/wp-content\/uploads\/2025\/01\/gh6m55twgaau4ca-1_optimized.jpg","_links":{"self":[{"href":"https:\/\/radiorevelacionfm.cl\/index.php?rest_route=\/wp\/v2\/posts\/49981","targetHints":{"allow":["GET"]}}],"collection":[{"href":"https:\/\/radiorevelacionfm.cl\/index.php?rest_route=\/wp\/v2\/posts"}],"about":[{"href":"https:\/\/radiorevelacionfm.cl\/index.php?rest_route=\/wp\/v2\/types\/post"}],"author":[{"embeddable":true,"href":"https:\/\/radiorevelacionfm.cl\/index.php?rest_route=\/wp\/v2\/users\/1"}],"replies":[{"embeddable":true,"href":"https:\/\/radiorevelacionfm.cl\/index.php?rest_route=%2Fwp%2Fv2%2Fcomments&post=49981"}],"version-history":[{"count":1,"href":"https:\/\/radiorevelacionfm.cl\/index.php?rest_route=\/wp\/v2\/posts\/49981\/revisions"}],"predecessor-version":[{"id":49983,"href":"https:\/\/radiorevelacionfm.cl\/index.php?rest_route=\/wp\/v2\/posts\/49981\/revisions\/49983"}],"wp:featuredmedia":[{"embeddable":true,"href":"https:\/\/radiorevelacionfm.cl\/index.php?rest_route=\/wp\/v2\/media\/49982"}],"wp:attachment":[{"href":"https:\/\/radiorevelacionfm.cl\/index.php?rest_route=%2Fwp%2Fv2%2Fmedia&parent=49981"}],"wp:term":[{"taxonomy":"category","embeddable":true,"href":"https:\/\/radiorevelacionfm.cl\/index.php?rest_route=%2Fwp%2Fv2%2Fcategories&post=49981"},{"taxonomy":"post_tag","embeddable":true,"href":"https:\/\/radiorevelacionfm.cl\/index.php?rest_route=%2Fwp%2Fv2%2Ftags&post=49981"}],"curies":[{"name":"wp","href":"https:\/\/api.w.org\/{rel}","templated":true}]}}