{"id":49978,"date":"2025-01-23T18:59:39","date_gmt":"2025-01-23T21:59:39","guid":{"rendered":"https:\/\/radiorevelacionfm.cl\/?p=49978"},"modified":"2025-01-23T18:59:39","modified_gmt":"2025-01-23T21:59:39","slug":"con-todo-el-glamour-vuelve-la-coronacion-de-la-reina-en-aniversario-de-puerto-aysen","status":"publish","type":"post","link":"https:\/\/radiorevelacionfm.cl\/?p=49978","title":{"rendered":"Con todo el glamour vuelve la coronaci\u00f3n de la reina en aniversario de Puerto Ays\u00e9n"},"content":{"rendered":"<div class=\"flex_column av_one_full  flex_column_div av-zero-column-padding first  avia-builder-el-0  el_before_av_one_full  avia-builder-el-first  \" style='border-radius:0px; '><div  class='avia-image-container  av-styling-    avia-builder-el-1  avia-builder-el-no-sibling  avia-align-center '  itemprop=\"image\" itemscope=\"itemscope\" itemtype=\"https:\/\/schema.org\/ImageObject\"  ><div class='avia-image-container-inner'><div class='avia-image-overlay-wrap'><img decoding=\"async\" class='wp-image-49979 avia-img-lazy-loading-not-49979 avia_image' src=\"https:\/\/radiorevelacionfm.cl\/wp-content\/uploads\/2025\/01\/todas-1-1_optimized-1_optimized-1.jpg\" alt='' title='todas-(1)-(1)_optimized-(1)_optimized (1)' height=\"600\" width=\"920\"  itemprop=\"thumbnailUrl\" srcset=\"https:\/\/radiorevelacionfm.cl\/wp-content\/uploads\/2025\/01\/todas-1-1_optimized-1_optimized-1.jpg 920w, https:\/\/radiorevelacionfm.cl\/wp-content\/uploads\/2025\/01\/todas-1-1_optimized-1_optimized-1-300x196.jpg 300w, https:\/\/radiorevelacionfm.cl\/wp-content\/uploads\/2025\/01\/todas-1-1_optimized-1_optimized-1-768x501.jpg 768w, https:\/\/radiorevelacionfm.cl\/wp-content\/uploads\/2025\/01\/todas-1-1_optimized-1_optimized-1-705x460.jpg 705w, https:\/\/radiorevelacionfm.cl\/wp-content\/uploads\/2025\/01\/todas-1-1_optimized-1_optimized-1-450x293.jpg 450w, https:\/\/radiorevelacionfm.cl\/wp-content\/uploads\/2025\/01\/todas-1-1_optimized-1_optimized-1-600x391.jpg 600w\" sizes=\"(max-width: 920px) 100vw, 920px\" \/><\/div><\/div><\/div><\/div><div class=\"flex_column av_one_full  flex_column_div av-zero-column-padding first  avia-builder-el-2  el_after_av_one_full  el_before_av_one_full  column-top-margin\" style='border-radius:0px; '><section class=\"av_textblock_section \"  itemscope=\"itemscope\" itemtype=\"https:\/\/schema.org\/BlogPosting\" itemprop=\"blogPost\" ><div class='avia_textblock  '   itemprop=\"text\" ><p style=\"text-align: center;\"><strong><span style=\"font-size: 18pt;\">Con todo el glamour vuelve la coronaci\u00f3n de la reina en aniversario de Puerto Ays\u00e9n<\/span><\/strong><\/p>\n<div id=\"gtx-trans\" style=\"position: absolute; left: -50px; top: 4.31534px;\">\n<div class=\"gtx-trans-icon\"><\/div>\n<\/div>\n<\/div><\/section><\/div><div class=\"flex_column av_one_full  flex_column_div av-zero-column-padding first  avia-builder-el-4  el_after_av_one_full  el_before_av_hr  column-top-margin\" style='border-radius:0px; '><section class=\"av_textblock_section \"  itemscope=\"itemscope\" itemtype=\"https:\/\/schema.org\/BlogPosting\" itemprop=\"blogPost\" ><div class='avia_textblock  '   itemprop=\"text\" ><p style=\"text-align: justify;\"><em>Entre las siete candidatas se definir\u00e1 el nuevo trono de Puerto Ays\u00e9n, igualmente se premiar\u00e1n a las j\u00f3venes por su simpat\u00eda y popularidad.<\/em><\/p>\n<p style=\"text-align: justify;\">El viernes 24 de enero a las 21:00 horas se realizar\u00e1 en el Gimnasio IND la \u201cCoronaci\u00f3n de la Reina 2025\u201d, en el cual se decidir\u00e1 qui\u00e9n ser\u00e1 la joven que mejor encarna los valores de la mujer aysenina.<\/p>\n<p style=\"text-align: justify;\">Las candidatas Venecia S\u00e1nchez, Stefanella Bacalao, Camila Paranc\u00e1n, Valentina Huenchu\u00f1ir, Nicole C\u00e1rcamo, Samara Mayorga y Josefa Y\u00e1\u00f1ez durante todo el mes de enero se han preparado para competir en las pruebas preparadas, al igual que han escogido los mejores vestidos, zapatos y accesorios para mostrar en el certamen.<\/p>\n<p style=\"text-align: justify;\">Loreta Co\u00f1ecar, encargada de turismo y parte de la comisi\u00f3n organizadora, comenta \u201cque nuestras candidatas ya se est\u00e1n preparando y est\u00e1n ensayando arduamente para poder presentar un show bonito para la comunidad, al igual que tambi\u00e9n han estado disfrutando de la elecci\u00f3n de sus vestidos en conjunto con nuestros patrocinadores, a los cuales quiero aprovechar de agradecer, Vintage Bazar, Queens, Novedades e Ideas Ale, Coquette y tambi\u00e9n a todos los otros auspiciadores que nos han aportado y han hecho que este evento pueda ser posible. Tambi\u00e9n extender el reconocimiento a todos los colegas municipales que han hecho una labor importante y fundamental para que este evento pueda salir a flote\u201d.<\/p>\n<p style=\"text-align: justify;\">En esta ocasi\u00f3n, la presentaci\u00f3n de la siguiente reina de Puerto Ays\u00e9n ser\u00e1 ambientada por Yessi Curinao, cantante regional que ha colaborado con destacados m\u00fasicos nacionales, consolid\u00e1ndose como una artista vers\u00e1til y apasionada, su trayectoria incluye apariciones en importantes programas de televisi\u00f3n como <em>The Voice <\/em>y<em> Got Talent<\/em>. Y finalizar\u00e1, el grupo Cinchando pa\u2019 no aflojar, conocida banda por su mezcla de folclor y ritmos modernos, con varios \u00e1lbumes en su carrera.<\/p>\n<p style=\"text-align: justify;\">Adem\u00e1s de la elecci\u00f3n de la reina, virreina y segunda virreina; en esta ocasi\u00f3n se realizar\u00e1n dos categor\u00edas adicionales. La \u201cMiss Simpat\u00eda\u201d, la cual ser\u00e1 votada por las mismas candidatas en competencia; al igual que, en el Instagram de la municipalidad de Ays\u00e9n los usuarios podr\u00e1n votar por su candidata favorita para decidir qui\u00e9n ser\u00e1 la \u201cMiss Popularidad\u201d.<\/p>\n<p style=\"text-align: justify;\">Este ser\u00e1 el pre\u00e1mbulo del gran fin de semana que se tiene preparado para el aniversario de Puerto Ays\u00e9n, con variadas actividades en el Parque Municipal, incluyendo a los artistas que ser\u00e1n el punto \u00e1lgido de la celebraci\u00f3n.<\/p>\n<\/div><\/section><\/div><div  style='height:50px' class='hr hr-invisible   avia-builder-el-6  el_after_av_one_full  el_before_av_social_share '><span class='hr-inner ' ><span class='hr-inner-style'><\/span><\/span><\/div><\/p>\n<div  class='av-social-sharing-box  avia-builder-el-7  el_after_av_hr  el_before_av_hr  '><div class='av-share-box'><h5 class='av-share-link-description av-no-toc '>Compartir esta noticia<\/h5><ul class='av-share-box-list noLightbox'><li class='av-share-link av-social-link-facebook' ><a target=\"_blank\" aria-label=\"Compartir en Facebook\" href='https:\/\/www.facebook.com\/sharer.php?u=https:\/\/radiorevelacionfm.cl\/?p=49978&#038;t=Con%20todo%20el%20glamour%20vuelve%20la%20coronaci%C3%B3n%20de%20la%20reina%20en%20aniversario%20de%20Puerto%20Ays%C3%A9n' aria-hidden='false' data-av_icon='\ue8f3' data-av_iconfont='entypo-fontello' title='' data-avia-related-tooltip='Compartir en Facebook' rel=\"noopener\"><span class='avia_hidden_link_text'>Compartir en Facebook<\/span><\/a><\/li><li class='av-share-link av-social-link-twitter' ><a target=\"_blank\" aria-label=\"Compartir en Twitter\" href='https:\/\/twitter.com\/share?text=Con%20todo%20el%20glamour%20vuelve%20la%20coronaci%C3%B3n%20de%20la%20reina%20en%20aniversario%20de%20Puerto%20Ays%C3%A9n&#038;url=https:\/\/radiorevelacionfm.cl\/?p=49978' aria-hidden='false' data-av_icon='\ue8f1' data-av_iconfont='entypo-fontello' title='' data-avia-related-tooltip='Compartir en Twitter' rel=\"noopener\"><span class='avia_hidden_link_text'>Compartir en Twitter<\/span><\/a><\/li><li class='av-share-link av-social-link-whatsapp' ><a target=\"_blank\" aria-label=\"Compartir en Whatsapp\" href='https:\/\/api.whatsapp.com\/send?text=https:\/\/radiorevelacionfm.cl\/?p=49978' aria-hidden='false' data-av_icon='\uf232' data-av_iconfont='entypo-fontello' title='' data-avia-related-tooltip='Compartir en Whatsapp' rel=\"noopener\"><span class='avia_hidden_link_text'>Compartir en Whatsapp<\/span><\/a><\/li><li class='av-share-link av-social-link-linkedin' ><a target=\"_blank\" aria-label=\"Compartir en LinkedIn\" href='https:\/\/linkedin.com\/shareArticle?mini=true&#038;title=Con%20todo%20el%20glamour%20vuelve%20la%20coronaci%C3%B3n%20de%20la%20reina%20en%20aniversario%20de%20Puerto%20Ays%C3%A9n&#038;url=https:\/\/radiorevelacionfm.cl\/?p=49978' aria-hidden='false' data-av_icon='\ue8fc' data-av_iconfont='entypo-fontello' title='' data-avia-related-tooltip='Compartir en LinkedIn' rel=\"noopener\"><span class='avia_hidden_link_text'>Compartir en LinkedIn<\/span><\/a><\/li><li class='av-share-link av-social-link-mail' ><a  aria-label=\"Compartir por correo\" href='mailto:?subject=Con%20todo%20el%20glamour%20vuelve%20la%20coronaci%C3%B3n%20de%20la%20reina%20en%20aniversario%20de%20Puerto%20Ays%C3%A9n&#038;body=https:\/\/radiorevelacionfm.cl\/?p=49978' aria-hidden='false' data-av_icon='\ue805' data-av_iconfont='entypo-fontello' title='' data-avia-related-tooltip='Compartir por correo'><span class='avia_hidden_link_text'>Compartir por correo<\/span><\/a><\/li><\/ul><\/div><\/div>\n<div  style='height:50px' class='hr hr-invisible   avia-builder-el-8  el_after_av_social_share  el_before_av_comments_list '><span class='hr-inner ' ><span class='hr-inner-style'><\/span><\/span><\/div>\n<div  class='av-buildercomment  av-blog-meta-html-info-disabled av-blog-meta-tag-disabled  '><\/div>\n","protected":false},"excerpt":{"rendered":"","protected":false},"author":1,"featured_media":49979,"comment_status":"open","ping_status":"open","sticky":false,"template":"","format":"standard","meta":{"footnotes":""},"categories":[38],"tags":[],"class_list":["post-49978","post","type-post","status-publish","format-standard","has-post-thumbnail","hentry","category-regional"],"jetpack_featured_media_url":"https:\/\/radiorevelacionfm.cl\/wp-content\/uploads\/2025\/01\/todas-1-1_optimized-1_optimized-1.jpg","_links":{"self":[{"href":"https:\/\/radiorevelacionfm.cl\/index.php?rest_route=\/wp\/v2\/posts\/49978","targetHints":{"allow":["GET"]}}],"collection":[{"href":"https:\/\/radiorevelacionfm.cl\/index.php?rest_route=\/wp\/v2\/posts"}],"about":[{"href":"https:\/\/radiorevelacionfm.cl\/index.php?rest_route=\/wp\/v2\/types\/post"}],"author":[{"embeddable":true,"href":"https:\/\/radiorevelacionfm.cl\/index.php?rest_route=\/wp\/v2\/users\/1"}],"replies":[{"embeddable":true,"href":"https:\/\/radiorevelacionfm.cl\/index.php?rest_route=%2Fwp%2Fv2%2Fcomments&post=49978"}],"version-history":[{"count":1,"href":"https:\/\/radiorevelacionfm.cl\/index.php?rest_route=\/wp\/v2\/posts\/49978\/revisions"}],"predecessor-version":[{"id":49980,"href":"https:\/\/radiorevelacionfm.cl\/index.php?rest_route=\/wp\/v2\/posts\/49978\/revisions\/49980"}],"wp:featuredmedia":[{"embeddable":true,"href":"https:\/\/radiorevelacionfm.cl\/index.php?rest_route=\/wp\/v2\/media\/49979"}],"wp:attachment":[{"href":"https:\/\/radiorevelacionfm.cl\/index.php?rest_route=%2Fwp%2Fv2%2Fmedia&parent=49978"}],"wp:term":[{"taxonomy":"category","embeddable":true,"href":"https:\/\/radiorevelacionfm.cl\/index.php?rest_route=%2Fwp%2Fv2%2Fcategories&post=49978"},{"taxonomy":"post_tag","embeddable":true,"href":"https:\/\/radiorevelacionfm.cl\/index.php?rest_route=%2Fwp%2Fv2%2Ftags&post=49978"}],"curies":[{"name":"wp","href":"https:\/\/api.w.org\/{rel}","templated":true}]}}