{"id":49976,"date":"2025-01-23T20:18:33","date_gmt":"2025-01-23T23:18:33","guid":{"rendered":"https:\/\/radiorevelacionfm.cl\/?p=49976"},"modified":"2025-01-23T20:18:33","modified_gmt":"2025-01-23T23:18:33","slug":"condenan-a-15-anos-de-presidio-a-sujeto-que-cometio-delitos-sexuales-en-contra-de-su-hija-desde-los-7-anos-de-edad","status":"publish","type":"post","link":"https:\/\/radiorevelacionfm.cl\/?p=49976","title":{"rendered":"Condenan a 15 a\u00f1os de presidio a sujeto que cometi\u00f3 delitos sexuales en contra de su hija desde los 7 a\u00f1os de edad"},"content":{"rendered":"<div class=\"flex_column av_one_full  flex_column_div av-zero-column-padding first  avia-builder-el-0  el_before_av_one_full  avia-builder-el-first  \" style='border-radius:0px; '><div  class='avia-image-container  av-styling-    avia-builder-el-1  avia-builder-el-no-sibling  avia-align-center '  itemprop=\"image\" itemscope=\"itemscope\" itemtype=\"https:\/\/schema.org\/ImageObject\"  ><div class='avia-image-container-inner'><div class='avia-image-overlay-wrap'><img decoding=\"async\" class='wp-image-44317 avia-img-lazy-loading-not-44317 avia_image' src=\"https:\/\/radiorevelacionfm.cl\/wp-content\/uploads\/2024\/07\/Esposado-delito-1-1.jpeg\" alt='' title='Esposado-delito (1) (1)' height=\"597\" width=\"900\"  itemprop=\"thumbnailUrl\" srcset=\"https:\/\/radiorevelacionfm.cl\/wp-content\/uploads\/2024\/07\/Esposado-delito-1-1.jpeg 900w, https:\/\/radiorevelacionfm.cl\/wp-content\/uploads\/2024\/07\/Esposado-delito-1-1-300x199.jpeg 300w, https:\/\/radiorevelacionfm.cl\/wp-content\/uploads\/2024\/07\/Esposado-delito-1-1-768x509.jpeg 768w, https:\/\/radiorevelacionfm.cl\/wp-content\/uploads\/2024\/07\/Esposado-delito-1-1-705x468.jpeg 705w, https:\/\/radiorevelacionfm.cl\/wp-content\/uploads\/2024\/07\/Esposado-delito-1-1-450x299.jpeg 450w, https:\/\/radiorevelacionfm.cl\/wp-content\/uploads\/2024\/07\/Esposado-delito-1-1-600x398.jpeg 600w\" sizes=\"(max-width: 900px) 100vw, 900px\" \/><\/div><\/div><\/div><\/div>\n<div class=\"flex_column av_one_full  flex_column_div av-zero-column-padding first  avia-builder-el-2  el_after_av_one_full  el_before_av_one_full  column-top-margin\" style='border-radius:0px; '><section class=\"av_textblock_section \"  itemscope=\"itemscope\" itemtype=\"https:\/\/schema.org\/BlogPosting\" itemprop=\"blogPost\" ><div class='avia_textblock  '   itemprop=\"text\" ><p style=\"text-align: center;\"><strong><span style=\"font-size: 18pt;\">Condenan a 15 a\u00f1os de presidio a sujeto que cometi\u00f3 delitos sexuales en contra de su hija desde los 7 a\u00f1os de edad<\/span><\/strong><\/p>\n<div id=\"gtx-trans\" style=\"position: absolute; left: -50px; top: 4.31534px;\">\n<div class=\"gtx-trans-icon\"><\/div>\n<\/div>\n<\/div><\/section><\/div><div class=\"flex_column av_one_full  flex_column_div av-zero-column-padding first  avia-builder-el-4  el_after_av_one_full  el_before_av_hr  column-top-margin\" style='border-radius:0px; '><section class=\"av_textblock_section \"  itemscope=\"itemscope\" itemtype=\"https:\/\/schema.org\/BlogPosting\" itemprop=\"blogPost\" ><div class='avia_textblock  '   itemprop=\"text\" ><p class=\"v1MsoNormal\" style=\"text-align: justify;\"><em>El hermano de la v\u00edctima, quien tambi\u00e9n hab\u00eda sido acusado por delitos sexuales, fue absuelto.<\/em><\/p>\n<p class=\"v1MsoNormal\" style=\"text-align: justify;\">Tras una investigaci\u00f3n liderada por la Fiscal\u00eda Local de Ays\u00e9n-Cisnes, el Tribunal de Juicio Oral en Lo Penal conden\u00f3 a un imputado de 64 a\u00f1os, como autor del delito de violaci\u00f3n reiterada cometido en contra de su hija desde que ella ten\u00eda 7 a\u00f1os.<\/p>\n<p class=\"v1MsoNormal\" style=\"text-align: justify;\">En esta causa las diligencias fueron solicitadas a la Brigada de Delitos Sexuales de la PDI y a peritos del Servicio M\u00e9dico Legal. Al juicio concurri\u00f3 el fiscal jefe, Pedro Poblete Viejo y la abogada asistente Jessica Leiva G\u00f3mez.<\/p>\n<p class=\"v1MsoNormal\" style=\"text-align: justify;\">De acuerdo a las pruebas presentada por el Ministerio P\u00fablico, el Tribunal conden\u00f3 al imputado a la pena de 15 a\u00f1os y un d\u00eda de presidio, como autor del delito consumado de violaci\u00f3n de menor de catorce a\u00f1os, en car\u00e1cter de reiterado, cometido en fechas indeterminadas entre los a\u00f1os 2015 y 2019, en la localidad de Puerto Chacabuco y en Hornopir\u00e9n.<\/p>\n<p class=\"v1MsoNormal\" style=\"text-align: justify;\">Adem\u00e1s, el condenado deber\u00e1 permanecer bajo la vigilancia de la autoridad durante los diez a\u00f1os siguientes al cumplimiento de la pena principal, debiendo informar a Carabineros, cada tres meses su domicilio actual.<\/p>\n<p class=\"v1MsoNormal\" style=\"text-align: justify;\">SENTENCIA<\/p>\n<p class=\"v1MsoNormal\" style=\"text-align: justify;\">Seg\u00fan explic\u00f3 el fiscal Pedro Poblete Viejo, los hechos fueron \u201ccometidos en perjuicio de su hija en la ciudad de Puerto Ays\u00e9n, tanto en la propia ciudad como en la localidad de Puerto Chacabuco y tambi\u00e9n en la localidad de Hornopir\u00e9n\u201d.<\/p>\n<p class=\"v1MsoNormal\" style=\"text-align: justify;\">El persecutor penal agreg\u00f3 que \u201ca su vez, fue absuelto el segundo imputado, quien ser\u00eda hermano de la menor y que cometi\u00f3 estos hechos presuntamente cuando \u00e9ste era un adolescente, situaci\u00f3n que no pudo ser acreditada en cuanto a la \u00e9poca de ocurrencia del delito, lo cual imposibilit\u00f3 al tribunal forjarse la convicci\u00f3n, toda vez que no se estableci\u00f3 con precisi\u00f3n si esta era o no imputable a la \u00e9poca de ocurrencia de los hechos\u201d.<\/p>\n<p class=\"v1MsoNormal\" style=\"text-align: justify;\">Respecto del imputado que fue condenado, a\u00f1adi\u00f3 el fiscal Poblete, \u201cel tribunal se fija la convicci\u00f3n b\u00e1sicamente por el contenido de la declaraci\u00f3n ante el Tribunal de la menor v\u00edctima de estos hechos, como tambi\u00e9n de la prueba pericial y de las diligencias investigativas arribadas al caso. Se conden\u00f3 a este imputado entonces a una pena de 15 a\u00f1os de privaci\u00f3n de libertad como autor del delito de violaci\u00f3n reiterado\u201d.<\/p>\n<p class=\"v1MsoNormal\" style=\"text-align: justify;\">Durante el juicio, la Unidad de V\u00edctimas y Testigos de la Fiscal\u00eda entreg\u00f3 informaci\u00f3n y apoyo a la v\u00edctima.<\/p>\n<p class=\"v1MsoNormal\" style=\"text-align: justify;\">La sentencia fue dictada por las juezas Rosal\u00eda Edith Mansilla Quiroz, M\u00f3nica Gisela Coloma Pulgar y Natalia Gejman Seco.<\/p>\n<\/div><\/section><\/div><\/p>\n<div  style='height:50px' class='hr hr-invisible   avia-builder-el-6  el_after_av_one_full  el_before_av_social_share '><span class='hr-inner ' ><span class='hr-inner-style'><\/span><\/span><\/div>\n<div  class='av-social-sharing-box  avia-builder-el-7  el_after_av_hr  el_before_av_hr  '><div class='av-share-box'><h5 class='av-share-link-description av-no-toc '>Compartir esta noticia<\/h5><ul class='av-share-box-list noLightbox'><li class='av-share-link av-social-link-facebook' ><a target=\"_blank\" aria-label=\"Compartir en Facebook\" href='https:\/\/www.facebook.com\/sharer.php?u=https:\/\/radiorevelacionfm.cl\/?p=49976&#038;t=Condenan%20a%2015%20a%C3%B1os%20de%20presidio%20a%20sujeto%20que%20cometi%C3%B3%20delitos%20sexuales%20en%20contra%20de%20su%20hija%20desde%20los%207%20a%C3%B1os%20de%20edad' aria-hidden='false' data-av_icon='\ue8f3' data-av_iconfont='entypo-fontello' title='' data-avia-related-tooltip='Compartir en Facebook' rel=\"noopener\"><span class='avia_hidden_link_text'>Compartir en Facebook<\/span><\/a><\/li><li class='av-share-link av-social-link-twitter' ><a target=\"_blank\" aria-label=\"Compartir en Twitter\" href='https:\/\/twitter.com\/share?text=Condenan%20a%2015%20a%C3%B1os%20de%20presidio%20a%20sujeto%20que%20cometi%C3%B3%20delitos%20sexuales%20en%20contra%20de%20su%20hija%20desde%20los%207%20a%C3%B1os%20de%20edad&#038;url=https:\/\/radiorevelacionfm.cl\/?p=49976' aria-hidden='false' data-av_icon='\ue8f1' data-av_iconfont='entypo-fontello' title='' data-avia-related-tooltip='Compartir en Twitter' rel=\"noopener\"><span class='avia_hidden_link_text'>Compartir en Twitter<\/span><\/a><\/li><li class='av-share-link av-social-link-whatsapp' ><a target=\"_blank\" aria-label=\"Compartir en Whatsapp\" href='https:\/\/api.whatsapp.com\/send?text=https:\/\/radiorevelacionfm.cl\/?p=49976' aria-hidden='false' data-av_icon='\uf232' data-av_iconfont='entypo-fontello' title='' data-avia-related-tooltip='Compartir en Whatsapp' rel=\"noopener\"><span class='avia_hidden_link_text'>Compartir en Whatsapp<\/span><\/a><\/li><li class='av-share-link av-social-link-linkedin' ><a target=\"_blank\" aria-label=\"Compartir en LinkedIn\" href='https:\/\/linkedin.com\/shareArticle?mini=true&#038;title=Condenan%20a%2015%20a%C3%B1os%20de%20presidio%20a%20sujeto%20que%20cometi%C3%B3%20delitos%20sexuales%20en%20contra%20de%20su%20hija%20desde%20los%207%20a%C3%B1os%20de%20edad&#038;url=https:\/\/radiorevelacionfm.cl\/?p=49976' aria-hidden='false' data-av_icon='\ue8fc' data-av_iconfont='entypo-fontello' title='' data-avia-related-tooltip='Compartir en LinkedIn' rel=\"noopener\"><span class='avia_hidden_link_text'>Compartir en LinkedIn<\/span><\/a><\/li><li class='av-share-link av-social-link-mail' ><a  aria-label=\"Compartir por correo\" href='mailto:?subject=Condenan%20a%2015%20a%C3%B1os%20de%20presidio%20a%20sujeto%20que%20cometi%C3%B3%20delitos%20sexuales%20en%20contra%20de%20su%20hija%20desde%20los%207%20a%C3%B1os%20de%20edad&#038;body=https:\/\/radiorevelacionfm.cl\/?p=49976' aria-hidden='false' data-av_icon='\ue805' data-av_iconfont='entypo-fontello' title='' data-avia-related-tooltip='Compartir por correo'><span class='avia_hidden_link_text'>Compartir por correo<\/span><\/a><\/li><\/ul><\/div><\/div>\n<div  style='height:50px' class='hr hr-invisible   avia-builder-el-8  el_after_av_social_share  el_before_av_comments_list '><span class='hr-inner ' ><span class='hr-inner-style'><\/span><\/span><\/div>\n<div  class='av-buildercomment  av-blog-meta-html-info-disabled av-blog-meta-tag-disabled  '><\/div>\n","protected":false},"excerpt":{"rendered":"","protected":false},"author":1,"featured_media":44317,"comment_status":"open","ping_status":"open","sticky":false,"template":"","format":"standard","meta":{"footnotes":""},"categories":[55],"tags":[],"class_list":["post-49976","post","type-post","status-publish","format-standard","has-post-thumbnail","hentry","category-justicia"],"jetpack_featured_media_url":"https:\/\/radiorevelacionfm.cl\/wp-content\/uploads\/2024\/07\/Esposado-delito-1-1.jpeg","_links":{"self":[{"href":"https:\/\/radiorevelacionfm.cl\/index.php?rest_route=\/wp\/v2\/posts\/49976","targetHints":{"allow":["GET"]}}],"collection":[{"href":"https:\/\/radiorevelacionfm.cl\/index.php?rest_route=\/wp\/v2\/posts"}],"about":[{"href":"https:\/\/radiorevelacionfm.cl\/index.php?rest_route=\/wp\/v2\/types\/post"}],"author":[{"embeddable":true,"href":"https:\/\/radiorevelacionfm.cl\/index.php?rest_route=\/wp\/v2\/users\/1"}],"replies":[{"embeddable":true,"href":"https:\/\/radiorevelacionfm.cl\/index.php?rest_route=%2Fwp%2Fv2%2Fcomments&post=49976"}],"version-history":[{"count":2,"href":"https:\/\/radiorevelacionfm.cl\/index.php?rest_route=\/wp\/v2\/posts\/49976\/revisions"}],"predecessor-version":[{"id":49984,"href":"https:\/\/radiorevelacionfm.cl\/index.php?rest_route=\/wp\/v2\/posts\/49976\/revisions\/49984"}],"wp:featuredmedia":[{"embeddable":true,"href":"https:\/\/radiorevelacionfm.cl\/index.php?rest_route=\/wp\/v2\/media\/44317"}],"wp:attachment":[{"href":"https:\/\/radiorevelacionfm.cl\/index.php?rest_route=%2Fwp%2Fv2%2Fmedia&parent=49976"}],"wp:term":[{"taxonomy":"category","embeddable":true,"href":"https:\/\/radiorevelacionfm.cl\/index.php?rest_route=%2Fwp%2Fv2%2Fcategories&post=49976"},{"taxonomy":"post_tag","embeddable":true,"href":"https:\/\/radiorevelacionfm.cl\/index.php?rest_route=%2Fwp%2Fv2%2Ftags&post=49976"}],"curies":[{"name":"wp","href":"https:\/\/api.w.org\/{rel}","templated":true}]}}