{"id":49973,"date":"2025-01-23T18:29:36","date_gmt":"2025-01-23T21:29:36","guid":{"rendered":"https:\/\/radiorevelacionfm.cl\/?p=49973"},"modified":"2025-01-23T18:29:36","modified_gmt":"2025-01-23T21:29:36","slug":"recuerdos-y-alegria-en-la-comunidad-por-demolicion-de-antiguo-edificio-que-dara-paso-al-cft-estatal-de-aysen","status":"publish","type":"post","link":"https:\/\/radiorevelacionfm.cl\/?p=49973","title":{"rendered":"Recuerdos y alegr\u00eda en la comunidad por demolici\u00f3n de antiguo edificio que dar\u00e1 paso al CFT Estatal de Ays\u00e9n"},"content":{"rendered":"<div class=\"flex_column av_one_full  flex_column_div av-zero-column-padding first  avia-builder-el-0  el_before_av_one_full  avia-builder-el-first  \" style='border-radius:0px; '><div  class='avia-image-container  av-styling-    avia-builder-el-1  avia-builder-el-no-sibling  avia-align-center '  itemprop=\"image\" itemscope=\"itemscope\" itemtype=\"https:\/\/schema.org\/ImageObject\"  ><div class='avia-image-container-inner'><div class='avia-image-overlay-wrap'><img decoding=\"async\" class='wp-image-49974 avia-img-lazy-loading-not-49974 avia_image' src=\"https:\/\/radiorevelacionfm.cl\/wp-content\/uploads\/2025\/01\/edificio-1-1_optimized-1.jpg\" alt='' title='edificio-1-(1)_optimized (1)' height=\"600\" width=\"1067\"  itemprop=\"thumbnailUrl\" srcset=\"https:\/\/radiorevelacionfm.cl\/wp-content\/uploads\/2025\/01\/edificio-1-1_optimized-1.jpg 1067w, https:\/\/radiorevelacionfm.cl\/wp-content\/uploads\/2025\/01\/edificio-1-1_optimized-1-300x169.jpg 300w, https:\/\/radiorevelacionfm.cl\/wp-content\/uploads\/2025\/01\/edificio-1-1_optimized-1-1030x579.jpg 1030w, https:\/\/radiorevelacionfm.cl\/wp-content\/uploads\/2025\/01\/edificio-1-1_optimized-1-768x432.jpg 768w, https:\/\/radiorevelacionfm.cl\/wp-content\/uploads\/2025\/01\/edificio-1-1_optimized-1-705x396.jpg 705w, https:\/\/radiorevelacionfm.cl\/wp-content\/uploads\/2025\/01\/edificio-1-1_optimized-1-450x253.jpg 450w, https:\/\/radiorevelacionfm.cl\/wp-content\/uploads\/2025\/01\/edificio-1-1_optimized-1-600x337.jpg 600w\" sizes=\"(max-width: 1067px) 100vw, 1067px\" \/><\/div><\/div><\/div><\/div><div class=\"flex_column av_one_full  flex_column_div av-zero-column-padding first  avia-builder-el-2  el_after_av_one_full  el_before_av_one_full  column-top-margin\" style='border-radius:0px; '><section class=\"av_textblock_section \"  itemscope=\"itemscope\" itemtype=\"https:\/\/schema.org\/BlogPosting\" itemprop=\"blogPost\" ><div class='avia_textblock  '   itemprop=\"text\" ><p style=\"text-align: center;\"><strong><span style=\"font-size: 18pt;\">Recuerdos y alegr\u00eda en la comunidad por demolici\u00f3n de antiguo edificio que dar\u00e1 paso al CFT Estatal de Ays\u00e9n<\/span><\/strong><\/p>\n<div id=\"gtx-trans\" style=\"position: absolute; left: -50px; top: 4.31534px;\">\n<div class=\"gtx-trans-icon\"><\/div>\n<\/div>\n<\/div><\/section><\/div><div class=\"flex_column av_one_full  flex_column_div av-zero-column-padding first  avia-builder-el-4  el_after_av_one_full  el_before_av_hr  column-top-margin\" style='border-radius:0px; '><section class=\"av_textblock_section \"  itemscope=\"itemscope\" itemtype=\"https:\/\/schema.org\/BlogPosting\" itemprop=\"blogPost\" ><div class='avia_textblock  '   itemprop=\"text\" ><p style=\"text-align: justify;\"><em>Historias como el primer canal de televisi\u00f3n local, una emisora fm que transmiti\u00f3 desde el lugar, servicios p\u00fablicos como Conaf, Sernapesca, Injuv, entre otros, estuvieron en el antiguo edificio de servicios p\u00fablicos de Ribera Sur.<\/em><\/p>\n<p style=\"text-align: justify;\">En estos d\u00edas, en que el Centro de Formaci\u00f3n T\u00e9cnica Estatal de Ays\u00e9n, da sus primeros pasos para consolidar su edificio institucional, es imposible que, las autoridades y la comunidad recuerden lo importante que fue el edificio que ha comenzado a demolerse para dar paso a una nueva y moderna estructura que ser\u00e1 parte de la educaci\u00f3n superior en el territorio.<\/p>\n<p style=\"text-align: justify;\">En ese sentido, el alcalde de la comuna de Ays\u00e9n, Luis Mart\u00ednez, afirm\u00f3 que se va una parte de la historia, pero de esta forma la ciudad y el sector Ribera Sur comienza a dar muestras de un crecimiento diferente.<\/p>\n<p style=\"text-align: justify;\">\u201cImportante para Ays\u00e9n, sin lugar a dudas, se va una parte de la historia, pero se renueva por algo mejor, donde se ir\u00e1 a hacer la ense\u00f1anza, un lugar nuevo, un lugar que va a resaltar, as\u00ed que, la ciudad comienza tambi\u00e9n a tener un crecimiento diferente hacia la Ribera Sur. As\u00ed que, estamos muy contentos como municipio, hemos querido estar junto al Concejo Municipal y poder participar de todo lo que se viene, que es demolici\u00f3n del edificio y posterior construcci\u00f3n, as\u00ed que, se nos vienen tiempos maravillosos para nuestra comuna\u201d.<\/p>\n<p style=\"text-align: justify;\">La Consejera Regional, Ximena Novoa, quien tambi\u00e9n es vecina del sector, ex Concejala, recuerda la lucha de la comunidad para lograr el CFT y tambi\u00e9n su orgullo de madre al ser su hija, una de las primeras alumnas y profesional gracias a este centro de formaci\u00f3n t\u00e9cnica, por ello, dijo, \u201cas\u00ed que felices y la primera etapa de un CFT que era muy esperado y muy peleado tambi\u00e9n por la comunidad para poder tenerlo aqu\u00ed y ya con su infraestructura nueva. As\u00ed que, esperar que salga todo bien y que tengamos un hermoso edificio aqu\u00ed en Ribera Sur. Este fue un trabajo arduo mientras fui concejal, se comenzaron a presentar los proyectos, que era lo que tra\u00eda el CFT, ver las carreras. Adem\u00e1s, hay un trabajo desde mucho antes con el rector y con todo su equipo, sin dejar de destacar una experiencia personal, ya que, mi hija fue una de las primeras en estudiar en este centro formaci\u00f3n t\u00e9cnica\u201d.<\/p>\n<p style=\"text-align: justify;\">Si hablamos de quienes comenzaron junto al CFT Estatal de la regi\u00f3n de Ays\u00e9n, Cecilia Mayorga, fue la primera alumna matriculada en este recinto educativo. Por ello, conoce muy bien el trabajo del equipo y de quien lidera el centro de formaci\u00f3n t\u00e9cnica.<\/p>\n<p style=\"text-align: justify;\">\u201cFui la primera matr\u00edcula del CFT estatal y feliz con una carrera terminada y obviamente impulsando a la gente que sea parte, que se queden aqu\u00ed en su tierra, que se queden estudiando ac\u00e1, vienen muchas carreras. Estamos muy contentos y muy agradecidos de nuestro rector don V\u00edctor Hugo \u00c1lvarez, quien ha sido parte sumamente importante y quien ha creado estos cimientos para ir creciendo. Si bien cuando se construye un edificio nuevo, una dependencia nueva, son muchos los pilares que hay que levantar, pero nosotros tenemos al mejor pilar como es don V\u00edctor Hugo \u00c1lvarez, quien ha logrado ser escuchado, quien ha logrado que todo esto sea realidad. As\u00ed que el pilar fundamental de nuestros CFT es V\u00edctor Hugo \u00c1lvarez y por supuesto el personal, las autoridades de turno que en su momento apoyaron y quienes est\u00e1n apoyando ahora, as\u00ed que much\u00edsimas gracias a todos, quienes est\u00e1n logrando esto tan bonito, tan requerido y tan so\u00f1ado en nuestro querido Ays\u00e9n\u201d.<\/p>\n<p style=\"text-align: justify;\">Irene C\u00e1rcamo, es una vecina, artesana y esposa un fallecido t\u00e9cnico electr\u00f3nico de Puerto Ays\u00e9n, quien participo en el primer canal de televisi\u00f3n que se instal\u00f3 precisamente en el antiguo edificio de Ribera Sur. Por ello, el sector guarda un emotivo recuerdo para ella, pero conf\u00eda en que el nuevo recinto se convertir\u00e1 en una gran oportunidad, por ejemplo, para sus nietos. \u201cUna alegr\u00eda porque ah\u00ed van a estudiar probablemente mis nietos sino pueden salir a estudiar afuera, van a tener donde estudiar, porque tengo mi nieta de 3 a\u00f1os, otra de 6 a\u00f1os, ellos quiz\u00e1s el d\u00eda de ma\u00f1ana van a ser estudiantes de este recinto. Con los a\u00f1os que ya tengo, esto me da tremenda alegr\u00eda, porque al futuro se ven cosas buenas\u201d.<\/p>\n<p style=\"text-align: justify;\">Destacar tambi\u00e9n que, en la ceremonia de inicio de las obras para la construcci\u00f3n del edificio institucional del centro de formaci\u00f3n t\u00e9cnica hubo presencia de dos hist\u00f3ricos, conocidos y queridos m\u00fasicos de Puerto Ays\u00e9n, Hern\u00e1n Villegas y Fabi\u00e1n Vidal, quienes interpretaron canciones alusivas a la zona y de compositores regionales.<\/p>\n<p style=\"text-align: justify;\">Historias como el primer canal de televisi\u00f3n local, una emisora fm que transmiti\u00f3 desde el lugar, servicios p\u00fablicos como Conaf, Sernapesca, Injuv, entre otros, estuvieron en el antiguo edificio de servicios p\u00fablicos de Ribera Sur, que, para la comunidad junto con guardar gratos recuerdos, validan que en ese lugar se comience a trabajar para un edificio que tendr\u00e1 como fin principal la educaci\u00f3n superior a trav\u00e9s del CFT Estatal de la regi\u00f3n de Ays\u00e9n.<\/p>\n<\/div><\/section><\/div><div  style='height:50px' class='hr hr-invisible   avia-builder-el-6  el_after_av_one_full  el_before_av_social_share '><span class='hr-inner ' ><span class='hr-inner-style'><\/span><\/span><\/div><\/p>\n<div  class='av-social-sharing-box  avia-builder-el-7  el_after_av_hr  el_before_av_hr  '><div class='av-share-box'><h5 class='av-share-link-description av-no-toc '>Compartir esta noticia<\/h5><ul class='av-share-box-list noLightbox'><li class='av-share-link av-social-link-facebook' ><a target=\"_blank\" aria-label=\"Compartir en Facebook\" href='https:\/\/www.facebook.com\/sharer.php?u=https:\/\/radiorevelacionfm.cl\/?p=49973&#038;t=Recuerdos%20y%20alegr%C3%ADa%20en%20la%20comunidad%20por%20demolici%C3%B3n%20de%20antiguo%20edificio%20que%20dar%C3%A1%20paso%20al%20CFT%20Estatal%20de%20Ays%C3%A9n' aria-hidden='false' data-av_icon='\ue8f3' data-av_iconfont='entypo-fontello' title='' data-avia-related-tooltip='Compartir en Facebook' rel=\"noopener\"><span class='avia_hidden_link_text'>Compartir en Facebook<\/span><\/a><\/li><li class='av-share-link av-social-link-twitter' ><a target=\"_blank\" aria-label=\"Compartir en Twitter\" href='https:\/\/twitter.com\/share?text=Recuerdos%20y%20alegr%C3%ADa%20en%20la%20comunidad%20por%20demolici%C3%B3n%20de%20antiguo%20edificio%20que%20dar%C3%A1%20paso%20al%20CFT%20Estatal%20de%20Ays%C3%A9n&#038;url=https:\/\/radiorevelacionfm.cl\/?p=49973' aria-hidden='false' data-av_icon='\ue8f1' data-av_iconfont='entypo-fontello' title='' data-avia-related-tooltip='Compartir en Twitter' rel=\"noopener\"><span class='avia_hidden_link_text'>Compartir en Twitter<\/span><\/a><\/li><li class='av-share-link av-social-link-whatsapp' ><a target=\"_blank\" aria-label=\"Compartir en Whatsapp\" href='https:\/\/api.whatsapp.com\/send?text=https:\/\/radiorevelacionfm.cl\/?p=49973' aria-hidden='false' data-av_icon='\uf232' data-av_iconfont='entypo-fontello' title='' data-avia-related-tooltip='Compartir en Whatsapp' rel=\"noopener\"><span class='avia_hidden_link_text'>Compartir en Whatsapp<\/span><\/a><\/li><li class='av-share-link av-social-link-linkedin' ><a target=\"_blank\" aria-label=\"Compartir en LinkedIn\" href='https:\/\/linkedin.com\/shareArticle?mini=true&#038;title=Recuerdos%20y%20alegr%C3%ADa%20en%20la%20comunidad%20por%20demolici%C3%B3n%20de%20antiguo%20edificio%20que%20dar%C3%A1%20paso%20al%20CFT%20Estatal%20de%20Ays%C3%A9n&#038;url=https:\/\/radiorevelacionfm.cl\/?p=49973' aria-hidden='false' data-av_icon='\ue8fc' data-av_iconfont='entypo-fontello' title='' data-avia-related-tooltip='Compartir en LinkedIn' rel=\"noopener\"><span class='avia_hidden_link_text'>Compartir en LinkedIn<\/span><\/a><\/li><li class='av-share-link av-social-link-mail' ><a  aria-label=\"Compartir por correo\" href='mailto:?subject=Recuerdos%20y%20alegr%C3%ADa%20en%20la%20comunidad%20por%20demolici%C3%B3n%20de%20antiguo%20edificio%20que%20dar%C3%A1%20paso%20al%20CFT%20Estatal%20de%20Ays%C3%A9n&#038;body=https:\/\/radiorevelacionfm.cl\/?p=49973' aria-hidden='false' data-av_icon='\ue805' data-av_iconfont='entypo-fontello' title='' data-avia-related-tooltip='Compartir por correo'><span class='avia_hidden_link_text'>Compartir por correo<\/span><\/a><\/li><\/ul><\/div><\/div>\n<div  style='height:50px' class='hr hr-invisible   avia-builder-el-8  el_after_av_social_share  el_before_av_comments_list '><span class='hr-inner ' ><span class='hr-inner-style'><\/span><\/span><\/div>\n<div  class='av-buildercomment  av-blog-meta-html-info-disabled av-blog-meta-tag-disabled  '><\/div>\n","protected":false},"excerpt":{"rendered":"","protected":false},"author":1,"featured_media":49974,"comment_status":"open","ping_status":"open","sticky":false,"template":"","format":"standard","meta":{"footnotes":""},"categories":[38],"tags":[],"class_list":["post-49973","post","type-post","status-publish","format-standard","has-post-thumbnail","hentry","category-regional"],"jetpack_featured_media_url":"https:\/\/radiorevelacionfm.cl\/wp-content\/uploads\/2025\/01\/edificio-1-1_optimized-1.jpg","_links":{"self":[{"href":"https:\/\/radiorevelacionfm.cl\/index.php?rest_route=\/wp\/v2\/posts\/49973","targetHints":{"allow":["GET"]}}],"collection":[{"href":"https:\/\/radiorevelacionfm.cl\/index.php?rest_route=\/wp\/v2\/posts"}],"about":[{"href":"https:\/\/radiorevelacionfm.cl\/index.php?rest_route=\/wp\/v2\/types\/post"}],"author":[{"embeddable":true,"href":"https:\/\/radiorevelacionfm.cl\/index.php?rest_route=\/wp\/v2\/users\/1"}],"replies":[{"embeddable":true,"href":"https:\/\/radiorevelacionfm.cl\/index.php?rest_route=%2Fwp%2Fv2%2Fcomments&post=49973"}],"version-history":[{"count":1,"href":"https:\/\/radiorevelacionfm.cl\/index.php?rest_route=\/wp\/v2\/posts\/49973\/revisions"}],"predecessor-version":[{"id":49975,"href":"https:\/\/radiorevelacionfm.cl\/index.php?rest_route=\/wp\/v2\/posts\/49973\/revisions\/49975"}],"wp:featuredmedia":[{"embeddable":true,"href":"https:\/\/radiorevelacionfm.cl\/index.php?rest_route=\/wp\/v2\/media\/49974"}],"wp:attachment":[{"href":"https:\/\/radiorevelacionfm.cl\/index.php?rest_route=%2Fwp%2Fv2%2Fmedia&parent=49973"}],"wp:term":[{"taxonomy":"category","embeddable":true,"href":"https:\/\/radiorevelacionfm.cl\/index.php?rest_route=%2Fwp%2Fv2%2Fcategories&post=49973"},{"taxonomy":"post_tag","embeddable":true,"href":"https:\/\/radiorevelacionfm.cl\/index.php?rest_route=%2Fwp%2Fv2%2Ftags&post=49973"}],"curies":[{"name":"wp","href":"https:\/\/api.w.org\/{rel}","templated":true}]}}