{"id":49970,"date":"2025-01-24T14:46:49","date_gmt":"2025-01-24T17:46:49","guid":{"rendered":"https:\/\/radiorevelacionfm.cl\/?p=49970"},"modified":"2025-01-24T14:46:49","modified_gmt":"2025-01-24T17:46:49","slug":"en-lago-verde-instalan-piscina-de-40mil-litros-para-el-combate-de-incendios-forestales","status":"publish","type":"post","link":"https:\/\/radiorevelacionfm.cl\/?p=49970","title":{"rendered":"En Lago Verde instalan piscina de 40mil litros para el combate de incendios forestales"},"content":{"rendered":"<div class=\"flex_column av_one_full  flex_column_div av-zero-column-padding first  avia-builder-el-0  el_before_av_one_full  avia-builder-el-first  \" style='border-radius:0px; '><div  class='avia-image-container  av-styling-    avia-builder-el-1  avia-builder-el-no-sibling  avia-align-center '  itemprop=\"image\" itemscope=\"itemscope\" itemtype=\"https:\/\/schema.org\/ImageObject\"  ><div class='avia-image-container-inner'><div class='avia-image-overlay-wrap'><img decoding=\"async\" class='wp-image-49971 avia-img-lazy-loading-not-49971 avia_image' src=\"https:\/\/radiorevelacionfm.cl\/wp-content\/uploads\/2025\/01\/conaf-23-01-2025-3-1_optimized.jpg\" alt='' title='conaf-23-01-2025-3-(1)_optimized' height=\"600\" width=\"1067\"  itemprop=\"thumbnailUrl\" srcset=\"https:\/\/radiorevelacionfm.cl\/wp-content\/uploads\/2025\/01\/conaf-23-01-2025-3-1_optimized.jpg 1067w, https:\/\/radiorevelacionfm.cl\/wp-content\/uploads\/2025\/01\/conaf-23-01-2025-3-1_optimized-300x169.jpg 300w, https:\/\/radiorevelacionfm.cl\/wp-content\/uploads\/2025\/01\/conaf-23-01-2025-3-1_optimized-1030x579.jpg 1030w, https:\/\/radiorevelacionfm.cl\/wp-content\/uploads\/2025\/01\/conaf-23-01-2025-3-1_optimized-768x432.jpg 768w, https:\/\/radiorevelacionfm.cl\/wp-content\/uploads\/2025\/01\/conaf-23-01-2025-3-1_optimized-705x396.jpg 705w, https:\/\/radiorevelacionfm.cl\/wp-content\/uploads\/2025\/01\/conaf-23-01-2025-3-1_optimized-450x253.jpg 450w, https:\/\/radiorevelacionfm.cl\/wp-content\/uploads\/2025\/01\/conaf-23-01-2025-3-1_optimized-600x337.jpg 600w\" sizes=\"(max-width: 1067px) 100vw, 1067px\" \/><\/div><\/div><\/div><\/div><div class=\"flex_column av_one_full  flex_column_div av-zero-column-padding first  avia-builder-el-2  el_after_av_one_full  el_before_av_one_full  column-top-margin\" style='border-radius:0px; '><section class=\"av_textblock_section \"  itemscope=\"itemscope\" itemtype=\"https:\/\/schema.org\/BlogPosting\" itemprop=\"blogPost\" ><div class='avia_textblock  '   itemprop=\"text\" ><p style=\"text-align: center;\"><strong><span style=\"font-size: 18pt;\">En Lago Verde instalan piscina de 40mil litros para el combate de incendios forestales<\/span><\/strong><\/p>\n<div id=\"gtx-trans\" style=\"position: absolute; left: -50px; top: 4.31534px;\">\n<div class=\"gtx-trans-icon\"><\/div>\n<\/div>\n<\/div><\/section><\/div><div class=\"flex_column av_one_full  flex_column_div av-zero-column-padding first  avia-builder-el-4  el_after_av_one_full  el_before_av_hr  column-top-margin\" style='border-radius:0px; '><section class=\"av_textblock_section \"  itemscope=\"itemscope\" itemtype=\"https:\/\/schema.org\/BlogPosting\" itemprop=\"blogPost\" ><div class='avia_textblock  '   itemprop=\"text\" ><p style=\"text-align: justify;\"><em>En la medialuna de la comuna se instal\u00f3 una piscina autosoportante que estar\u00e1 operativa hasta mayo.\u00a0<\/em><\/p>\n<p style=\"text-align: justify;\">Con la finalidad de estar preparados para el periodo de mayor ocurrencia de incendios forestales es que se dispuso de una piscina autosoportante de 40mil litros de agua en el sector de la medialuna con el objetivo de abastecer r\u00e1pidamente a los helic\u00f3pteros que combaten los incendios en la regi\u00f3n de Ays\u00e9n.<\/p>\n<p style=\"text-align: justify;\">La instalaci\u00f3n de esta piscina es parte del trabajo que se ha realizado en conjunto con los habitantes de la comuna donde se ha fortalecido la metodolog\u00eda de comunidad preparada, \u00a0la que tiene como objetivo capacitar a las personas para disminuir el riesgo y peligro frente a alguna amenaza.<\/p>\n<p style=\"text-align: justify;\">El director regional de CONAF, Ronald Valenzuela destac\u00f3 que\u00a0<em>\u00abla instalaci\u00f3n de esta piscina es el resultado del trabajo colaborativo entre la Corporaci\u00f3n y la Municipalidad de Lago Verde. Esta iniciativa forma parte del programa comunidad preparada, que busca entregar herramientas y conocimientos a los vecinos de la zona para fortalecer la prevenci\u00f3n y mitigaci\u00f3n de incendios forestales.<\/em><\/p>\n<p style=\"text-align: justify;\">Valenzuela explic\u00f3 que la piscina es autosoportante y su ubicaci\u00f3n estrat\u00e9gica permitir\u00e1 mejorar la respuesta en el combate de incendios forestales.<em>\u00a0\u00abEsta comuna es considerada cr\u00edtica y esperamos no utilizarla, por eso, la prevenci\u00f3n y el trabajo responsable de la comunidad es fundamental. Es importante recordar que en 99.7% de los incendios forestales son provocados por acciones humanas, por lo que es responsabilidad de todos y todas cuidar la regi\u00f3n.\u00bb\u00a0<\/em><\/p>\n<p style=\"text-align: justify;\">Esta instalaci\u00f3n cont\u00f3 con la colaboraci\u00f3n de la brigada de La Junta quienes cooperaron con el llenado a trav\u00e9s de motobombas de alta presi\u00f3n las que son utilizadas para abastecer estos recursos y combatir de manera directa los siniestros.<\/p>\n<p style=\"text-align: justify;\">La instalaci\u00f3n de este estanque autosoportante es gracias al convenio colaborativo interinstitucional y permanecer\u00e1 operativo en la localidad hasta la primera semana de mayo, \u00e9poca donde disminuye la ocurrencia de incendios forestales en la regi\u00f3n de Ays\u00e9n.<\/p>\n<\/div><\/section><\/div><div  style='height:50px' class='hr hr-invisible   avia-builder-el-6  el_after_av_one_full  el_before_av_social_share '><span class='hr-inner ' ><span class='hr-inner-style'><\/span><\/span><\/div><\/p>\n<div  class='av-social-sharing-box  avia-builder-el-7  el_after_av_hr  el_before_av_hr  '><div class='av-share-box'><h5 class='av-share-link-description av-no-toc '>Compartir esta noticia<\/h5><ul class='av-share-box-list noLightbox'><li class='av-share-link av-social-link-facebook' ><a target=\"_blank\" aria-label=\"Compartir en Facebook\" href='https:\/\/www.facebook.com\/sharer.php?u=https:\/\/radiorevelacionfm.cl\/?p=49970&#038;t=En%20Lago%20Verde%20instalan%20piscina%20de%2040mil%20litros%20para%20el%20combate%20de%20incendios%20forestales' aria-hidden='false' data-av_icon='\ue8f3' data-av_iconfont='entypo-fontello' title='' data-avia-related-tooltip='Compartir en Facebook' rel=\"noopener\"><span class='avia_hidden_link_text'>Compartir en Facebook<\/span><\/a><\/li><li class='av-share-link av-social-link-twitter' ><a target=\"_blank\" aria-label=\"Compartir en Twitter\" href='https:\/\/twitter.com\/share?text=En%20Lago%20Verde%20instalan%20piscina%20de%2040mil%20litros%20para%20el%20combate%20de%20incendios%20forestales&#038;url=https:\/\/radiorevelacionfm.cl\/?p=49970' aria-hidden='false' data-av_icon='\ue8f1' data-av_iconfont='entypo-fontello' title='' data-avia-related-tooltip='Compartir en Twitter' rel=\"noopener\"><span class='avia_hidden_link_text'>Compartir en Twitter<\/span><\/a><\/li><li class='av-share-link av-social-link-whatsapp' ><a target=\"_blank\" aria-label=\"Compartir en Whatsapp\" href='https:\/\/api.whatsapp.com\/send?text=https:\/\/radiorevelacionfm.cl\/?p=49970' aria-hidden='false' data-av_icon='\uf232' data-av_iconfont='entypo-fontello' title='' data-avia-related-tooltip='Compartir en Whatsapp' rel=\"noopener\"><span class='avia_hidden_link_text'>Compartir en Whatsapp<\/span><\/a><\/li><li class='av-share-link av-social-link-linkedin' ><a target=\"_blank\" aria-label=\"Compartir en LinkedIn\" href='https:\/\/linkedin.com\/shareArticle?mini=true&#038;title=En%20Lago%20Verde%20instalan%20piscina%20de%2040mil%20litros%20para%20el%20combate%20de%20incendios%20forestales&#038;url=https:\/\/radiorevelacionfm.cl\/?p=49970' aria-hidden='false' data-av_icon='\ue8fc' data-av_iconfont='entypo-fontello' title='' data-avia-related-tooltip='Compartir en LinkedIn' rel=\"noopener\"><span class='avia_hidden_link_text'>Compartir en LinkedIn<\/span><\/a><\/li><li class='av-share-link av-social-link-mail' ><a  aria-label=\"Compartir por correo\" href='mailto:?subject=En%20Lago%20Verde%20instalan%20piscina%20de%2040mil%20litros%20para%20el%20combate%20de%20incendios%20forestales&#038;body=https:\/\/radiorevelacionfm.cl\/?p=49970' aria-hidden='false' data-av_icon='\ue805' data-av_iconfont='entypo-fontello' title='' data-avia-related-tooltip='Compartir por correo'><span class='avia_hidden_link_text'>Compartir por correo<\/span><\/a><\/li><\/ul><\/div><\/div>\n<div  style='height:50px' class='hr hr-invisible   avia-builder-el-8  el_after_av_social_share  el_before_av_comments_list '><span class='hr-inner ' ><span class='hr-inner-style'><\/span><\/span><\/div>\n<div  class='av-buildercomment  av-blog-meta-html-info-disabled av-blog-meta-tag-disabled  '><\/div>\n","protected":false},"excerpt":{"rendered":"","protected":false},"author":1,"featured_media":49971,"comment_status":"open","ping_status":"open","sticky":false,"template":"","format":"standard","meta":{"footnotes":""},"categories":[38],"tags":[],"class_list":["post-49970","post","type-post","status-publish","format-standard","has-post-thumbnail","hentry","category-regional"],"jetpack_featured_media_url":"https:\/\/radiorevelacionfm.cl\/wp-content\/uploads\/2025\/01\/conaf-23-01-2025-3-1_optimized.jpg","_links":{"self":[{"href":"https:\/\/radiorevelacionfm.cl\/index.php?rest_route=\/wp\/v2\/posts\/49970","targetHints":{"allow":["GET"]}}],"collection":[{"href":"https:\/\/radiorevelacionfm.cl\/index.php?rest_route=\/wp\/v2\/posts"}],"about":[{"href":"https:\/\/radiorevelacionfm.cl\/index.php?rest_route=\/wp\/v2\/types\/post"}],"author":[{"embeddable":true,"href":"https:\/\/radiorevelacionfm.cl\/index.php?rest_route=\/wp\/v2\/users\/1"}],"replies":[{"embeddable":true,"href":"https:\/\/radiorevelacionfm.cl\/index.php?rest_route=%2Fwp%2Fv2%2Fcomments&post=49970"}],"version-history":[{"count":1,"href":"https:\/\/radiorevelacionfm.cl\/index.php?rest_route=\/wp\/v2\/posts\/49970\/revisions"}],"predecessor-version":[{"id":49972,"href":"https:\/\/radiorevelacionfm.cl\/index.php?rest_route=\/wp\/v2\/posts\/49970\/revisions\/49972"}],"wp:featuredmedia":[{"embeddable":true,"href":"https:\/\/radiorevelacionfm.cl\/index.php?rest_route=\/wp\/v2\/media\/49971"}],"wp:attachment":[{"href":"https:\/\/radiorevelacionfm.cl\/index.php?rest_route=%2Fwp%2Fv2%2Fmedia&parent=49970"}],"wp:term":[{"taxonomy":"category","embeddable":true,"href":"https:\/\/radiorevelacionfm.cl\/index.php?rest_route=%2Fwp%2Fv2%2Fcategories&post=49970"},{"taxonomy":"post_tag","embeddable":true,"href":"https:\/\/radiorevelacionfm.cl\/index.php?rest_route=%2Fwp%2Fv2%2Ftags&post=49970"}],"curies":[{"name":"wp","href":"https:\/\/api.w.org\/{rel}","templated":true}]}}