{"id":49920,"date":"2025-02-17T10:34:34","date_gmt":"2025-02-17T13:34:34","guid":{"rendered":"https:\/\/radiorevelacionfm.cl\/?p=49920"},"modified":"2025-02-17T10:34:34","modified_gmt":"2025-02-17T13:34:34","slug":"la-depresion-infantil-una-realidad-que-no-podemos-ignorar","status":"publish","type":"post","link":"https:\/\/radiorevelacionfm.cl\/?p=49920","title":{"rendered":"\u00abLa depresi\u00f3n infantil: una realidad que no podemos ignorar\u00bb"},"content":{"rendered":"<div class=\"flex_column av_one_full  flex_column_div av-zero-column-padding first  avia-builder-el-0  el_before_av_one_full  avia-builder-el-first  \" style='border-radius:0px; '><div  class='avia-image-container  av-styling-    avia-builder-el-1  avia-builder-el-no-sibling  avia-align-center '  itemprop=\"image\" itemscope=\"itemscope\" itemtype=\"https:\/\/schema.org\/ImageObject\"  ><div class='avia-image-container-inner'><div class='avia-image-overlay-wrap'><img decoding=\"async\" class='wp-image-49921 avia-img-lazy-loading-not-49921 avia_image' src=\"https:\/\/radiorevelacionfm.cl\/wp-content\/uploads\/2025\/01\/adobestock_274221835-1-1_optimized-1.jpeg\" alt='' title='adobestock_274221835-(1)-(1)_optimized (1)' height=\"600\" width=\"900\"  itemprop=\"thumbnailUrl\" srcset=\"https:\/\/radiorevelacionfm.cl\/wp-content\/uploads\/2025\/01\/adobestock_274221835-1-1_optimized-1.jpeg 900w, https:\/\/radiorevelacionfm.cl\/wp-content\/uploads\/2025\/01\/adobestock_274221835-1-1_optimized-1-300x200.jpeg 300w, https:\/\/radiorevelacionfm.cl\/wp-content\/uploads\/2025\/01\/adobestock_274221835-1-1_optimized-1-768x512.jpeg 768w, https:\/\/radiorevelacionfm.cl\/wp-content\/uploads\/2025\/01\/adobestock_274221835-1-1_optimized-1-705x470.jpeg 705w, https:\/\/radiorevelacionfm.cl\/wp-content\/uploads\/2025\/01\/adobestock_274221835-1-1_optimized-1-450x300.jpeg 450w, https:\/\/radiorevelacionfm.cl\/wp-content\/uploads\/2025\/01\/adobestock_274221835-1-1_optimized-1-600x400.jpeg 600w\" sizes=\"(max-width: 900px) 100vw, 900px\" \/><\/div><\/div><\/div><\/div><div class=\"flex_column av_one_full  flex_column_div av-zero-column-padding first  avia-builder-el-2  el_after_av_one_full  el_before_av_one_full  column-top-margin\" style='border-radius:0px; '><section class=\"av_textblock_section \"  itemscope=\"itemscope\" itemtype=\"https:\/\/schema.org\/BlogPosting\" itemprop=\"blogPost\" ><div class='avia_textblock  '   itemprop=\"text\" ><p style=\"text-align: center;\"><strong><span style=\"font-size: 18pt;\">\u00abLa depresi\u00f3n infantil: una realidad que no podemos ignorar\u00bb<\/span><\/strong><\/p>\n<div id=\"gtx-trans\" style=\"position: absolute; left: -50px; top: 4.31534px;\">\n<div class=\"gtx-trans-icon\"><\/div>\n<\/div>\n<\/div><\/section><\/div><div class=\"flex_column av_one_full  flex_column_div av-zero-column-padding first  avia-builder-el-4  el_after_av_one_full  el_before_av_hr  column-top-margin\" style='border-radius:0px; '><section class=\"av_textblock_section \"  itemscope=\"itemscope\" itemtype=\"https:\/\/schema.org\/BlogPosting\" itemprop=\"blogPost\" ><div class='avia_textblock  '   itemprop=\"text\" ><p style=\"text-align: justify;\">El periodo de vacaciones lo relacionamos con tiempos de disfrute y descanso, sin embargo, no siempre es as\u00ed. Diversos factores pueden impactar negativamente el bienestar de los ni\u00f1os y ni\u00f1as, por lo que es importante estar atentos a sus conductas y algunas se\u00f1ales que nos pueden alertar sobre problem\u00e1ticas a nivel de salud mental.<\/p>\n<p style=\"text-align: justify;\">Uno de los diagn\u00f3sticos que se puede presentar, es la depresi\u00f3n infantil. Esta es una realidad que afecta a un n\u00famero creciente de ni\u00f1os y ni\u00f1as en todo el mundo. Caracterizada por sentimientos persistentes de tristeza, p\u00e9rdida de inter\u00e9s en actividades antes disfrutadas y cambios significativos en el comportamiento, esta condici\u00f3n puede tener un impacto profundo en su desarrollo emocional y social.<\/p>\n<p style=\"text-align: justify;\">Algunas de las se\u00f1ales que puede identificar en los ni\u00f1os y ni\u00f1as con depresi\u00f3n son: tristeza persistente o irritabilidad, p\u00e9rdida de inter\u00e9s en actividades antes disfrutadas, cambios en los h\u00e1bitos alimenticios o del sue\u00f1o, dificultad para concentrarse, sentimientos de inutilidad o culpa, aislamiento social, pensamientos de muerte o suicidio, entre otros.<\/p>\n<p style=\"text-align: justify;\">El entorno tambi\u00e9n puede afectar a los menores y provocar estados de baja energ\u00eda. Los factores de Riesgo puedes ser historia familiar de depresi\u00f3n, estr\u00e9s prolongado en caso de divorcio de los padres o cambios de casa, problemas m\u00e9dicos cr\u00f3nicos, baja autoestima y dificultades en las relaciones Sociales o experiencia de acoso escolar.<\/p>\n<p style=\"text-align: justify;\">El apoyo familiar es un factor clave en la prevenci\u00f3n y el tratamiento de la depresi\u00f3n infantil. Padres, madres y cuidadores pueden desempe\u00f1ar un papel fundamental al mantener espacios de interacci\u00f3n y comunicaci\u00f3n, favorecer la expresi\u00f3n de emociones y que estas sean validadas por los adultos, promover h\u00e1bitos de vida saludables, como una alimentaci\u00f3n equilibrada y suficiente sue\u00f1o.<\/p>\n<p style=\"text-align: justify;\">Dentro de los factores protectores para combatir la depresi\u00f3n, es necesario \u00abambiente familiar c\u00e1lido y seguro, buenas habilidades de autorregulaci\u00f3n, buen apoyo social de amigos y familiares y acceso a servicios de salud mental, as\u00ed como tambi\u00e9n el ejercicio o comenzar a realizar alguna actividad f\u00edsica, ya que ayuda a mantener un mejor estado de \u00e1nimo y reducen el estr\u00e9s. Precis\u00f3 la profesional Andrea Mira, Acad\u00e9mica de la Escuela de Terapia Ocupacional de la Universidad Andr\u00e9s Bello.<\/p>\n<\/div><\/section><\/div><div  style='height:50px' class='hr hr-invisible   avia-builder-el-6  el_after_av_one_full  el_before_av_social_share '><span class='hr-inner ' ><span class='hr-inner-style'><\/span><\/span><\/div><\/p>\n<div  class='av-social-sharing-box  avia-builder-el-7  el_after_av_hr  el_before_av_hr  '><div class='av-share-box'><h5 class='av-share-link-description av-no-toc '>Compartir esta noticia<\/h5><ul class='av-share-box-list noLightbox'><li class='av-share-link av-social-link-facebook' ><a target=\"_blank\" aria-label=\"Compartir en Facebook\" href='https:\/\/www.facebook.com\/sharer.php?u=https:\/\/radiorevelacionfm.cl\/?p=49920&#038;t=%C2%ABLa%20depresi%C3%B3n%20infantil%3A%20una%20realidad%20que%20no%20podemos%20ignorar%C2%BB' aria-hidden='false' data-av_icon='\ue8f3' data-av_iconfont='entypo-fontello' title='' data-avia-related-tooltip='Compartir en Facebook' rel=\"noopener\"><span class='avia_hidden_link_text'>Compartir en Facebook<\/span><\/a><\/li><li class='av-share-link av-social-link-twitter' ><a target=\"_blank\" aria-label=\"Compartir en Twitter\" href='https:\/\/twitter.com\/share?text=%C2%ABLa%20depresi%C3%B3n%20infantil%3A%20una%20realidad%20que%20no%20podemos%20ignorar%C2%BB&#038;url=https:\/\/radiorevelacionfm.cl\/?p=49920' aria-hidden='false' data-av_icon='\ue8f1' data-av_iconfont='entypo-fontello' title='' data-avia-related-tooltip='Compartir en Twitter' rel=\"noopener\"><span class='avia_hidden_link_text'>Compartir en Twitter<\/span><\/a><\/li><li class='av-share-link av-social-link-whatsapp' ><a target=\"_blank\" aria-label=\"Compartir en Whatsapp\" href='https:\/\/api.whatsapp.com\/send?text=https:\/\/radiorevelacionfm.cl\/?p=49920' aria-hidden='false' data-av_icon='\uf232' data-av_iconfont='entypo-fontello' title='' data-avia-related-tooltip='Compartir en Whatsapp' rel=\"noopener\"><span class='avia_hidden_link_text'>Compartir en Whatsapp<\/span><\/a><\/li><li class='av-share-link av-social-link-linkedin' ><a target=\"_blank\" aria-label=\"Compartir en LinkedIn\" href='https:\/\/linkedin.com\/shareArticle?mini=true&#038;title=%C2%ABLa%20depresi%C3%B3n%20infantil%3A%20una%20realidad%20que%20no%20podemos%20ignorar%C2%BB&#038;url=https:\/\/radiorevelacionfm.cl\/?p=49920' aria-hidden='false' data-av_icon='\ue8fc' data-av_iconfont='entypo-fontello' title='' data-avia-related-tooltip='Compartir en LinkedIn' rel=\"noopener\"><span class='avia_hidden_link_text'>Compartir en LinkedIn<\/span><\/a><\/li><li class='av-share-link av-social-link-mail' ><a  aria-label=\"Compartir por correo\" href='mailto:?subject=%C2%ABLa%20depresi%C3%B3n%20infantil%3A%20una%20realidad%20que%20no%20podemos%20ignorar%C2%BB&#038;body=https:\/\/radiorevelacionfm.cl\/?p=49920' aria-hidden='false' data-av_icon='\ue805' data-av_iconfont='entypo-fontello' title='' data-avia-related-tooltip='Compartir por correo'><span class='avia_hidden_link_text'>Compartir por correo<\/span><\/a><\/li><\/ul><\/div><\/div>\n<div  style='height:50px' class='hr hr-invisible   avia-builder-el-8  el_after_av_social_share  el_before_av_comments_list '><span class='hr-inner ' ><span class='hr-inner-style'><\/span><\/span><\/div>\n<div  class='av-buildercomment  av-blog-meta-html-info-disabled av-blog-meta-tag-disabled  '><\/div>\n","protected":false},"excerpt":{"rendered":"","protected":false},"author":1,"featured_media":49921,"comment_status":"open","ping_status":"open","sticky":false,"template":"","format":"standard","meta":{"footnotes":""},"categories":[46],"tags":[],"class_list":["post-49920","post","type-post","status-publish","format-standard","has-post-thumbnail","hentry","category-salud"],"jetpack_featured_media_url":"https:\/\/radiorevelacionfm.cl\/wp-content\/uploads\/2025\/01\/adobestock_274221835-1-1_optimized-1.jpeg","_links":{"self":[{"href":"https:\/\/radiorevelacionfm.cl\/index.php?rest_route=\/wp\/v2\/posts\/49920","targetHints":{"allow":["GET"]}}],"collection":[{"href":"https:\/\/radiorevelacionfm.cl\/index.php?rest_route=\/wp\/v2\/posts"}],"about":[{"href":"https:\/\/radiorevelacionfm.cl\/index.php?rest_route=\/wp\/v2\/types\/post"}],"author":[{"embeddable":true,"href":"https:\/\/radiorevelacionfm.cl\/index.php?rest_route=\/wp\/v2\/users\/1"}],"replies":[{"embeddable":true,"href":"https:\/\/radiorevelacionfm.cl\/index.php?rest_route=%2Fwp%2Fv2%2Fcomments&post=49920"}],"version-history":[{"count":1,"href":"https:\/\/radiorevelacionfm.cl\/index.php?rest_route=\/wp\/v2\/posts\/49920\/revisions"}],"predecessor-version":[{"id":49922,"href":"https:\/\/radiorevelacionfm.cl\/index.php?rest_route=\/wp\/v2\/posts\/49920\/revisions\/49922"}],"wp:featuredmedia":[{"embeddable":true,"href":"https:\/\/radiorevelacionfm.cl\/index.php?rest_route=\/wp\/v2\/media\/49921"}],"wp:attachment":[{"href":"https:\/\/radiorevelacionfm.cl\/index.php?rest_route=%2Fwp%2Fv2%2Fmedia&parent=49920"}],"wp:term":[{"taxonomy":"category","embeddable":true,"href":"https:\/\/radiorevelacionfm.cl\/index.php?rest_route=%2Fwp%2Fv2%2Fcategories&post=49920"},{"taxonomy":"post_tag","embeddable":true,"href":"https:\/\/radiorevelacionfm.cl\/index.php?rest_route=%2Fwp%2Fv2%2Ftags&post=49920"}],"curies":[{"name":"wp","href":"https:\/\/api.w.org\/{rel}","templated":true}]}}