{"id":49917,"date":"2025-01-22T18:00:20","date_gmt":"2025-01-22T21:00:20","guid":{"rendered":"https:\/\/radiorevelacionfm.cl\/?p=49917"},"modified":"2025-01-22T18:00:20","modified_gmt":"2025-01-22T21:00:20","slug":"abren-nuevo-llamado-para-postular-al-recambio-de-calefactores-en-coyhaique","status":"publish","type":"post","link":"https:\/\/radiorevelacionfm.cl\/?p=49917","title":{"rendered":"Abren nuevo llamado para postular al recambio de calefactores en Coyhaique"},"content":{"rendered":"<div class=\"flex_column av_one_full  flex_column_div av-zero-column-padding first  avia-builder-el-0  el_before_av_one_full  avia-builder-el-first  \" style='border-radius:0px; '><div  class='avia-image-container  av-styling-    avia-builder-el-1  avia-builder-el-no-sibling  avia-align-center '  itemprop=\"image\" itemscope=\"itemscope\" itemtype=\"https:\/\/schema.org\/ImageObject\"  ><div class='avia-image-container-inner'><div class='avia-image-overlay-wrap'><img decoding=\"async\" class='wp-image-49918 avia-img-lazy-loading-not-49918 avia_image' src=\"https:\/\/radiorevelacionfm.cl\/wp-content\/uploads\/2025\/01\/prc2-1_optimized-1.jpg\" alt='' title='prc2-(1)_optimized (1)' height=\"600\" width=\"1067\"  itemprop=\"thumbnailUrl\" srcset=\"https:\/\/radiorevelacionfm.cl\/wp-content\/uploads\/2025\/01\/prc2-1_optimized-1.jpg 1067w, https:\/\/radiorevelacionfm.cl\/wp-content\/uploads\/2025\/01\/prc2-1_optimized-1-300x169.jpg 300w, https:\/\/radiorevelacionfm.cl\/wp-content\/uploads\/2025\/01\/prc2-1_optimized-1-1030x579.jpg 1030w, https:\/\/radiorevelacionfm.cl\/wp-content\/uploads\/2025\/01\/prc2-1_optimized-1-768x432.jpg 768w, https:\/\/radiorevelacionfm.cl\/wp-content\/uploads\/2025\/01\/prc2-1_optimized-1-705x396.jpg 705w, https:\/\/radiorevelacionfm.cl\/wp-content\/uploads\/2025\/01\/prc2-1_optimized-1-450x253.jpg 450w, https:\/\/radiorevelacionfm.cl\/wp-content\/uploads\/2025\/01\/prc2-1_optimized-1-600x337.jpg 600w\" sizes=\"(max-width: 1067px) 100vw, 1067px\" \/><\/div><\/div><\/div><\/div><div class=\"flex_column av_one_full  flex_column_div av-zero-column-padding first  avia-builder-el-2  el_after_av_one_full  el_before_av_one_full  column-top-margin\" style='border-radius:0px; '><section class=\"av_textblock_section \"  itemscope=\"itemscope\" itemtype=\"https:\/\/schema.org\/BlogPosting\" itemprop=\"blogPost\" ><div class='avia_textblock  '   itemprop=\"text\" ><p style=\"text-align: center;\"><span style=\"font-size: 18pt;\"><strong>Abren nuevo llamado para postular al recambio de calefactores en Coyhaique<\/strong><\/span><\/p>\n<div id=\"gtx-trans\" style=\"position: absolute; left: -50px; top: 4.31534px;\">\n<div class=\"gtx-trans-icon\"><\/div>\n<\/div>\n<\/div><\/section><\/div><div class=\"flex_column av_one_full  flex_column_div av-zero-column-padding first  avia-builder-el-4  el_after_av_one_full  el_before_av_hr  column-top-margin\" style='border-radius:0px; '><section class=\"av_textblock_section \"  itemscope=\"itemscope\" itemtype=\"https:\/\/schema.org\/BlogPosting\" itemprop=\"blogPost\" ><div class='avia_textblock  '   itemprop=\"text\" ><p style=\"text-align: justify;\"><em>El llamado considera m\u00e1s de 900 cupos para recambiar artefactos de le\u00f1a por las opciones pellet y aire acondicionado.<\/em><\/p>\n<p style=\"text-align: justify;\">Desde el Gobierno Regional de Ays\u00e9n, las autoridades locales anunciaron la apertura de un nuevo llamado a postulaci\u00f3n para el programa de Recambio de Calefactores en la ciudad de Coyhaique con m\u00e1s de 900 cupos divididos entre las l\u00edneas pellet y aire acondicionado.<\/p>\n<p style=\"text-align: justify;\">El programa de recambio de calefactores implementado por la Seremi del Medio Ambiente y financiado por el Gobierno Regional de Ays\u00e9n y su Consejo busca reducir las emisiones de contaminantes de la combusti\u00f3n residencial a le\u00f1a. Con este programa, los beneficiarios podr\u00e1n acceder a un nuevo calefactor si entregan su antiguo calefactor y\/o cocina a le\u00f1a para ser chatarrizado y as\u00ed disminuir las fuentes de emisiones contaminantes en la zona.<\/p>\n<p style=\"text-align: justify;\">\u201cTodos sabemos que este es un objetivo muy significativo para la regi\u00f3n, y en especial para la ciudad de Coyhaique, y desde el Gobierno Regional tenemos un compromiso fuerte con la descontaminaci\u00f3n que se pone m\u00e1s cr\u00edtica en invierno por tanto tenemos el compromiso financiero de invertir del orden de los dos mil millones de pesos en este programa que estamos ejecutando en coordinaci\u00f3n con la Seremi del Medio Ambiente\u201d, declar\u00f3 el Gobernador Regional de Ays\u00e9n Subrogante, Omar Mu\u00f1oz.<\/p>\n<p style=\"text-align: justify;\">As\u00ed tambi\u00e9n la Seremi de Gobierno, Ursula Mix, quien particip\u00f3 en representaci\u00f3n del delegado presidencial destac\u00f3 que \u201cpara el Gobierno y el ministerio de Medio Ambiente es s\u00faper importante la ejecuci\u00f3n de este programa, que ha permitido disminuir en un 70% los episodios cr\u00edticos de esta ciudad, por lo tanto invitamos a la comunidad a postular a esta iniciativa que se abre el d\u00eda de hoy, y que recambien sus calefactores para que nos ayuden as\u00ed tambi\u00e9n a descontaminar todos esta ciudad, que es necesario.\u00bb<\/p>\n<p style=\"text-align: justify;\">Por su parte el Seremi del Medio Ambiente, Yoal D\u00edaz, explic\u00f3 que el beneficio ambiental\u00a0 estar\u00e1 disponible para\u00a0 las personas que no hayan sido beneficiarias anteriormente, que est\u00e9n domiciliadas dentro del pol\u00edgono de saturaci\u00f3n de Coyhaique, mayores de edad, \u201cles recordamos que tenemos un equipo trabajando en este programa en nuestra oficina de Errazuriz, dispuestos a apoyar con su postulaci\u00f3n y para resolver toda duda, tambi\u00e9n nos vamos a desplegar por la ciudad con puntos m\u00f3viles para postular\u201d, detall\u00f3 recordando lo importante de participar y sumarse del proceso que requiere de la corresponsabilidad ciudadana para alcanzar los objetivos de descontaminaci\u00f3n.<\/p>\n<p style=\"text-align: justify;\">Las bases de postulaci\u00f3n y as\u00ed tambi\u00e9n el formulario para acceder al beneficio ambiental, se encuentran disponibles en calefactores.mma.gob.cl y el periodo de postulaci\u00f3n est\u00e1 considerado en primera instancia desde el 22 de enero hasta el 10 de febrero.<\/p>\n<p style=\"text-align: justify;\">Respecto de la postulaci\u00f3n, si bien se realiza online en el link directo <a href=\"https:\/\/calefactores.mma.gob.cl\/regional\/llamados\/detalles\/226\">https:\/\/calefactores.mma.gob.cl\/regional\/llamados\/detalles\/226<\/a>, todos quienes necesiten asistencia podr\u00e1n acercarse a postular en la oficina del programa de recambio de calefactores, ubicada en Err\u00e1zuriz 514, Coyhaique. Adem\u00e1s, se dispondr\u00e1n de personas que apoyen al proceso de postulaci\u00f3n en centros comunitarios, juntas de vecinos, y espacios p\u00fablicos como en postulaciones anteriores, para ello, la Seremi del Medio Ambiente difundir\u00e1 un calendario de puntos de postulaci\u00f3n en sus redes sociales.<\/p>\n<p style=\"text-align: justify;\">El Seremi de Energ\u00eda Tom\u00e1s Laibe recalc\u00f3 \u201c estamos comprometidos con la descontaminaci\u00f3n y desde ah\u00ed tenemos un trabajo permanente con mejorar la calidad de la le\u00f1a que se comercializa, por ejemplo, pronto entrar\u00e1 en vigencia le ley de Biocombustibles que establecer\u00e1 nuevos est\u00e1ndares y normas de fiscalizaci\u00f3n\u201d, agregando que es necesario avanzar adem\u00e1s en diversificar las fuentes de calefacci\u00f3n, donde el programa de recambio de calefactores adquiere gran relevancia \u201chemos trabajado adem\u00e1s para que empresas como Ecom\u00e1s se instalen y garanticen un suministro permanente en la regi\u00f3n de Ays\u00e9n y una estabilidad en la tarifa, y por otro lado estamos permanentemente trabajando en iniciativas que diversifiquen la matriz energ\u00e9tica, para que tambi\u00e9n podamos hacer que sea m\u00e1s competitiva la tarifa en ese sentido\u201d.<\/p>\n<p style=\"text-align: justify;\">Finalmente, las autoridades recalcaron que quienes quieran ser parte del programa de recambio de calefactores deber\u00e1n cumplir con los requisitos excluyentes: quien postule debe ser propietario o propietaria del artefacto a le\u00f1a; y el artefacto a recambiar debe ser a le\u00f1a: cocina, salamandra, hechizo, calefactor c\u00e1mara simple con templador o sin templador y debe estar instalado en la vivienda; tampoco podr\u00e1n postular personas que hayan sido beneficiarias anteriormente o que cuenten con un integrante del grupo familiar declarado que haya sido beneficiado por el programa.<\/p>\n<\/div><\/section><\/div><div  style='height:50px' class='hr hr-invisible   avia-builder-el-6  el_after_av_one_full  el_before_av_social_share '><span class='hr-inner ' ><span class='hr-inner-style'><\/span><\/span><\/div><\/p>\n<div  class='av-social-sharing-box  avia-builder-el-7  el_after_av_hr  el_before_av_hr  '><div class='av-share-box'><h5 class='av-share-link-description av-no-toc '>Compartir esta noticia<\/h5><ul class='av-share-box-list noLightbox'><li class='av-share-link av-social-link-facebook' ><a target=\"_blank\" aria-label=\"Compartir en Facebook\" href='https:\/\/www.facebook.com\/sharer.php?u=https:\/\/radiorevelacionfm.cl\/?p=49917&#038;t=Abren%20nuevo%20llamado%20para%20postular%20al%20recambio%20de%20calefactores%20en%20Coyhaique' aria-hidden='false' data-av_icon='\ue8f3' data-av_iconfont='entypo-fontello' title='' data-avia-related-tooltip='Compartir en Facebook' rel=\"noopener\"><span class='avia_hidden_link_text'>Compartir en Facebook<\/span><\/a><\/li><li class='av-share-link av-social-link-twitter' ><a target=\"_blank\" aria-label=\"Compartir en Twitter\" href='https:\/\/twitter.com\/share?text=Abren%20nuevo%20llamado%20para%20postular%20al%20recambio%20de%20calefactores%20en%20Coyhaique&#038;url=https:\/\/radiorevelacionfm.cl\/?p=49917' aria-hidden='false' data-av_icon='\ue8f1' data-av_iconfont='entypo-fontello' title='' data-avia-related-tooltip='Compartir en Twitter' rel=\"noopener\"><span class='avia_hidden_link_text'>Compartir en Twitter<\/span><\/a><\/li><li class='av-share-link av-social-link-whatsapp' ><a target=\"_blank\" aria-label=\"Compartir en Whatsapp\" href='https:\/\/api.whatsapp.com\/send?text=https:\/\/radiorevelacionfm.cl\/?p=49917' aria-hidden='false' data-av_icon='\uf232' data-av_iconfont='entypo-fontello' title='' data-avia-related-tooltip='Compartir en Whatsapp' rel=\"noopener\"><span class='avia_hidden_link_text'>Compartir en Whatsapp<\/span><\/a><\/li><li class='av-share-link av-social-link-linkedin' ><a target=\"_blank\" aria-label=\"Compartir en LinkedIn\" href='https:\/\/linkedin.com\/shareArticle?mini=true&#038;title=Abren%20nuevo%20llamado%20para%20postular%20al%20recambio%20de%20calefactores%20en%20Coyhaique&#038;url=https:\/\/radiorevelacionfm.cl\/?p=49917' aria-hidden='false' data-av_icon='\ue8fc' data-av_iconfont='entypo-fontello' title='' data-avia-related-tooltip='Compartir en LinkedIn' rel=\"noopener\"><span class='avia_hidden_link_text'>Compartir en LinkedIn<\/span><\/a><\/li><li class='av-share-link av-social-link-mail' ><a  aria-label=\"Compartir por correo\" href='mailto:?subject=Abren%20nuevo%20llamado%20para%20postular%20al%20recambio%20de%20calefactores%20en%20Coyhaique&#038;body=https:\/\/radiorevelacionfm.cl\/?p=49917' aria-hidden='false' data-av_icon='\ue805' data-av_iconfont='entypo-fontello' title='' data-avia-related-tooltip='Compartir por correo'><span class='avia_hidden_link_text'>Compartir por correo<\/span><\/a><\/li><\/ul><\/div><\/div>\n<div  style='height:50px' class='hr hr-invisible   avia-builder-el-8  el_after_av_social_share  el_before_av_comments_list '><span class='hr-inner ' ><span class='hr-inner-style'><\/span><\/span><\/div>\n<div  class='av-buildercomment  av-blog-meta-html-info-disabled av-blog-meta-tag-disabled  '><\/div>\n","protected":false},"excerpt":{"rendered":"","protected":false},"author":1,"featured_media":49918,"comment_status":"open","ping_status":"open","sticky":false,"template":"","format":"standard","meta":{"footnotes":""},"categories":[39],"tags":[],"class_list":["post-49917","post","type-post","status-publish","format-standard","has-post-thumbnail","hentry","category-medio-ambiente"],"jetpack_featured_media_url":"https:\/\/radiorevelacionfm.cl\/wp-content\/uploads\/2025\/01\/prc2-1_optimized-1.jpg","_links":{"self":[{"href":"https:\/\/radiorevelacionfm.cl\/index.php?rest_route=\/wp\/v2\/posts\/49917","targetHints":{"allow":["GET"]}}],"collection":[{"href":"https:\/\/radiorevelacionfm.cl\/index.php?rest_route=\/wp\/v2\/posts"}],"about":[{"href":"https:\/\/radiorevelacionfm.cl\/index.php?rest_route=\/wp\/v2\/types\/post"}],"author":[{"embeddable":true,"href":"https:\/\/radiorevelacionfm.cl\/index.php?rest_route=\/wp\/v2\/users\/1"}],"replies":[{"embeddable":true,"href":"https:\/\/radiorevelacionfm.cl\/index.php?rest_route=%2Fwp%2Fv2%2Fcomments&post=49917"}],"version-history":[{"count":1,"href":"https:\/\/radiorevelacionfm.cl\/index.php?rest_route=\/wp\/v2\/posts\/49917\/revisions"}],"predecessor-version":[{"id":49919,"href":"https:\/\/radiorevelacionfm.cl\/index.php?rest_route=\/wp\/v2\/posts\/49917\/revisions\/49919"}],"wp:featuredmedia":[{"embeddable":true,"href":"https:\/\/radiorevelacionfm.cl\/index.php?rest_route=\/wp\/v2\/media\/49918"}],"wp:attachment":[{"href":"https:\/\/radiorevelacionfm.cl\/index.php?rest_route=%2Fwp%2Fv2%2Fmedia&parent=49917"}],"wp:term":[{"taxonomy":"category","embeddable":true,"href":"https:\/\/radiorevelacionfm.cl\/index.php?rest_route=%2Fwp%2Fv2%2Fcategories&post=49917"},{"taxonomy":"post_tag","embeddable":true,"href":"https:\/\/radiorevelacionfm.cl\/index.php?rest_route=%2Fwp%2Fv2%2Ftags&post=49917"}],"curies":[{"name":"wp","href":"https:\/\/api.w.org\/{rel}","templated":true}]}}