{"id":49914,"date":"2025-01-22T15:09:20","date_gmt":"2025-01-22T18:09:20","guid":{"rendered":"https:\/\/radiorevelacionfm.cl\/?p=49914"},"modified":"2025-01-22T15:09:20","modified_gmt":"2025-01-22T18:09:20","slug":"jardin-infantil-la-villita-fue-premiado-por-edelaysen-por-su-compromiso-con-la-eficiencia-energetica-2024","status":"publish","type":"post","link":"https:\/\/radiorevelacionfm.cl\/?p=49914","title":{"rendered":"Jard\u00edn infantil La Villita fue premiado por Edelaysen por su compromiso con la eficiencia energ\u00e9tica 2024"},"content":{"rendered":"<div class=\"flex_column av_one_full  flex_column_div av-zero-column-padding first  avia-builder-el-0  el_before_av_one_full  avia-builder-el-first  \" style='border-radius:0px; '><div  class='avia-image-container  av-styling-    avia-builder-el-1  avia-builder-el-no-sibling  avia-align-center '  itemprop=\"image\" itemscope=\"itemscope\" itemtype=\"https:\/\/schema.org\/ImageObject\"  ><div class='avia-image-container-inner'><div class='avia-image-overlay-wrap'><img decoding=\"async\" class='wp-image-49915 avia-img-lazy-loading-not-49915 avia_image' src=\"https:\/\/radiorevelacionfm.cl\/wp-content\/uploads\/2025\/01\/jardin-la-villita-2-1_optimized.jpeg\" alt='' title='jard\u00edn-la-villita-(2)-(1)_optimized' height=\"600\" width=\"800\"  itemprop=\"thumbnailUrl\" srcset=\"https:\/\/radiorevelacionfm.cl\/wp-content\/uploads\/2025\/01\/jardin-la-villita-2-1_optimized.jpeg 800w, https:\/\/radiorevelacionfm.cl\/wp-content\/uploads\/2025\/01\/jardin-la-villita-2-1_optimized-300x225.jpeg 300w, https:\/\/radiorevelacionfm.cl\/wp-content\/uploads\/2025\/01\/jardin-la-villita-2-1_optimized-768x576.jpeg 768w, https:\/\/radiorevelacionfm.cl\/wp-content\/uploads\/2025\/01\/jardin-la-villita-2-1_optimized-705x529.jpeg 705w, https:\/\/radiorevelacionfm.cl\/wp-content\/uploads\/2025\/01\/jardin-la-villita-2-1_optimized-450x338.jpeg 450w, https:\/\/radiorevelacionfm.cl\/wp-content\/uploads\/2025\/01\/jardin-la-villita-2-1_optimized-600x450.jpeg 600w\" sizes=\"(max-width: 800px) 100vw, 800px\" \/><\/div><\/div><\/div><\/div><div class=\"flex_column av_one_full  flex_column_div av-zero-column-padding first  avia-builder-el-2  el_after_av_one_full  el_before_av_one_full  column-top-margin\" style='border-radius:0px; '><section class=\"av_textblock_section \"  itemscope=\"itemscope\" itemtype=\"https:\/\/schema.org\/BlogPosting\" itemprop=\"blogPost\" ><div class='avia_textblock  '   itemprop=\"text\" ><p style=\"text-align: center;\"><strong><span style=\"font-size: 18pt;\">Jard\u00edn infantil La Villita fue premiado por Edelaysen por su compromiso con la eficiencia energ\u00e9tica 2024<\/span><\/strong><\/p>\n<div id=\"gtx-trans\" style=\"position: absolute; left: -50px; top: 4.31534px;\">\n<div class=\"gtx-trans-icon\"><\/div>\n<\/div>\n<\/div><\/section><\/div><div class=\"flex_column av_one_full  flex_column_div av-zero-column-padding first  avia-builder-el-4  el_after_av_one_full  el_before_av_hr  column-top-margin\" style='border-radius:0px; '><section class=\"av_textblock_section \"  itemscope=\"itemscope\" itemtype=\"https:\/\/schema.org\/BlogPosting\" itemprop=\"blogPost\" ><div class='avia_textblock  '   itemprop=\"text\" ><p style=\"text-align: justify;\">Enmarcados en el programa de \u201cEscuelas con Energ\u00eda\u201d de Grupo Saesa, Edelaysen destac\u00f3 el esfuerzo y compromiso del Jard\u00edn Infantil La Villita de la localidad de Villa Ortega en la comuna de Coyhaique, quienes fueron los ganadores del concurso de eficiencia energ\u00e9tica. Como premio, la instituci\u00f3n recibi\u00f3 un Minilab: laboratorio m\u00f3vil con material did\u00e1ctico especialmente dise\u00f1ado para ense\u00f1ar a los ni\u00f1os la importancia del uso responsable de la energ\u00eda y fomentar el aprendizaje a trav\u00e9s del juego.<\/p>\n<p style=\"text-align: justify;\">Yasna Vera, ejecutiva de Edelaysen destac\u00f3:\u00a0\u201cEn Edelaysen estamos convencidos de que educar a las nuevas generaciones es esencial para construir un futuro sostenible. Este Minilab no solo les permitir\u00e1 aprender sobre el uso eficiente de la energ\u00eda, sino que tambi\u00e9n fomentar\u00e1 valores fundamentales como el respeto por el medioambiente y el compromiso con sus comunidades\u201d.<\/p>\n<p style=\"text-align: justify;\">Esta implementaci\u00f3n incluye herramientas educativas interactivas que buscan inculcar desde temprana edad pr\u00e1cticas sostenibles y el respeto por el medioambiente. Tras la entrega de este importante elemento para el establecimiento, los ni\u00f1os y ni\u00f1as recibieron el reconocimiento de la el\u00e9ctrica por su uso responsable de energ\u00eda durante este 2024.<\/p>\n<p style=\"text-align: justify;\">Camila Mu\u00f1oz, docente del Jard\u00edn Infantil \u201cLa Villita\u201d mencion\u00f3: \u201cSolo agradecer por la entrega de materiales que nos hizo Edelaysen, va a ser un tremendo aporte ac\u00e1 en nuestro Jard\u00edn la Villita ac\u00e1 en la localidad de Villa Ortega, donde va a ser trabajado durante todo lo que queda del futuro, donde se va a montar ac\u00e1 en la sala, en un espacio fijo para que los ni\u00f1os lo puedan trabajar y las familias puedan conocer de este Minilab y puedan hacer seguimiento del trabajo que se va a hacer y podamos seguir cuidando a la energ\u00eda involucrando a la comunidad y el colegio\u201d.<\/p>\n<p style=\"text-align: justify;\">Cabe destacar, que este Minilab que fue entregado al jard\u00edn infantil, incluy\u00f3 una capacitaci\u00f3n presencial sobre su uso por la empresa Innovaxis quienes son los proveedores de esta importante herramienta de aprendizaje.<\/p>\n<p style=\"text-align: justify;\">Rub\u00e9n Fern\u00e1ndez, director pedag\u00f3gico de Innovaxis destac\u00f3 que: \u201cTodo el material est\u00e1 s\u00faper alineado al curr\u00edculum tambi\u00e9n de manera que las educadoras puedan hacer actividades que vayan acorde a su planificaci\u00f3n y objetivos de aprendizaje que tengan con los ni\u00f1os. As\u00ed que en este momento estamos ac\u00e1 en La Villita para hacer una capacitaci\u00f3n de uso. Primero que conozcan todo el material, hacer una peque\u00f1a descripci\u00f3n del material, que lo exploren libremente, ya hicimos una primera parte con los ni\u00f1os y una inducci\u00f3n de uso y alineamiento curricular de los materiales\u201d.<\/p>\n<p style=\"text-align: justify;\">El Jard\u00edn Infantil La Villita se destac\u00f3 este 2024 entre los participantes por sus iniciativas innovadoras que promovieron el ahorro energ\u00e9tico y la conciencia ambiental entre los ni\u00f1os y sus familias. Con esta acci\u00f3n, Edelaysen reafirma su compromiso con la regi\u00f3n de Ays\u00e9n y su misi\u00f3n de contribuir al desarrollo de una cultura m\u00e1s sostenible.<\/p>\n<\/div><\/section><\/div><div  style='height:50px' class='hr hr-invisible   avia-builder-el-6  el_after_av_one_full  el_before_av_social_share '><span class='hr-inner ' ><span class='hr-inner-style'><\/span><\/span><\/div><\/p>\n<div  class='av-social-sharing-box  avia-builder-el-7  el_after_av_hr  el_before_av_hr  '><div class='av-share-box'><h5 class='av-share-link-description av-no-toc '>Compartir esta noticia<\/h5><ul class='av-share-box-list noLightbox'><li class='av-share-link av-social-link-facebook' ><a target=\"_blank\" aria-label=\"Compartir en Facebook\" href='https:\/\/www.facebook.com\/sharer.php?u=https:\/\/radiorevelacionfm.cl\/?p=49914&#038;t=Jard%C3%ADn%20infantil%20La%20Villita%20fue%20premiado%20por%20Edelaysen%20por%20su%20compromiso%20con%20la%20eficiencia%20energ%C3%A9tica%202024' aria-hidden='false' data-av_icon='\ue8f3' data-av_iconfont='entypo-fontello' title='' data-avia-related-tooltip='Compartir en Facebook' rel=\"noopener\"><span class='avia_hidden_link_text'>Compartir en Facebook<\/span><\/a><\/li><li class='av-share-link av-social-link-twitter' ><a target=\"_blank\" aria-label=\"Compartir en Twitter\" href='https:\/\/twitter.com\/share?text=Jard%C3%ADn%20infantil%20La%20Villita%20fue%20premiado%20por%20Edelaysen%20por%20su%20compromiso%20con%20la%20eficiencia%20energ%C3%A9tica%202024&#038;url=https:\/\/radiorevelacionfm.cl\/?p=49914' aria-hidden='false' data-av_icon='\ue8f1' data-av_iconfont='entypo-fontello' title='' data-avia-related-tooltip='Compartir en Twitter' rel=\"noopener\"><span class='avia_hidden_link_text'>Compartir en Twitter<\/span><\/a><\/li><li class='av-share-link av-social-link-whatsapp' ><a target=\"_blank\" aria-label=\"Compartir en Whatsapp\" href='https:\/\/api.whatsapp.com\/send?text=https:\/\/radiorevelacionfm.cl\/?p=49914' aria-hidden='false' data-av_icon='\uf232' data-av_iconfont='entypo-fontello' title='' data-avia-related-tooltip='Compartir en Whatsapp' rel=\"noopener\"><span class='avia_hidden_link_text'>Compartir en Whatsapp<\/span><\/a><\/li><li class='av-share-link av-social-link-linkedin' ><a target=\"_blank\" aria-label=\"Compartir en LinkedIn\" href='https:\/\/linkedin.com\/shareArticle?mini=true&#038;title=Jard%C3%ADn%20infantil%20La%20Villita%20fue%20premiado%20por%20Edelaysen%20por%20su%20compromiso%20con%20la%20eficiencia%20energ%C3%A9tica%202024&#038;url=https:\/\/radiorevelacionfm.cl\/?p=49914' aria-hidden='false' data-av_icon='\ue8fc' data-av_iconfont='entypo-fontello' title='' data-avia-related-tooltip='Compartir en LinkedIn' rel=\"noopener\"><span class='avia_hidden_link_text'>Compartir en LinkedIn<\/span><\/a><\/li><li class='av-share-link av-social-link-mail' ><a  aria-label=\"Compartir por correo\" href='mailto:?subject=Jard%C3%ADn%20infantil%20La%20Villita%20fue%20premiado%20por%20Edelaysen%20por%20su%20compromiso%20con%20la%20eficiencia%20energ%C3%A9tica%202024&#038;body=https:\/\/radiorevelacionfm.cl\/?p=49914' aria-hidden='false' data-av_icon='\ue805' data-av_iconfont='entypo-fontello' title='' data-avia-related-tooltip='Compartir por correo'><span class='avia_hidden_link_text'>Compartir por correo<\/span><\/a><\/li><\/ul><\/div><\/div>\n<div  style='height:50px' class='hr hr-invisible   avia-builder-el-8  el_after_av_social_share  el_before_av_comments_list '><span class='hr-inner ' ><span class='hr-inner-style'><\/span><\/span><\/div>\n<div  class='av-buildercomment  av-blog-meta-html-info-disabled av-blog-meta-tag-disabled  '><\/div>\n","protected":false},"excerpt":{"rendered":"","protected":false},"author":1,"featured_media":49915,"comment_status":"open","ping_status":"open","sticky":false,"template":"","format":"standard","meta":{"footnotes":""},"categories":[38],"tags":[],"class_list":["post-49914","post","type-post","status-publish","format-standard","has-post-thumbnail","hentry","category-regional"],"jetpack_featured_media_url":"https:\/\/radiorevelacionfm.cl\/wp-content\/uploads\/2025\/01\/jardin-la-villita-2-1_optimized.jpeg","_links":{"self":[{"href":"https:\/\/radiorevelacionfm.cl\/index.php?rest_route=\/wp\/v2\/posts\/49914","targetHints":{"allow":["GET"]}}],"collection":[{"href":"https:\/\/radiorevelacionfm.cl\/index.php?rest_route=\/wp\/v2\/posts"}],"about":[{"href":"https:\/\/radiorevelacionfm.cl\/index.php?rest_route=\/wp\/v2\/types\/post"}],"author":[{"embeddable":true,"href":"https:\/\/radiorevelacionfm.cl\/index.php?rest_route=\/wp\/v2\/users\/1"}],"replies":[{"embeddable":true,"href":"https:\/\/radiorevelacionfm.cl\/index.php?rest_route=%2Fwp%2Fv2%2Fcomments&post=49914"}],"version-history":[{"count":1,"href":"https:\/\/radiorevelacionfm.cl\/index.php?rest_route=\/wp\/v2\/posts\/49914\/revisions"}],"predecessor-version":[{"id":49916,"href":"https:\/\/radiorevelacionfm.cl\/index.php?rest_route=\/wp\/v2\/posts\/49914\/revisions\/49916"}],"wp:featuredmedia":[{"embeddable":true,"href":"https:\/\/radiorevelacionfm.cl\/index.php?rest_route=\/wp\/v2\/media\/49915"}],"wp:attachment":[{"href":"https:\/\/radiorevelacionfm.cl\/index.php?rest_route=%2Fwp%2Fv2%2Fmedia&parent=49914"}],"wp:term":[{"taxonomy":"category","embeddable":true,"href":"https:\/\/radiorevelacionfm.cl\/index.php?rest_route=%2Fwp%2Fv2%2Fcategories&post=49914"},{"taxonomy":"post_tag","embeddable":true,"href":"https:\/\/radiorevelacionfm.cl\/index.php?rest_route=%2Fwp%2Fv2%2Ftags&post=49914"}],"curies":[{"name":"wp","href":"https:\/\/api.w.org\/{rel}","templated":true}]}}