{"id":49908,"date":"2025-01-22T14:51:51","date_gmt":"2025-01-22T17:51:51","guid":{"rendered":"https:\/\/radiorevelacionfm.cl\/?p=49908"},"modified":"2025-01-22T14:51:51","modified_gmt":"2025-01-22T17:51:51","slug":"injuv-lanza-segunda-version-de-cursos-enfocados-en-el-plan-de-formacion-de-voluntariado-de-emergencia","status":"publish","type":"post","link":"https:\/\/radiorevelacionfm.cl\/?p=49908","title":{"rendered":"INJUV lanza segunda versi\u00f3n de cursos enfocados en el Plan de Formaci\u00f3n de Voluntariado de Emergencia"},"content":{"rendered":"<div class=\"flex_column av_one_full  flex_column_div av-zero-column-padding first  avia-builder-el-0  el_before_av_one_full  avia-builder-el-first  \" style='border-radius:0px; '><div  class='avia-image-container  av-styling-    avia-builder-el-1  avia-builder-el-no-sibling  avia-align-center '  itemprop=\"image\" itemscope=\"itemscope\" itemtype=\"https:\/\/schema.org\/ImageObject\"  ><div class='avia-image-container-inner'><div class='avia-image-overlay-wrap'><img decoding=\"async\" class='wp-image-49909 avia-img-lazy-loading-not-49909 avia_image' src=\"https:\/\/radiorevelacionfm.cl\/wp-content\/uploads\/2025\/01\/foto-3-57-1_optimized-1.jpg\" alt='' title='foto-3-(57)-(1)_optimized (1)' height=\"626\" width=\"800\"  itemprop=\"thumbnailUrl\" srcset=\"https:\/\/radiorevelacionfm.cl\/wp-content\/uploads\/2025\/01\/foto-3-57-1_optimized-1.jpg 800w, https:\/\/radiorevelacionfm.cl\/wp-content\/uploads\/2025\/01\/foto-3-57-1_optimized-1-300x235.jpg 300w, https:\/\/radiorevelacionfm.cl\/wp-content\/uploads\/2025\/01\/foto-3-57-1_optimized-1-768x601.jpg 768w, https:\/\/radiorevelacionfm.cl\/wp-content\/uploads\/2025\/01\/foto-3-57-1_optimized-1-705x552.jpg 705w, https:\/\/radiorevelacionfm.cl\/wp-content\/uploads\/2025\/01\/foto-3-57-1_optimized-1-450x352.jpg 450w, https:\/\/radiorevelacionfm.cl\/wp-content\/uploads\/2025\/01\/foto-3-57-1_optimized-1-600x470.jpg 600w\" sizes=\"(max-width: 800px) 100vw, 800px\" \/><\/div><\/div><\/div><\/div><div class=\"flex_column av_one_full  flex_column_div av-zero-column-padding first  avia-builder-el-2  el_after_av_one_full  el_before_av_one_full  column-top-margin\" style='border-radius:0px; '><section class=\"av_textblock_section \"  itemscope=\"itemscope\" itemtype=\"https:\/\/schema.org\/BlogPosting\" itemprop=\"blogPost\" ><div class='avia_textblock  '   itemprop=\"text\" ><p style=\"text-align: center;\"><span style=\"font-size: 18pt;\"><strong>INJUV lanza segunda versi\u00f3n de cursos enfocados en el Plan de Formaci\u00f3n de Voluntariado de Emergencia<\/strong><\/span><\/p>\n<div id=\"gtx-trans\" style=\"position: absolute; left: -50px; top: 4.31534px;\">\n<div class=\"gtx-trans-icon\"><\/div>\n<\/div>\n<\/div><\/section><\/div><div class=\"flex_column av_one_full  flex_column_div av-zero-column-padding first  avia-builder-el-4  el_after_av_one_full  el_before_av_hr  column-top-margin\" style='border-radius:0px; '><section class=\"av_textblock_section \"  itemscope=\"itemscope\" itemtype=\"https:\/\/schema.org\/BlogPosting\" itemprop=\"blogPost\" ><div class='avia_textblock  '   itemprop=\"text\" ><p style=\"text-align: justify;\"><em>El programa contempla tres categor\u00edas formativas de acuerdo al nivel de especializaci\u00f3n al que opten las personas postulantes.<\/em><\/p>\n<p style=\"text-align: justify;\">Con el objetivo de entregar una respuesta articulada entre el mundo p\u00fablico, privado y la sociedad civil ante la ocurrencia de emergencias medioambientales, el Ministerio de Desarrollo Social y Familia, a trav\u00e9s del Instituto Nacional de la Juventud (INJUV), en conjunto con organizaciones de la sociedad civil est\u00e1n ejecutando el Plan de Formaci\u00f3n de Voluntariado de Emergencia en el marco de la estrategia #ChileSePrepara.<\/p>\n<p style=\"text-align: justify;\">Este programa busca desarrollar y fortalecer las capacidades de la ciudadan\u00eda en tem\u00e1ticas de gesti\u00f3n del riesgo de desastres en todas las comunas de Chile, e identificar a personas interesadas en realizar acciones de voluntariado frente a eventuales emergencias medioambientales.<\/p>\n<p style=\"text-align: justify;\">La iniciativa cuenta con tres categor\u00edas: cursos de formaci\u00f3n general para persona voluntaria, cursos de formaci\u00f3n para especialista de emergencia y cursos de formaci\u00f3n para ACADEMIA SENAPRED.<\/p>\n<p style=\"text-align: justify;\">Valorando la instancia que fue compromiso presidencial y su impacto en la regi\u00f3n, la \u00a0Seremi de Desarrollo Social y Familia Karina Acevedo Auad, sostuvo que \u201cquiero destacar este programa que en su primera versi\u00f3n tuvo una alta convocatoria y aceptaci\u00f3n. Como regi\u00f3n no estamos exentos a emergencias de car\u00e1cter forestal y lo mejor es que todos estemos preparados para afrontar una situaci\u00f3n de esa envergadura. Bien podemos recordar lo ocurrido en Valpara\u00edso y lo importante que fue la presencia de juventudes capacitadas para apoyar la contingencia, as\u00ed que, les invitamos a postular y si hay dudas a consultar con el equipo de equipos INJUV Ays\u00e9n\u201d.<\/p>\n<p style=\"text-align: justify;\">El director regional de INJUV Ays\u00e9n, Camilo Trivi\u00f1o Urtubia, indic\u00f3 que \u201ceste Plan de Formaci\u00f3n refleja el compromiso con nuestras juventudes y su rol hist\u00f3rico en momentos de crisis. Sabemos que las emergencias nos desaf\u00edan como sociedad, y formar a las juventudes no solo es una inversi\u00f3n en prevenci\u00f3n, sino tambi\u00e9n en solidaridad y capacidad de respuesta. Estas alianzas son fundamentales para preparar un Chile m\u00e1s seguro, resiliente y consciente del poder transformador del voluntariado. Porque cuando las juventudes se movilizan, el cambio es imparable\u201d.<\/p>\n<p style=\"text-align: justify;\">En tanto, el director regional (s) de SENAPRED, Carlos Ureta Gonz\u00e1lez, se\u00f1al\u00f3 que \u201ccomo Servicio Nacional de Prevenci\u00f3n y Respuesta ante Desastres, estamos muy contentos ya que el d\u00eda de ayer se ha lanzado la segunda versi\u00f3n del plan de formaci\u00f3n de voluntariado de emergencia, este plan contempla tres categor\u00edas formativas que est\u00e1n de acuerdo al nivel de especializaci\u00f3n al que puedan optar las personas, los cursos son; formaci\u00f3n general para personas voluntarias, el curso de formaci\u00f3n para especialistas en emergencias y el curso de formaci\u00f3n para la academia de Senapred, estos buscan la trasmisi\u00f3n de conocimientos en todo lo que tiene que ver con la reducci\u00f3n de riesgos de desastres, necesitamos gente que este m\u00e1s preparada, que tenga mayor conocimiento para poder aportar en alguna situaci\u00f3n compleja de emergencia que pueda vivir el pa\u00eds y regi\u00f3n, instamos a todas y todos que quieran participar de estos cursos, las inscripciones ya est\u00e1n abiertas, ese es nuestro llamado\u201d.<\/p>\n<p style=\"text-align: justify;\"><strong><u>Categor\u00edas formativas<\/u><\/strong><\/p>\n<p style=\"text-align: justify;\">El Plan de Formaci\u00f3n de Voluntariado de Emergencia contempla 3 categor\u00edas de capacitaci\u00f3n:<\/p>\n<p style=\"text-align: justify;\"><strong>Cursos de formaci\u00f3n general para persona voluntaria:<\/strong> formaci\u00f3n virtual con clases en vivo que pretende aportar un conocimiento base en distintas tem\u00e1ticas relacionadas con la emergencia. Las personas interesadas podr\u00e1n tomar uno o varios cursos seg\u00fan las \u00e1reas que sean de inter\u00e9s.<\/p>\n<p style=\"text-align: justify;\"><strong>Cursos de formaci\u00f3n para especialista de emergencia:<\/strong> la formaci\u00f3n para especialista es realizada por MovidosxChile que buscar profundizar en distintos contenidos relacionados con la Gesti\u00f3n de Riesgos de Desastres y se enmarca en su estrategia #TodoChilePreparado.<\/p>\n<p style=\"text-align: justify;\"><strong>Cursos de formaci\u00f3n para ACADEMIA SENAPRED:<\/strong> plataforma e-learning que busca fomentar y fortalecer la transmisi\u00f3n del conocimiento en Reducci\u00f3n del Riesgo de Desastres al Sistema Nacional de Prevenci\u00f3n y Respuesta ante Desastres. Encuentra los cursos que sean de tu inter\u00e9s y avanza a tu ritmo.<\/p>\n<p style=\"text-align: justify;\">Las juventudes interesadas en participar de este plan de formaci\u00f3n, \u00a0deben postular de forma online en el siguiente link: <strong>voluntariadopreparado.injuv.gob.cl.<\/strong><\/p>\n<\/div><\/section><\/div><div  style='height:50px' class='hr hr-invisible   avia-builder-el-6  el_after_av_one_full  el_before_av_social_share '><span class='hr-inner ' ><span class='hr-inner-style'><\/span><\/span><\/div><\/p>\n<div  class='av-social-sharing-box  avia-builder-el-7  el_after_av_hr  el_before_av_hr  '><div class='av-share-box'><h5 class='av-share-link-description av-no-toc '>Compartir esta noticia<\/h5><ul class='av-share-box-list noLightbox'><li class='av-share-link av-social-link-facebook' ><a target=\"_blank\" aria-label=\"Compartir en Facebook\" href='https:\/\/www.facebook.com\/sharer.php?u=https:\/\/radiorevelacionfm.cl\/?p=49908&#038;t=INJUV%20lanza%20segunda%20versi%C3%B3n%20de%20cursos%20enfocados%20en%20el%20Plan%20de%20Formaci%C3%B3n%20de%20Voluntariado%20de%20Emergencia' aria-hidden='false' data-av_icon='\ue8f3' data-av_iconfont='entypo-fontello' title='' data-avia-related-tooltip='Compartir en Facebook' rel=\"noopener\"><span class='avia_hidden_link_text'>Compartir en Facebook<\/span><\/a><\/li><li class='av-share-link av-social-link-twitter' ><a target=\"_blank\" aria-label=\"Compartir en Twitter\" href='https:\/\/twitter.com\/share?text=INJUV%20lanza%20segunda%20versi%C3%B3n%20de%20cursos%20enfocados%20en%20el%20Plan%20de%20Formaci%C3%B3n%20de%20Voluntariado%20de%20Emergencia&#038;url=https:\/\/radiorevelacionfm.cl\/?p=49908' aria-hidden='false' data-av_icon='\ue8f1' data-av_iconfont='entypo-fontello' title='' data-avia-related-tooltip='Compartir en Twitter' rel=\"noopener\"><span class='avia_hidden_link_text'>Compartir en Twitter<\/span><\/a><\/li><li class='av-share-link av-social-link-whatsapp' ><a target=\"_blank\" aria-label=\"Compartir en Whatsapp\" href='https:\/\/api.whatsapp.com\/send?text=https:\/\/radiorevelacionfm.cl\/?p=49908' aria-hidden='false' data-av_icon='\uf232' data-av_iconfont='entypo-fontello' title='' data-avia-related-tooltip='Compartir en Whatsapp' rel=\"noopener\"><span class='avia_hidden_link_text'>Compartir en Whatsapp<\/span><\/a><\/li><li class='av-share-link av-social-link-linkedin' ><a target=\"_blank\" aria-label=\"Compartir en LinkedIn\" href='https:\/\/linkedin.com\/shareArticle?mini=true&#038;title=INJUV%20lanza%20segunda%20versi%C3%B3n%20de%20cursos%20enfocados%20en%20el%20Plan%20de%20Formaci%C3%B3n%20de%20Voluntariado%20de%20Emergencia&#038;url=https:\/\/radiorevelacionfm.cl\/?p=49908' aria-hidden='false' data-av_icon='\ue8fc' data-av_iconfont='entypo-fontello' title='' data-avia-related-tooltip='Compartir en LinkedIn' rel=\"noopener\"><span class='avia_hidden_link_text'>Compartir en LinkedIn<\/span><\/a><\/li><li class='av-share-link av-social-link-mail' ><a  aria-label=\"Compartir por correo\" href='mailto:?subject=INJUV%20lanza%20segunda%20versi%C3%B3n%20de%20cursos%20enfocados%20en%20el%20Plan%20de%20Formaci%C3%B3n%20de%20Voluntariado%20de%20Emergencia&#038;body=https:\/\/radiorevelacionfm.cl\/?p=49908' aria-hidden='false' data-av_icon='\ue805' data-av_iconfont='entypo-fontello' title='' data-avia-related-tooltip='Compartir por correo'><span class='avia_hidden_link_text'>Compartir por correo<\/span><\/a><\/li><\/ul><\/div><\/div>\n<div  style='height:50px' class='hr hr-invisible   avia-builder-el-8  el_after_av_social_share  el_before_av_comments_list '><span class='hr-inner ' ><span class='hr-inner-style'><\/span><\/span><\/div>\n<div  class='av-buildercomment  av-blog-meta-html-info-disabled av-blog-meta-tag-disabled  '><\/div>\n","protected":false},"excerpt":{"rendered":"","protected":false},"author":1,"featured_media":49909,"comment_status":"open","ping_status":"open","sticky":false,"template":"","format":"standard","meta":{"footnotes":""},"categories":[38],"tags":[],"class_list":["post-49908","post","type-post","status-publish","format-standard","has-post-thumbnail","hentry","category-regional"],"jetpack_featured_media_url":"https:\/\/radiorevelacionfm.cl\/wp-content\/uploads\/2025\/01\/foto-3-57-1_optimized-1.jpg","_links":{"self":[{"href":"https:\/\/radiorevelacionfm.cl\/index.php?rest_route=\/wp\/v2\/posts\/49908","targetHints":{"allow":["GET"]}}],"collection":[{"href":"https:\/\/radiorevelacionfm.cl\/index.php?rest_route=\/wp\/v2\/posts"}],"about":[{"href":"https:\/\/radiorevelacionfm.cl\/index.php?rest_route=\/wp\/v2\/types\/post"}],"author":[{"embeddable":true,"href":"https:\/\/radiorevelacionfm.cl\/index.php?rest_route=\/wp\/v2\/users\/1"}],"replies":[{"embeddable":true,"href":"https:\/\/radiorevelacionfm.cl\/index.php?rest_route=%2Fwp%2Fv2%2Fcomments&post=49908"}],"version-history":[{"count":1,"href":"https:\/\/radiorevelacionfm.cl\/index.php?rest_route=\/wp\/v2\/posts\/49908\/revisions"}],"predecessor-version":[{"id":49910,"href":"https:\/\/radiorevelacionfm.cl\/index.php?rest_route=\/wp\/v2\/posts\/49908\/revisions\/49910"}],"wp:featuredmedia":[{"embeddable":true,"href":"https:\/\/radiorevelacionfm.cl\/index.php?rest_route=\/wp\/v2\/media\/49909"}],"wp:attachment":[{"href":"https:\/\/radiorevelacionfm.cl\/index.php?rest_route=%2Fwp%2Fv2%2Fmedia&parent=49908"}],"wp:term":[{"taxonomy":"category","embeddable":true,"href":"https:\/\/radiorevelacionfm.cl\/index.php?rest_route=%2Fwp%2Fv2%2Fcategories&post=49908"},{"taxonomy":"post_tag","embeddable":true,"href":"https:\/\/radiorevelacionfm.cl\/index.php?rest_route=%2Fwp%2Fv2%2Ftags&post=49908"}],"curies":[{"name":"wp","href":"https:\/\/api.w.org\/{rel}","templated":true}]}}