{"id":4990,"date":"2021-06-07T18:59:37","date_gmt":"2021-06-07T21:59:37","guid":{"rendered":"https:\/\/radiorevelacionfm.cl\/?p=4990"},"modified":"2021-06-07T19:53:54","modified_gmt":"2021-06-07T22:53:54","slug":"una-cifra-cercana-a-84-mil-personas-en-aysen-recibirian-el-ife-universal","status":"publish","type":"post","link":"https:\/\/radiorevelacionfm.cl\/?p=4990","title":{"rendered":"\u00a0Una cifra cercana a 84 mil personas en Ays\u00e9n recibir\u00edan el IFE Universal"},"content":{"rendered":"<div class=\"flex_column av_one_full  flex_column_div av-zero-column-padding first  avia-builder-el-0  el_before_av_one_full  avia-builder-el-first  \" style='border-radius:0px; '><div  class='avia-image-container  av-styling-    avia-builder-el-1  avia-builder-el-no-sibling  avia-align-center '  itemprop=\"image\" itemscope=\"itemscope\" itemtype=\"https:\/\/schema.org\/ImageObject\"  ><div class='avia-image-container-inner'><div class='avia-image-overlay-wrap'><img decoding=\"async\" class='wp-image-4998 avia-img-lazy-loading-not-4998 avia_image' src=\"https:\/\/radiorevelacionfm.cl\/wp-content\/uploads\/2021\/06\/Billetes-15-1-1.jpg\" alt='' title='Billetes (15) (1) (1)' height=\"600\" width=\"1200\"  itemprop=\"thumbnailUrl\" srcset=\"https:\/\/radiorevelacionfm.cl\/wp-content\/uploads\/2021\/06\/Billetes-15-1-1.jpg 1200w, https:\/\/radiorevelacionfm.cl\/wp-content\/uploads\/2021\/06\/Billetes-15-1-1-300x150.jpg 300w, https:\/\/radiorevelacionfm.cl\/wp-content\/uploads\/2021\/06\/Billetes-15-1-1-1030x515.jpg 1030w, https:\/\/radiorevelacionfm.cl\/wp-content\/uploads\/2021\/06\/Billetes-15-1-1-768x384.jpg 768w, https:\/\/radiorevelacionfm.cl\/wp-content\/uploads\/2021\/06\/Billetes-15-1-1-705x353.jpg 705w, https:\/\/radiorevelacionfm.cl\/wp-content\/uploads\/2021\/06\/Billetes-15-1-1-600x300.jpg 600w\" sizes=\"(max-width: 1200px) 100vw, 1200px\" \/><\/div><\/div><\/div><\/div><div class=\"flex_column av_one_full  flex_column_div av-zero-column-padding first  avia-builder-el-2  el_after_av_one_full  el_before_av_one_full  column-top-margin\" style='border-radius:0px; '><section class=\"av_textblock_section \"  itemscope=\"itemscope\" itemtype=\"https:\/\/schema.org\/BlogPosting\" itemprop=\"blogPost\" ><div class='avia_textblock  '   itemprop=\"text\" ><p style=\"text-align: center;\"><strong><span style=\"font-size: 18pt;\">\u00a0Una cifra cercana a 84 mil personas en Ays\u00e9n recibir\u00edan el IFE Universal <\/span><\/strong><\/p>\n<div id=\"gtx-trans\" style=\"position: absolute; left: -50px; top: 4.31534px;\">\n<div class=\"gtx-trans-icon\"><\/div>\n<\/div>\n<\/div><\/section><\/div><\/p>\n<div class=\"flex_column av_one_full  flex_column_div av-zero-column-padding first  avia-builder-el-4  el_after_av_one_full  el_before_av_hr  column-top-margin\" style='border-radius:0px; '><section class=\"av_textblock_section \"  itemscope=\"itemscope\" itemtype=\"https:\/\/schema.org\/BlogPosting\" itemprop=\"blogPost\" ><div class='avia_textblock  '   itemprop=\"text\" ><p style=\"font-weight: 400; text-align: justify;\">El IFE universal lo recibir\u00e1n de manera autom\u00e1tica todos aquellos que lo obtuvieron en el mes de mayo. Y los que no lo han solicitado deben requerirlo en el sitio\u00a0<a href=\"http:\/\/ingresodeemergencia.cl\/\" data-saferedirecturl=\"https:\/\/www.google.com\/url?q=http:\/\/ingresodeemergencia.cl&amp;source=gmail&amp;ust=1623188203898000&amp;usg=AFQjCNG68OFXZe1Zu4oYR2a63hr-4ZHrwg\">ingresodeemergencia.cl<\/a>\u00a0hasta el 15 de junio.<\/p>\n<p style=\"font-weight: 400; text-align: justify;\">Incrementar de manera significativa y extendiendo en el tiempo el aporte del Estado para ayudar a los hogares afectados por la crisis sanitaria, es parte del objetivo de la ley promulgada \u2013este domingo\u2013 por el gobierno, el cual extiende un Ingreso Familiar de Emergencia (IFE) universal el que alcanzar\u00e1 al 100% de los inscritos en el Registro Social de Hogares, beneficiando as\u00ed a casi 84 mil personas y 37 mil hogares de la Regi\u00f3n de Ays\u00e9n.<\/p>\n<p style=\"font-weight: 400; text-align: justify;\">\u201cHace m\u00e1s de un a\u00f1o y medio de pandemia, el gobierno del Presidente Sebasti\u00e1n Pi\u00f1era cre\u00f3 el IFE como parte de la red de protecci\u00f3n social, con la finalidad de entregar un aporte significativo a los hogares del pa\u00eds y de nuestra regi\u00f3n. Hoy esta red, m\u00e1s amplia y robusta, se ha podido ampliar, fortalecer y simplificar para llegar a m\u00e1s personas y ser un soporte de sus necesidades\u201d,\u00a0recalc\u00f3 la\u00a0Intendenta Margarita Ossa.<\/p>\n<p style=\"font-weight: 400; text-align: justify;\">Las mejoras a este beneficio incluyen un importante aumento en los montos que recibir\u00e1n los hogares en los meses de junio, julio y agosto. Si en el IFE ampliado de abril y mayo el aporte que recibieron las familias fue de hasta $100 mil por integrante del hogar, con el IFE universal el monto ser\u00e1 de $177 mil para un hogar unipersonal, mientras que un hogar de tres personas recibir\u00e1 $400 mil y una familia de cuatro integrantes obtendr\u00e1 $500 mil.<\/p>\n<p style=\"font-weight: 400; text-align: justify;\"><strong>Solicitud<\/strong><\/p>\n<p style=\"font-weight: 400; text-align: justify;\">El IFE universal lo recibir\u00e1n de manera autom\u00e1tica todos aquellos que lo obtuvieron en el mes de mayo (este grupo no debe realizar ning\u00fan tr\u00e1mite). En cambio, todos aquellos que no han solicitado el beneficio, deben requerirlo en el sitio\u00a0<a href=\"http:\/\/ingresodeemergencia.cl\/\" data-saferedirecturl=\"https:\/\/www.google.com\/url?q=http:\/\/ingresodeemergencia.cl&amp;source=gmail&amp;ust=1623188203898000&amp;usg=AFQjCNG68OFXZe1Zu4oYR2a63hr-4ZHrwg\">ingresodeemergencia.cl<\/a>, cuya postulaci\u00f3n es hasta el 15 de junio y se empezar\u00e1 a entregar a partir del 29 del presente mes.<\/p>\n<p style=\"font-weight: 400; text-align: justify;\">Cabe destacar que solo los hogares pertenecientes al 10% de mayores ingresos del Registro Social de Hogares, es decir, aquellos que pertenezcan al tramo de menor vulnerabilidad y que tengan ingresos l\u00edquidos promedio por integrante sobre $800.000 no podr\u00e1n acceder a este beneficio. Con esto, por ejemplo, quedar\u00eda excluido un hogar de cuatro personas cuyo ingreso l\u00edquido total supere los $3,2 millones.<\/p>\n<\/div><\/section><\/div>\n<div  style='height:50px' class='hr hr-invisible   avia-builder-el-6  el_after_av_one_full  el_before_av_social_share '><span class='hr-inner ' ><span class='hr-inner-style'><\/span><\/span><\/div>\n<div  class='av-social-sharing-box  avia-builder-el-7  el_after_av_hr  el_before_av_hr  '><div class='av-share-box'><h5 class='av-share-link-description av-no-toc '>Compartir esta noticia<\/h5><ul class='av-share-box-list noLightbox'><li class='av-share-link av-social-link-facebook' ><a target=\"_blank\" aria-label=\"Compartir en Facebook\" href='https:\/\/www.facebook.com\/sharer.php?u=https:\/\/radiorevelacionfm.cl\/?p=4990&#038;t=%C2%A0Una%20cifra%20cercana%20a%2084%20mil%20personas%20en%20Ays%C3%A9n%20recibir%C3%ADan%20el%20IFE%20Universal' aria-hidden='false' data-av_icon='\ue8f3' data-av_iconfont='entypo-fontello' title='' data-avia-related-tooltip='Compartir en Facebook' rel=\"noopener\"><span class='avia_hidden_link_text'>Compartir en Facebook<\/span><\/a><\/li><li class='av-share-link av-social-link-twitter' ><a target=\"_blank\" aria-label=\"Compartir en Twitter\" href='https:\/\/twitter.com\/share?text=%C2%A0Una%20cifra%20cercana%20a%2084%20mil%20personas%20en%20Ays%C3%A9n%20recibir%C3%ADan%20el%20IFE%20Universal&#038;url=https:\/\/radiorevelacionfm.cl\/?p=4990' aria-hidden='false' data-av_icon='\ue8f1' data-av_iconfont='entypo-fontello' title='' data-avia-related-tooltip='Compartir en Twitter' rel=\"noopener\"><span class='avia_hidden_link_text'>Compartir en Twitter<\/span><\/a><\/li><li class='av-share-link av-social-link-whatsapp' ><a target=\"_blank\" aria-label=\"Compartir en Whatsapp\" href='https:\/\/api.whatsapp.com\/send?text=https:\/\/radiorevelacionfm.cl\/?p=4990' aria-hidden='false' data-av_icon='\uf232' data-av_iconfont='entypo-fontello' title='' data-avia-related-tooltip='Compartir en Whatsapp' rel=\"noopener\"><span class='avia_hidden_link_text'>Compartir en Whatsapp<\/span><\/a><\/li><li class='av-share-link av-social-link-linkedin' ><a target=\"_blank\" aria-label=\"Compartir en LinkedIn\" href='https:\/\/linkedin.com\/shareArticle?mini=true&#038;title=%C2%A0Una%20cifra%20cercana%20a%2084%20mil%20personas%20en%20Ays%C3%A9n%20recibir%C3%ADan%20el%20IFE%20Universal&#038;url=https:\/\/radiorevelacionfm.cl\/?p=4990' aria-hidden='false' data-av_icon='\ue8fc' data-av_iconfont='entypo-fontello' title='' data-avia-related-tooltip='Compartir en LinkedIn' rel=\"noopener\"><span class='avia_hidden_link_text'>Compartir en LinkedIn<\/span><\/a><\/li><li class='av-share-link av-social-link-mail' ><a  aria-label=\"Compartir por correo\" href='mailto:?subject=%C2%A0Una%20cifra%20cercana%20a%2084%20mil%20personas%20en%20Ays%C3%A9n%20recibir%C3%ADan%20el%20IFE%20Universal&#038;body=https:\/\/radiorevelacionfm.cl\/?p=4990' aria-hidden='false' data-av_icon='\ue805' data-av_iconfont='entypo-fontello' title='' data-avia-related-tooltip='Compartir por correo'><span class='avia_hidden_link_text'>Compartir por correo<\/span><\/a><\/li><\/ul><\/div><\/div>\n<div  style='height:50px' class='hr hr-invisible   avia-builder-el-8  el_after_av_social_share  el_before_av_comments_list '><span class='hr-inner ' ><span class='hr-inner-style'><\/span><\/span><\/div>\n<div  class='av-buildercomment  av-blog-meta-html-info-disabled av-blog-meta-tag-disabled  '><\/div>\n","protected":false},"excerpt":{"rendered":"","protected":false},"author":1,"featured_media":4998,"comment_status":"open","ping_status":"open","sticky":false,"template":"","format":"standard","meta":{"footnotes":""},"categories":[38],"tags":[],"class_list":["post-4990","post","type-post","status-publish","format-standard","has-post-thumbnail","hentry","category-regional"],"jetpack_featured_media_url":"https:\/\/radiorevelacionfm.cl\/wp-content\/uploads\/2021\/06\/Billetes-15-1-1.jpg","_links":{"self":[{"href":"https:\/\/radiorevelacionfm.cl\/index.php?rest_route=\/wp\/v2\/posts\/4990","targetHints":{"allow":["GET"]}}],"collection":[{"href":"https:\/\/radiorevelacionfm.cl\/index.php?rest_route=\/wp\/v2\/posts"}],"about":[{"href":"https:\/\/radiorevelacionfm.cl\/index.php?rest_route=\/wp\/v2\/types\/post"}],"author":[{"embeddable":true,"href":"https:\/\/radiorevelacionfm.cl\/index.php?rest_route=\/wp\/v2\/users\/1"}],"replies":[{"embeddable":true,"href":"https:\/\/radiorevelacionfm.cl\/index.php?rest_route=%2Fwp%2Fv2%2Fcomments&post=4990"}],"version-history":[{"count":4,"href":"https:\/\/radiorevelacionfm.cl\/index.php?rest_route=\/wp\/v2\/posts\/4990\/revisions"}],"predecessor-version":[{"id":5000,"href":"https:\/\/radiorevelacionfm.cl\/index.php?rest_route=\/wp\/v2\/posts\/4990\/revisions\/5000"}],"wp:featuredmedia":[{"embeddable":true,"href":"https:\/\/radiorevelacionfm.cl\/index.php?rest_route=\/wp\/v2\/media\/4998"}],"wp:attachment":[{"href":"https:\/\/radiorevelacionfm.cl\/index.php?rest_route=%2Fwp%2Fv2%2Fmedia&parent=4990"}],"wp:term":[{"taxonomy":"category","embeddable":true,"href":"https:\/\/radiorevelacionfm.cl\/index.php?rest_route=%2Fwp%2Fv2%2Fcategories&post=4990"},{"taxonomy":"post_tag","embeddable":true,"href":"https:\/\/radiorevelacionfm.cl\/index.php?rest_route=%2Fwp%2Fv2%2Ftags&post=4990"}],"curies":[{"name":"wp","href":"https:\/\/api.w.org\/{rel}","templated":true}]}}