{"id":49899,"date":"2025-01-22T10:46:22","date_gmt":"2025-01-22T13:46:22","guid":{"rendered":"https:\/\/radiorevelacionfm.cl\/?p=49899"},"modified":"2025-01-22T10:58:44","modified_gmt":"2025-01-22T13:58:44","slug":"refuerzan-llamado-por-un-verano-seguro-con-una-feria-donde-diferentes-servicios-publicos-presentaron-su-oferta-programatica","status":"publish","type":"post","link":"https:\/\/radiorevelacionfm.cl\/?p=49899","title":{"rendered":"Refuerzan llamado por un Verano Seguro con feria donde diferentes servicios p\u00fablicos presentaron su oferta program\u00e1tica"},"content":{"rendered":"<div class=\"flex_column av_one_full  flex_column_div av-zero-column-padding first  avia-builder-el-0  el_before_av_one_full  avia-builder-el-first  \" style='border-radius:0px; '><div  class='avia-image-container  av-styling-    avia-builder-el-1  avia-builder-el-no-sibling  avia-align-center '  itemprop=\"image\" itemscope=\"itemscope\" itemtype=\"https:\/\/schema.org\/ImageObject\"  ><div class='avia-image-container-inner'><div class='avia-image-overlay-wrap'><img decoding=\"async\" class='wp-image-49900 avia-img-lazy-loading-not-49900 avia_image' src=\"https:\/\/radiorevelacionfm.cl\/wp-content\/uploads\/2025\/01\/foto-3-35-1_optimized.jpeg\" alt='' title='foto-3-(35)-(1)_optimized' height=\"600\" width=\"830\"  itemprop=\"thumbnailUrl\" srcset=\"https:\/\/radiorevelacionfm.cl\/wp-content\/uploads\/2025\/01\/foto-3-35-1_optimized.jpeg 830w, https:\/\/radiorevelacionfm.cl\/wp-content\/uploads\/2025\/01\/foto-3-35-1_optimized-300x217.jpeg 300w, https:\/\/radiorevelacionfm.cl\/wp-content\/uploads\/2025\/01\/foto-3-35-1_optimized-768x555.jpeg 768w, https:\/\/radiorevelacionfm.cl\/wp-content\/uploads\/2025\/01\/foto-3-35-1_optimized-705x510.jpeg 705w, https:\/\/radiorevelacionfm.cl\/wp-content\/uploads\/2025\/01\/foto-3-35-1_optimized-450x325.jpeg 450w, https:\/\/radiorevelacionfm.cl\/wp-content\/uploads\/2025\/01\/foto-3-35-1_optimized-600x434.jpeg 600w\" sizes=\"(max-width: 830px) 100vw, 830px\" \/><\/div><\/div><\/div><\/div>\n<div class=\"flex_column av_one_full  flex_column_div av-zero-column-padding first  avia-builder-el-2  el_after_av_one_full  el_before_av_one_full  column-top-margin\" style='border-radius:0px; '><section class=\"av_textblock_section \"  itemscope=\"itemscope\" itemtype=\"https:\/\/schema.org\/BlogPosting\" itemprop=\"blogPost\" ><div class='avia_textblock  '   itemprop=\"text\" ><p style=\"text-align: center;\"><strong><span style=\"font-size: 18pt;\">Refuerzan llamado por un Verano Seguro con feria donde diferentes servicios p\u00fablicos presentaron su oferta program\u00e1tica<\/span><\/strong><\/p>\n<div id=\"gtx-trans\" style=\"position: absolute; left: -50px; top: 4.31534px;\">\n<div class=\"gtx-trans-icon\"><\/div>\n<\/div>\n<\/div><\/section><\/div><div class=\"flex_column av_one_full  flex_column_div av-zero-column-padding first  avia-builder-el-4  el_after_av_one_full  el_before_av_hr  column-top-margin\" style='border-radius:0px; '><section class=\"av_textblock_section \"  itemscope=\"itemscope\" itemtype=\"https:\/\/schema.org\/BlogPosting\" itemprop=\"blogPost\" ><div class='avia_textblock  '   itemprop=\"text\" ><p class=\"v1MsoNormal\" style=\"text-align: justify;\">En el centro de Coyhaique y con una feria de servicios encabezada por autoridades regionales se reforz\u00f3 el llamado al autocuidado y a la prevenci\u00f3n de cara a la temporada estival 2025.<\/p>\n<p class=\"v1MsoNormal\" style=\"text-align: justify;\">En la ocasi\u00f3n, el Delegado Regional Jorge D\u00edaz apunt\u00f3 a la necesidad de adoptar ciertas precauciones, para disfrutar de un verano seguro. \u00abEso significa que junto a cada ciudadano y cada visitante de la Patagonia Central, prevengamos los riesgos y los incendios forestales, que es lo que m\u00e1s nos preocupa en esta temporada, as\u00ed como tambi\u00e9n promover el autocuidado, manejar respetando las normas del tr\u00e1nsito y todo aquello que significa el cuidado de nuestras familias y nuestro entorno\u00bb, dijo.<\/p>\n<p class=\"v1MsoNormal\" style=\"text-align: justify;\">En tanto, desde Carabineros de Ays\u00e9n relevaron que para esta \u00e9poca estival, cuentan con 17 uniformados para apoyar servicios policiales como el control de carreteras. De igual forma, se destac\u00f3 la presencia institucional en el sector del Paso Marconi, para reforzar y resguardar la soberan\u00eda en este cruce internacional ubicado en uno de los sectores m\u00e1s alejados de nuestra Patagonia.<\/p>\n<p class=\"v1MsoNormal\" style=\"text-align: justify;\">Por su parte, el Seremi de Transportes y Telecomunicaciones, Hans Zimmermann, formul\u00f3 un llamado a prevenir \u00absiniestros viales\u00bb, por lo que inst\u00f3 a los visitantes de la regi\u00f3n y a los turistas a planificar su viaje y permanecer atentos a las condiciones clim\u00e1ticas as\u00ed como a las de la ruta, ante eventuales cortes de tr\u00e1nsito.<\/p>\n<p class=\"v1MsoNormal\" style=\"text-align: justify;\">Sandra Navarro, Directora (S) de Sernatur, se refiri\u00f3 a la importancia de utilizar servicios tur\u00edsticos registrados, indicando que aquello genera m\u00e1s seguridad en lo relacionado con est\u00e1ndares de calidad y el cumplimiento de normativas. \u00abLa idea es justamente revisar que se cumpla la normativa y que el turista que viene, tenga seguridad en el servicio que est\u00e1 adquiriendo\u00bb, dijo.<\/p>\n<p class=\"v1MsoNormal\" style=\"text-align: justify;\">El Seremi de Agricultura, Eugenio Ruiz, destac\u00f3 que con apoyo de CONAF, la regi\u00f3n cuenta hoy con 16 brigadas equipadas para hacer frente a los siniestros. \u00abA la fecha \u2013precis\u00f3-, son 23 incendios forestales registrados con un total de 384 hect\u00e1reas afectadas, por lo que insistimos en el llamado a la ciudadan\u00eda a seguir recomendaciones preventivas, como limpiar la vegetaci\u00f3n seca alrededor de sus casas, para que juntas y juntos evitemos m\u00e1s cat\u00e1strofes\u00bb.<\/p>\n<p class=\"v1MsoNormal\" style=\"text-align: justify;\">Finalmente, la vocera regional, \u00darsula Mix Jim\u00e9nez, se\u00f1al\u00f3: \u00abEl Gobierno del presidente Boric tiene como prioridad la agenda de seguridad a trav\u00e9s de toda su institucionalidad, y por eso hoy estamos junto a la Seremi de la Mujer,\u00a0 a funcionarios de la Seremi de Salud y otros servicios, para promover un verano que todas y todos podamos disfrutar\u00bb.<\/p>\n<\/div><\/section><\/div><\/p>\n<div  style='height:50px' class='hr hr-invisible   avia-builder-el-6  el_after_av_one_full  el_before_av_social_share '><span class='hr-inner ' ><span class='hr-inner-style'><\/span><\/span><\/div>\n<div  class='av-social-sharing-box  avia-builder-el-7  el_after_av_hr  el_before_av_hr  '><div class='av-share-box'><h5 class='av-share-link-description av-no-toc '>Compartir esta noticia<\/h5><ul class='av-share-box-list noLightbox'><li class='av-share-link av-social-link-facebook' ><a target=\"_blank\" aria-label=\"Compartir en Facebook\" href='https:\/\/www.facebook.com\/sharer.php?u=https:\/\/radiorevelacionfm.cl\/?p=49899&#038;t=Refuerzan%20llamado%20por%20un%20Verano%20Seguro%20con%20feria%20donde%20diferentes%20servicios%20p%C3%BAblicos%20presentaron%20su%20oferta%20program%C3%A1tica' aria-hidden='false' data-av_icon='\ue8f3' data-av_iconfont='entypo-fontello' title='' data-avia-related-tooltip='Compartir en Facebook' rel=\"noopener\"><span class='avia_hidden_link_text'>Compartir en Facebook<\/span><\/a><\/li><li class='av-share-link av-social-link-twitter' ><a target=\"_blank\" aria-label=\"Compartir en Twitter\" href='https:\/\/twitter.com\/share?text=Refuerzan%20llamado%20por%20un%20Verano%20Seguro%20con%20feria%20donde%20diferentes%20servicios%20p%C3%BAblicos%20presentaron%20su%20oferta%20program%C3%A1tica&#038;url=https:\/\/radiorevelacionfm.cl\/?p=49899' aria-hidden='false' data-av_icon='\ue8f1' data-av_iconfont='entypo-fontello' title='' data-avia-related-tooltip='Compartir en Twitter' rel=\"noopener\"><span class='avia_hidden_link_text'>Compartir en Twitter<\/span><\/a><\/li><li class='av-share-link av-social-link-whatsapp' ><a target=\"_blank\" aria-label=\"Compartir en Whatsapp\" href='https:\/\/api.whatsapp.com\/send?text=https:\/\/radiorevelacionfm.cl\/?p=49899' aria-hidden='false' data-av_icon='\uf232' data-av_iconfont='entypo-fontello' title='' data-avia-related-tooltip='Compartir en Whatsapp' rel=\"noopener\"><span class='avia_hidden_link_text'>Compartir en Whatsapp<\/span><\/a><\/li><li class='av-share-link av-social-link-linkedin' ><a target=\"_blank\" aria-label=\"Compartir en LinkedIn\" href='https:\/\/linkedin.com\/shareArticle?mini=true&#038;title=Refuerzan%20llamado%20por%20un%20Verano%20Seguro%20con%20feria%20donde%20diferentes%20servicios%20p%C3%BAblicos%20presentaron%20su%20oferta%20program%C3%A1tica&#038;url=https:\/\/radiorevelacionfm.cl\/?p=49899' aria-hidden='false' data-av_icon='\ue8fc' data-av_iconfont='entypo-fontello' title='' data-avia-related-tooltip='Compartir en LinkedIn' rel=\"noopener\"><span class='avia_hidden_link_text'>Compartir en LinkedIn<\/span><\/a><\/li><li class='av-share-link av-social-link-mail' ><a  aria-label=\"Compartir por correo\" href='mailto:?subject=Refuerzan%20llamado%20por%20un%20Verano%20Seguro%20con%20feria%20donde%20diferentes%20servicios%20p%C3%BAblicos%20presentaron%20su%20oferta%20program%C3%A1tica&#038;body=https:\/\/radiorevelacionfm.cl\/?p=49899' aria-hidden='false' data-av_icon='\ue805' data-av_iconfont='entypo-fontello' title='' data-avia-related-tooltip='Compartir por correo'><span class='avia_hidden_link_text'>Compartir por correo<\/span><\/a><\/li><\/ul><\/div><\/div>\n<div  style='height:50px' class='hr hr-invisible   avia-builder-el-8  el_after_av_social_share  el_before_av_comments_list '><span class='hr-inner ' ><span class='hr-inner-style'><\/span><\/span><\/div>\n<div  class='av-buildercomment  av-blog-meta-html-info-disabled av-blog-meta-tag-disabled  '><\/div>\n","protected":false},"excerpt":{"rendered":"","protected":false},"author":1,"featured_media":49900,"comment_status":"open","ping_status":"open","sticky":false,"template":"","format":"standard","meta":{"footnotes":""},"categories":[38],"tags":[],"class_list":["post-49899","post","type-post","status-publish","format-standard","has-post-thumbnail","hentry","category-regional"],"jetpack_featured_media_url":"https:\/\/radiorevelacionfm.cl\/wp-content\/uploads\/2025\/01\/foto-3-35-1_optimized.jpeg","_links":{"self":[{"href":"https:\/\/radiorevelacionfm.cl\/index.php?rest_route=\/wp\/v2\/posts\/49899","targetHints":{"allow":["GET"]}}],"collection":[{"href":"https:\/\/radiorevelacionfm.cl\/index.php?rest_route=\/wp\/v2\/posts"}],"about":[{"href":"https:\/\/radiorevelacionfm.cl\/index.php?rest_route=\/wp\/v2\/types\/post"}],"author":[{"embeddable":true,"href":"https:\/\/radiorevelacionfm.cl\/index.php?rest_route=\/wp\/v2\/users\/1"}],"replies":[{"embeddable":true,"href":"https:\/\/radiorevelacionfm.cl\/index.php?rest_route=%2Fwp%2Fv2%2Fcomments&post=49899"}],"version-history":[{"count":2,"href":"https:\/\/radiorevelacionfm.cl\/index.php?rest_route=\/wp\/v2\/posts\/49899\/revisions"}],"predecessor-version":[{"id":49902,"href":"https:\/\/radiorevelacionfm.cl\/index.php?rest_route=\/wp\/v2\/posts\/49899\/revisions\/49902"}],"wp:featuredmedia":[{"embeddable":true,"href":"https:\/\/radiorevelacionfm.cl\/index.php?rest_route=\/wp\/v2\/media\/49900"}],"wp:attachment":[{"href":"https:\/\/radiorevelacionfm.cl\/index.php?rest_route=%2Fwp%2Fv2%2Fmedia&parent=49899"}],"wp:term":[{"taxonomy":"category","embeddable":true,"href":"https:\/\/radiorevelacionfm.cl\/index.php?rest_route=%2Fwp%2Fv2%2Fcategories&post=49899"},{"taxonomy":"post_tag","embeddable":true,"href":"https:\/\/radiorevelacionfm.cl\/index.php?rest_route=%2Fwp%2Fv2%2Ftags&post=49899"}],"curies":[{"name":"wp","href":"https:\/\/api.w.org\/{rel}","templated":true}]}}