{"id":49896,"date":"2025-01-22T09:59:51","date_gmt":"2025-01-22T12:59:51","guid":{"rendered":"https:\/\/radiorevelacionfm.cl\/?p=49896"},"modified":"2025-01-22T09:59:51","modified_gmt":"2025-01-22T12:59:51","slug":"gobierno-avanza-en-soluciones-ante-crisis-hidrica-en-islas-huichas","status":"publish","type":"post","link":"https:\/\/radiorevelacionfm.cl\/?p=49896","title":{"rendered":"Gobierno avanza en soluciones ante crisis h\u00eddrica en Islas Huichas"},"content":{"rendered":"<div class=\"flex_column av_one_full  flex_column_div av-zero-column-padding first  avia-builder-el-0  el_before_av_one_full  avia-builder-el-first  \" style='border-radius:0px; '><div  class='avia-image-container  av-styling-    avia-builder-el-1  avia-builder-el-no-sibling  avia-align-center '  itemprop=\"image\" itemscope=\"itemscope\" itemtype=\"https:\/\/schema.org\/ImageObject\"  ><div class='avia-image-container-inner'><div class='avia-image-overlay-wrap'><img decoding=\"async\" class='wp-image-49897 avia-img-lazy-loading-not-49897 avia_image' src=\"https:\/\/radiorevelacionfm.cl\/wp-content\/uploads\/2025\/01\/foto-2-delegado-y-director-en-barcaza-1_optimized.jpg\" alt='' title='foto-2-delegado-y-director-en-barcaza-(1)_optimized' height=\"600\" width=\"1067\"  itemprop=\"thumbnailUrl\" srcset=\"https:\/\/radiorevelacionfm.cl\/wp-content\/uploads\/2025\/01\/foto-2-delegado-y-director-en-barcaza-1_optimized.jpg 1067w, https:\/\/radiorevelacionfm.cl\/wp-content\/uploads\/2025\/01\/foto-2-delegado-y-director-en-barcaza-1_optimized-300x169.jpg 300w, https:\/\/radiorevelacionfm.cl\/wp-content\/uploads\/2025\/01\/foto-2-delegado-y-director-en-barcaza-1_optimized-1030x579.jpg 1030w, https:\/\/radiorevelacionfm.cl\/wp-content\/uploads\/2025\/01\/foto-2-delegado-y-director-en-barcaza-1_optimized-768x432.jpg 768w, https:\/\/radiorevelacionfm.cl\/wp-content\/uploads\/2025\/01\/foto-2-delegado-y-director-en-barcaza-1_optimized-705x396.jpg 705w, https:\/\/radiorevelacionfm.cl\/wp-content\/uploads\/2025\/01\/foto-2-delegado-y-director-en-barcaza-1_optimized-450x253.jpg 450w, https:\/\/radiorevelacionfm.cl\/wp-content\/uploads\/2025\/01\/foto-2-delegado-y-director-en-barcaza-1_optimized-600x337.jpg 600w\" sizes=\"(max-width: 1067px) 100vw, 1067px\" \/><\/div><\/div><\/div><\/div><div class=\"flex_column av_one_full  flex_column_div av-zero-column-padding first  avia-builder-el-2  el_after_av_one_full  el_before_av_one_full  column-top-margin\" style='border-radius:0px; '><section class=\"av_textblock_section \"  itemscope=\"itemscope\" itemtype=\"https:\/\/schema.org\/BlogPosting\" itemprop=\"blogPost\" ><div class='avia_textblock  '   itemprop=\"text\" ><p style=\"text-align: center;\"><strong><span style=\"font-size: 18pt;\">Gobierno avanza en soluciones ante crisis h\u00eddrica en Islas Huichas<\/span><\/strong><\/p>\n<div id=\"gtx-trans\" style=\"position: absolute; left: -50px; top: 4.31534px;\">\n<div class=\"gtx-trans-icon\"><\/div>\n<\/div>\n<\/div><\/section><\/div><div class=\"flex_column av_one_full  flex_column_div av-zero-column-padding first  avia-builder-el-4  el_after_av_one_full  el_before_av_hr  column-top-margin\" style='border-radius:0px; '><section class=\"av_textblock_section \"  itemscope=\"itemscope\" itemtype=\"https:\/\/schema.org\/BlogPosting\" itemprop=\"blogPost\" ><div class='avia_textblock  '   itemprop=\"text\" ><p style=\"text-align: justify;\">La Delegaci\u00f3n Presidencial Provincial de Ays\u00e9n inici\u00f3 la semana con un Cogrid liderado por Rodrigo Moreno Rivera, Delegado Presidencial Provincial para abordar la situaci\u00f3n h\u00eddrica que afecta a la comunidad de Puerto Aguirre. En esta instancia participaron la Armada, el Ej\u00e9rcito, Bomberos, la Autoridad Sanitaria, la Seremi de Obras P\u00fablicas, la Direcci\u00f3n de Obras Hidr\u00e1ulicas (DOH), Conaf, Carabineros, Senapred y el alcalde de la comuna de Ays\u00e9n. Durante la reuni\u00f3n se levantaron los principales temas de emergencia y se coordinaron acciones y recursos para los pr\u00f3ximos d\u00edas.<\/p>\n<p style=\"text-align: justify;\">La problem\u00e1tica se evidenci\u00f3 la semana pasada, cuando el Delegado y la Direcci\u00f3n de Obras Hidr\u00e1ulicas visitaron en terreno a los dirigentes del APR para analizar la log\u00edstica del suministro de agua en Islas Huichas. En esta instancia, revisaron las instalaciones, el proceso de osmosis inversa y el trabajo realizado por los profesionales de la DOH en la zona tras una crisis anterior en la planta desalinizadora.<\/p>\n<p style=\"text-align: justify;\">La escasez h\u00eddrica que afecta a Puerto Aguirre es parte de un problema m\u00e1s amplio que vive tanto la regi\u00f3n de Ays\u00e9n como el pa\u00eds. Por ello, el gobierno est\u00e1 trabajando en soluciones definitivas que aseguren el suministro de este recurso vital para toda la comunidad en el menor plazo posible.<\/p>\n<p style=\"text-align: justify;\">Como parte de las medidas inmediatas, este lunes se realiz\u00f3 un operativo de emergencia en el\u00a0 que junto a diferentes empresas del sector privado, se envi\u00f3 un cargamento aproximado de 100 m\u00b3 de agua para paliar la crisis mientras se trabaja en una soluci\u00f3n definitiva para la comunidad.<\/p>\n<p style=\"text-align: justify;\">El Delegado Presidencial Provincial, Rodrigo Moreno Rivera, se\u00f1al\u00f3 que \u00abEn primera instancia agradecer al sector privado y a todas las instituciones que se han puesto a disposici\u00f3n para aportar ante la emergencia.<\/p>\n<p style=\"text-align: justify;\">En Islas Huichas enfrentamos una crisis h\u00eddrica grave, sumada a las fallas reiterativas en la planta de osmosis, es que nos vemos enfrentados a esta emergencia.<\/p>\n<p style=\"text-align: justify;\">Nuestro objetivo es que en un plazo de 30 d\u00edas la planta vuelva a funcionar correctamente. Mientras tanto, estamos trasladando entre 100 y 120 m\u00b3 de agua diariamente para garantizar el suministro y en paralelo buscamos una soluci\u00f3n que nos permita retornar a la normalidad en la isla, que es nuestra principal prioridad.\u00bb<\/p>\n<p style=\"text-align: justify;\">Por su parte, Francisco del Real, director de Obras Hidr\u00e1ulicas de la regi\u00f3n de Ays\u00e9n, afirm\u00f3 que, \u00abDesde el 11 de enero hemos estado presentes en la isla, trabajando junto al comit\u00e9 para optimizar el sistema de osmosis de la planta desalinizadora y asegurar el buen funcionamiento del generador. Una vez superada esta emergencia, impulsaremos un proyecto que permita aumentar la capacidad de agua potable en la localidad, considerando las condiciones de escasez que afectan a la isla no solo en verano, sino tambi\u00e9n en meses como septiembre y octubre.\u00bb<\/p>\n<p style=\"text-align: justify;\">Finalmente, se espera que la barcaza Leptepu arribe a Puerto Aguirre durante la noche de este martes con un nuevo cargamento de agua, aportando tranquilidad y estabilidad a la comunidad.<\/p>\n<\/div><\/section><\/div><div  style='height:50px' class='hr hr-invisible   avia-builder-el-6  el_after_av_one_full  el_before_av_social_share '><span class='hr-inner ' ><span class='hr-inner-style'><\/span><\/span><\/div><\/p>\n<div  class='av-social-sharing-box  avia-builder-el-7  el_after_av_hr  el_before_av_hr  '><div class='av-share-box'><h5 class='av-share-link-description av-no-toc '>Compartir esta noticia<\/h5><ul class='av-share-box-list noLightbox'><li class='av-share-link av-social-link-facebook' ><a target=\"_blank\" aria-label=\"Compartir en Facebook\" href='https:\/\/www.facebook.com\/sharer.php?u=https:\/\/radiorevelacionfm.cl\/?p=49896&#038;t=Gobierno%20avanza%20en%20soluciones%20ante%20crisis%20h%C3%ADdrica%20en%20Islas%20Huichas' aria-hidden='false' data-av_icon='\ue8f3' data-av_iconfont='entypo-fontello' title='' data-avia-related-tooltip='Compartir en Facebook' rel=\"noopener\"><span class='avia_hidden_link_text'>Compartir en Facebook<\/span><\/a><\/li><li class='av-share-link av-social-link-twitter' ><a target=\"_blank\" aria-label=\"Compartir en Twitter\" href='https:\/\/twitter.com\/share?text=Gobierno%20avanza%20en%20soluciones%20ante%20crisis%20h%C3%ADdrica%20en%20Islas%20Huichas&#038;url=https:\/\/radiorevelacionfm.cl\/?p=49896' aria-hidden='false' data-av_icon='\ue8f1' data-av_iconfont='entypo-fontello' title='' data-avia-related-tooltip='Compartir en Twitter' rel=\"noopener\"><span class='avia_hidden_link_text'>Compartir en Twitter<\/span><\/a><\/li><li class='av-share-link av-social-link-whatsapp' ><a target=\"_blank\" aria-label=\"Compartir en Whatsapp\" href='https:\/\/api.whatsapp.com\/send?text=https:\/\/radiorevelacionfm.cl\/?p=49896' aria-hidden='false' data-av_icon='\uf232' data-av_iconfont='entypo-fontello' title='' data-avia-related-tooltip='Compartir en Whatsapp' rel=\"noopener\"><span class='avia_hidden_link_text'>Compartir en Whatsapp<\/span><\/a><\/li><li class='av-share-link av-social-link-linkedin' ><a target=\"_blank\" aria-label=\"Compartir en LinkedIn\" href='https:\/\/linkedin.com\/shareArticle?mini=true&#038;title=Gobierno%20avanza%20en%20soluciones%20ante%20crisis%20h%C3%ADdrica%20en%20Islas%20Huichas&#038;url=https:\/\/radiorevelacionfm.cl\/?p=49896' aria-hidden='false' data-av_icon='\ue8fc' data-av_iconfont='entypo-fontello' title='' data-avia-related-tooltip='Compartir en LinkedIn' rel=\"noopener\"><span class='avia_hidden_link_text'>Compartir en LinkedIn<\/span><\/a><\/li><li class='av-share-link av-social-link-mail' ><a  aria-label=\"Compartir por correo\" href='mailto:?subject=Gobierno%20avanza%20en%20soluciones%20ante%20crisis%20h%C3%ADdrica%20en%20Islas%20Huichas&#038;body=https:\/\/radiorevelacionfm.cl\/?p=49896' aria-hidden='false' data-av_icon='\ue805' data-av_iconfont='entypo-fontello' title='' data-avia-related-tooltip='Compartir por correo'><span class='avia_hidden_link_text'>Compartir por correo<\/span><\/a><\/li><\/ul><\/div><\/div>\n<div  style='height:50px' class='hr hr-invisible   avia-builder-el-8  el_after_av_social_share  el_before_av_comments_list '><span class='hr-inner ' ><span class='hr-inner-style'><\/span><\/span><\/div>\n<div  class='av-buildercomment  av-blog-meta-html-info-disabled av-blog-meta-tag-disabled  '><\/div>\n","protected":false},"excerpt":{"rendered":"","protected":false},"author":1,"featured_media":49897,"comment_status":"open","ping_status":"open","sticky":false,"template":"","format":"standard","meta":{"footnotes":""},"categories":[38],"tags":[],"class_list":["post-49896","post","type-post","status-publish","format-standard","has-post-thumbnail","hentry","category-regional"],"jetpack_featured_media_url":"https:\/\/radiorevelacionfm.cl\/wp-content\/uploads\/2025\/01\/foto-2-delegado-y-director-en-barcaza-1_optimized.jpg","_links":{"self":[{"href":"https:\/\/radiorevelacionfm.cl\/index.php?rest_route=\/wp\/v2\/posts\/49896","targetHints":{"allow":["GET"]}}],"collection":[{"href":"https:\/\/radiorevelacionfm.cl\/index.php?rest_route=\/wp\/v2\/posts"}],"about":[{"href":"https:\/\/radiorevelacionfm.cl\/index.php?rest_route=\/wp\/v2\/types\/post"}],"author":[{"embeddable":true,"href":"https:\/\/radiorevelacionfm.cl\/index.php?rest_route=\/wp\/v2\/users\/1"}],"replies":[{"embeddable":true,"href":"https:\/\/radiorevelacionfm.cl\/index.php?rest_route=%2Fwp%2Fv2%2Fcomments&post=49896"}],"version-history":[{"count":1,"href":"https:\/\/radiorevelacionfm.cl\/index.php?rest_route=\/wp\/v2\/posts\/49896\/revisions"}],"predecessor-version":[{"id":49898,"href":"https:\/\/radiorevelacionfm.cl\/index.php?rest_route=\/wp\/v2\/posts\/49896\/revisions\/49898"}],"wp:featuredmedia":[{"embeddable":true,"href":"https:\/\/radiorevelacionfm.cl\/index.php?rest_route=\/wp\/v2\/media\/49897"}],"wp:attachment":[{"href":"https:\/\/radiorevelacionfm.cl\/index.php?rest_route=%2Fwp%2Fv2%2Fmedia&parent=49896"}],"wp:term":[{"taxonomy":"category","embeddable":true,"href":"https:\/\/radiorevelacionfm.cl\/index.php?rest_route=%2Fwp%2Fv2%2Fcategories&post=49896"},{"taxonomy":"post_tag","embeddable":true,"href":"https:\/\/radiorevelacionfm.cl\/index.php?rest_route=%2Fwp%2Fv2%2Ftags&post=49896"}],"curies":[{"name":"wp","href":"https:\/\/api.w.org\/{rel}","templated":true}]}}