{"id":49890,"date":"2025-01-21T17:59:10","date_gmt":"2025-01-21T20:59:10","guid":{"rendered":"https:\/\/radiorevelacionfm.cl\/?p=49890"},"modified":"2025-01-21T17:59:10","modified_gmt":"2025-01-21T20:59:10","slug":"coyhaique-pdi-investiga-maltrato-animal-denunciado-por-redes-sociales","status":"publish","type":"post","link":"https:\/\/radiorevelacionfm.cl\/?p=49890","title":{"rendered":"Coyhaique: PDI investiga maltrato animal denunciado por redes sociales"},"content":{"rendered":"<div class=\"flex_column av_one_full  flex_column_div av-zero-column-padding first  avia-builder-el-0  el_before_av_one_full  avia-builder-el-first  \" style='border-radius:0px; '><div  class='avia-image-container  av-styling-    avia-builder-el-1  avia-builder-el-no-sibling  avia-align-center '  itemprop=\"image\" itemscope=\"itemscope\" itemtype=\"https:\/\/schema.org\/ImageObject\"  ><div class='avia-image-container-inner'><div class='avia-image-overlay-wrap'><img decoding=\"async\" class='wp-image-49891 avia-img-lazy-loading-not-49891 avia_image' src=\"https:\/\/radiorevelacionfm.cl\/wp-content\/uploads\/2025\/01\/img_4890-1_optimized-1.jpg\" alt='' title='img_4890-(1)_optimized (1)' height=\"600\" width=\"800\"  itemprop=\"thumbnailUrl\" srcset=\"https:\/\/radiorevelacionfm.cl\/wp-content\/uploads\/2025\/01\/img_4890-1_optimized-1.jpg 800w, https:\/\/radiorevelacionfm.cl\/wp-content\/uploads\/2025\/01\/img_4890-1_optimized-1-300x225.jpg 300w, https:\/\/radiorevelacionfm.cl\/wp-content\/uploads\/2025\/01\/img_4890-1_optimized-1-768x576.jpg 768w, https:\/\/radiorevelacionfm.cl\/wp-content\/uploads\/2025\/01\/img_4890-1_optimized-1-705x529.jpg 705w, https:\/\/radiorevelacionfm.cl\/wp-content\/uploads\/2025\/01\/img_4890-1_optimized-1-450x338.jpg 450w, https:\/\/radiorevelacionfm.cl\/wp-content\/uploads\/2025\/01\/img_4890-1_optimized-1-600x450.jpg 600w\" sizes=\"(max-width: 800px) 100vw, 800px\" \/><\/div><\/div><\/div><\/div><div class=\"flex_column av_one_full  flex_column_div av-zero-column-padding first  avia-builder-el-2  el_after_av_one_full  el_before_av_one_full  column-top-margin\" style='border-radius:0px; '><section class=\"av_textblock_section \"  itemscope=\"itemscope\" itemtype=\"https:\/\/schema.org\/BlogPosting\" itemprop=\"blogPost\" ><div class='avia_textblock  '   itemprop=\"text\" ><p style=\"text-align: center;\"><span style=\"font-size: 18pt;\"><strong>Coyhaique: PDI investiga maltrato animal denunciado por redes sociales<\/strong><\/span><\/p>\n<div id=\"gtx-trans\" style=\"position: absolute; left: -50px; top: 4.31534px;\">\n<div class=\"gtx-trans-icon\"><\/div>\n<\/div>\n<\/div><\/section><\/div><div class=\"flex_column av_one_full  flex_column_div av-zero-column-padding first  avia-builder-el-4  el_after_av_one_full  el_before_av_hr  column-top-margin\" style='border-radius:0px; '><section class=\"av_textblock_section \"  itemscope=\"itemscope\" itemtype=\"https:\/\/schema.org\/BlogPosting\" itemprop=\"blogPost\" ><div class='avia_textblock  '   itemprop=\"text\" ><p style=\"text-align: justify;\">Durante la ma\u00f1ana de este martes, detectives de la Brigada Investigadora de Delitos del Medio Ambiente y Patrimonio Cultural (BIDEMA) Ays\u00e9n llevaron a cabo un procedimiento policial en la comuna de Coyhaique que culmin\u00f3 con un detenido por el delito de maltrato animal en situaci\u00f3n de flagrancia.<\/p>\n<p style=\"text-align: justify;\">De acuerdo a lo se\u00f1alado por el jefe de la unidad especializada, comisario Marcelo Ladino Gonz\u00e1lez, \u201cdetectives de la BIDEMA, en coordinaci\u00f3n con oficiales de la Oficina de An\u00e1lisis Criminal de Coyhaique, lograron establecer una denuncia ciudadana a trav\u00e9s de redes sociales, la cual daba cuenta del maltrato animal de un perro que se ubicaba en el antejard\u00edn de una vivienda en Coyhaique. Ante ello, la BIDEMA realiz\u00f3 una denuncia por oficio ante el Ministerio P\u00fablico, realizando las primeras diligencias de investigaci\u00f3n policial\u201d.<\/p>\n<p style=\"text-align: justify;\">Una vez en el sitio de suceso, \u201clos detectives establecieron que el animal se\u00f1alado como maltratado no se encontraba en el lugar, no obstante, ante la revisi\u00f3n del inmueble se encontr\u00f3 a otro animal que presentaba claras evidencias de maltrato, con lesiones cut\u00e1neas atribuibles a la enfermedad sarna sarc\u00f3ptica\u201d, puntualiz\u00f3 el comisario Ladino.<\/p>\n<p style=\"text-align: justify;\">Dentro de las diligencias desarrolladas, se tom\u00f3 declaraci\u00f3n policial a testigos y al imputado, \u201cel cual fue detenido en el acto por el delito de maltrato animal en situaci\u00f3n de flagrancia\u201d, agreg\u00f3 el oficial policial.<\/p>\n<p style=\"text-align: justify;\">En base al an\u00e1lisis del can desarrollado por la especialista veterinaria de la PDI, explic\u00f3 el jefe de la BIDEMA Ays\u00e9n, y \u201cen atenci\u00f3n a la salud del animal, se coordin\u00f3 con la veterinaria de la Municipalidad de Coyhaique, quienes le dar\u00e1n atenci\u00f3n m\u00e9dica al animal\u201d.<\/p>\n<p style=\"text-align: justify;\">Todos los antecedentes del caso fueron puestos en conocimiento de la Fiscal\u00eda Local de Coyhaique que dispuso que el imputado quedara como depositario temporal y en libertad, previo apercibimiento del art\u00edculo N\u00b026 del C\u00f3digo Procesal Penal.<\/p>\n<p style=\"text-align: justify;\">\u201cEl imputado qued\u00f3 como depositario temporal del perro, siempre y cuando cumpla con las disposiciones establecidas por la veterinaria de la Municipalidad de Coyhaique como tambi\u00e9n de la Fiscal\u00eda, en atenci\u00f3n al cuidado m\u00e9dico y de sanaci\u00f3n del animal vulnerado\u201d, finaliz\u00f3 Ladino.<\/p>\n<p style=\"text-align: justify;\">Desde la PDI realizaron un llamado a denunciar todo acto de maltrato o crueldad animal con la finalidad de investigar estos casos en coordinaci\u00f3n con el Ministerio P\u00fablico, lo que permitir\u00e1 evitar o detener toda acci\u00f3n u omisi\u00f3n ocasional o reiterada que, injustificadamente, cause da\u00f1o, dolor o sufrimiento a un animal, manteniendo una tenencia responsable de animales de compa\u00f1\u00eda.<\/p>\n<\/div><\/section><\/div><div  style='height:50px' class='hr hr-invisible   avia-builder-el-6  el_after_av_one_full  el_before_av_social_share '><span class='hr-inner ' ><span class='hr-inner-style'><\/span><\/span><\/div><\/p>\n<div  class='av-social-sharing-box  avia-builder-el-7  el_after_av_hr  el_before_av_hr  '><div class='av-share-box'><h5 class='av-share-link-description av-no-toc '>Compartir esta noticia<\/h5><ul class='av-share-box-list noLightbox'><li class='av-share-link av-social-link-facebook' ><a target=\"_blank\" aria-label=\"Compartir en Facebook\" href='https:\/\/www.facebook.com\/sharer.php?u=https:\/\/radiorevelacionfm.cl\/?p=49890&#038;t=Coyhaique%3A%20PDI%20investiga%20maltrato%20animal%20denunciado%20por%20redes%20sociales' aria-hidden='false' data-av_icon='\ue8f3' data-av_iconfont='entypo-fontello' title='' data-avia-related-tooltip='Compartir en Facebook' rel=\"noopener\"><span class='avia_hidden_link_text'>Compartir en Facebook<\/span><\/a><\/li><li class='av-share-link av-social-link-twitter' ><a target=\"_blank\" aria-label=\"Compartir en Twitter\" href='https:\/\/twitter.com\/share?text=Coyhaique%3A%20PDI%20investiga%20maltrato%20animal%20denunciado%20por%20redes%20sociales&#038;url=https:\/\/radiorevelacionfm.cl\/?p=49890' aria-hidden='false' data-av_icon='\ue8f1' data-av_iconfont='entypo-fontello' title='' data-avia-related-tooltip='Compartir en Twitter' rel=\"noopener\"><span class='avia_hidden_link_text'>Compartir en Twitter<\/span><\/a><\/li><li class='av-share-link av-social-link-whatsapp' ><a target=\"_blank\" aria-label=\"Compartir en Whatsapp\" href='https:\/\/api.whatsapp.com\/send?text=https:\/\/radiorevelacionfm.cl\/?p=49890' aria-hidden='false' data-av_icon='\uf232' data-av_iconfont='entypo-fontello' title='' data-avia-related-tooltip='Compartir en Whatsapp' rel=\"noopener\"><span class='avia_hidden_link_text'>Compartir en Whatsapp<\/span><\/a><\/li><li class='av-share-link av-social-link-linkedin' ><a target=\"_blank\" aria-label=\"Compartir en LinkedIn\" href='https:\/\/linkedin.com\/shareArticle?mini=true&#038;title=Coyhaique%3A%20PDI%20investiga%20maltrato%20animal%20denunciado%20por%20redes%20sociales&#038;url=https:\/\/radiorevelacionfm.cl\/?p=49890' aria-hidden='false' data-av_icon='\ue8fc' data-av_iconfont='entypo-fontello' title='' data-avia-related-tooltip='Compartir en LinkedIn' rel=\"noopener\"><span class='avia_hidden_link_text'>Compartir en LinkedIn<\/span><\/a><\/li><li class='av-share-link av-social-link-mail' ><a  aria-label=\"Compartir por correo\" href='mailto:?subject=Coyhaique%3A%20PDI%20investiga%20maltrato%20animal%20denunciado%20por%20redes%20sociales&#038;body=https:\/\/radiorevelacionfm.cl\/?p=49890' aria-hidden='false' data-av_icon='\ue805' data-av_iconfont='entypo-fontello' title='' data-avia-related-tooltip='Compartir por correo'><span class='avia_hidden_link_text'>Compartir por correo<\/span><\/a><\/li><\/ul><\/div><\/div>\n<div  style='height:50px' class='hr hr-invisible   avia-builder-el-8  el_after_av_social_share  el_before_av_comments_list '><span class='hr-inner ' ><span class='hr-inner-style'><\/span><\/span><\/div>\n<div  class='av-buildercomment  av-blog-meta-html-info-disabled av-blog-meta-tag-disabled  '><\/div>\n","protected":false},"excerpt":{"rendered":"","protected":false},"author":1,"featured_media":49891,"comment_status":"open","ping_status":"open","sticky":false,"template":"","format":"standard","meta":{"footnotes":""},"categories":[36],"tags":[],"class_list":["post-49890","post","type-post","status-publish","format-standard","has-post-thumbnail","hentry","category-policial"],"jetpack_featured_media_url":"https:\/\/radiorevelacionfm.cl\/wp-content\/uploads\/2025\/01\/img_4890-1_optimized-1.jpg","_links":{"self":[{"href":"https:\/\/radiorevelacionfm.cl\/index.php?rest_route=\/wp\/v2\/posts\/49890","targetHints":{"allow":["GET"]}}],"collection":[{"href":"https:\/\/radiorevelacionfm.cl\/index.php?rest_route=\/wp\/v2\/posts"}],"about":[{"href":"https:\/\/radiorevelacionfm.cl\/index.php?rest_route=\/wp\/v2\/types\/post"}],"author":[{"embeddable":true,"href":"https:\/\/radiorevelacionfm.cl\/index.php?rest_route=\/wp\/v2\/users\/1"}],"replies":[{"embeddable":true,"href":"https:\/\/radiorevelacionfm.cl\/index.php?rest_route=%2Fwp%2Fv2%2Fcomments&post=49890"}],"version-history":[{"count":1,"href":"https:\/\/radiorevelacionfm.cl\/index.php?rest_route=\/wp\/v2\/posts\/49890\/revisions"}],"predecessor-version":[{"id":49892,"href":"https:\/\/radiorevelacionfm.cl\/index.php?rest_route=\/wp\/v2\/posts\/49890\/revisions\/49892"}],"wp:featuredmedia":[{"embeddable":true,"href":"https:\/\/radiorevelacionfm.cl\/index.php?rest_route=\/wp\/v2\/media\/49891"}],"wp:attachment":[{"href":"https:\/\/radiorevelacionfm.cl\/index.php?rest_route=%2Fwp%2Fv2%2Fmedia&parent=49890"}],"wp:term":[{"taxonomy":"category","embeddable":true,"href":"https:\/\/radiorevelacionfm.cl\/index.php?rest_route=%2Fwp%2Fv2%2Fcategories&post=49890"},{"taxonomy":"post_tag","embeddable":true,"href":"https:\/\/radiorevelacionfm.cl\/index.php?rest_route=%2Fwp%2Fv2%2Ftags&post=49890"}],"curies":[{"name":"wp","href":"https:\/\/api.w.org\/{rel}","templated":true}]}}