{"id":49887,"date":"2025-01-21T21:54:56","date_gmt":"2025-01-22T00:54:56","guid":{"rendered":"https:\/\/radiorevelacionfm.cl\/?p=49887"},"modified":"2025-01-21T21:54:56","modified_gmt":"2025-01-22T00:54:56","slug":"corfo-busca-la-transformacion-del-sector-forestal-en-aysen-con-innovacion-y-sostenibilidad","status":"publish","type":"post","link":"https:\/\/radiorevelacionfm.cl\/?p=49887","title":{"rendered":"Corfo busca la transformaci\u00f3n del sector forestal en Ays\u00e9n con innovaci\u00f3n y sostenibilidad"},"content":{"rendered":"<div class=\"flex_column av_one_full  flex_column_div av-zero-column-padding first  avia-builder-el-0  el_before_av_one_full  avia-builder-el-first  \" style='border-radius:0px; '><div  class='avia-image-container  av-styling-    avia-builder-el-1  avia-builder-el-no-sibling  avia-align-center '  itemprop=\"image\" itemscope=\"itemscope\" itemtype=\"https:\/\/schema.org\/ImageObject\"  ><div class='avia-image-container-inner'><div class='avia-image-overlay-wrap'><img decoding=\"async\" class='wp-image-49888 avia-img-lazy-loading-not-49888 avia_image' src=\"https:\/\/radiorevelacionfm.cl\/wp-content\/uploads\/2025\/01\/pti_maderero-1_optimized-1.jpg\" alt='' title='pti_maderero-(1)_optimized (1)' height=\"600\" width=\"1065\"  itemprop=\"thumbnailUrl\" srcset=\"https:\/\/radiorevelacionfm.cl\/wp-content\/uploads\/2025\/01\/pti_maderero-1_optimized-1.jpg 1065w, https:\/\/radiorevelacionfm.cl\/wp-content\/uploads\/2025\/01\/pti_maderero-1_optimized-1-300x169.jpg 300w, https:\/\/radiorevelacionfm.cl\/wp-content\/uploads\/2025\/01\/pti_maderero-1_optimized-1-1030x580.jpg 1030w, https:\/\/radiorevelacionfm.cl\/wp-content\/uploads\/2025\/01\/pti_maderero-1_optimized-1-768x433.jpg 768w, https:\/\/radiorevelacionfm.cl\/wp-content\/uploads\/2025\/01\/pti_maderero-1_optimized-1-705x397.jpg 705w, https:\/\/radiorevelacionfm.cl\/wp-content\/uploads\/2025\/01\/pti_maderero-1_optimized-1-450x254.jpg 450w, https:\/\/radiorevelacionfm.cl\/wp-content\/uploads\/2025\/01\/pti_maderero-1_optimized-1-600x338.jpg 600w\" sizes=\"(max-width: 1065px) 100vw, 1065px\" \/><\/div><\/div><\/div><\/div><div class=\"flex_column av_one_full  flex_column_div av-zero-column-padding first  avia-builder-el-2  el_after_av_one_full  el_before_av_one_full  column-top-margin\" style='border-radius:0px; '><section class=\"av_textblock_section \"  itemscope=\"itemscope\" itemtype=\"https:\/\/schema.org\/BlogPosting\" itemprop=\"blogPost\" ><div class='avia_textblock  '   itemprop=\"text\" ><p style=\"text-align: center;\"><span style=\"font-size: 18pt;\"><b><span lang=\"es-419\">Corfo busca la transformaci\u00f3n del sector forestal en Ays\u00e9n con innovaci\u00f3n y sostenibilidad<\/span><\/b><\/span><\/p>\n<div id=\"gtx-trans\" style=\"position: absolute; left: -50px; top: 4.31534px;\">\n<div class=\"gtx-trans-icon\"><\/div>\n<\/div>\n<\/div><\/section><\/div><div class=\"flex_column av_one_full  flex_column_div av-zero-column-padding first  avia-builder-el-4  el_after_av_one_full  el_before_av_hr  column-top-margin\" style='border-radius:0px; '><section class=\"av_textblock_section \"  itemscope=\"itemscope\" itemtype=\"https:\/\/schema.org\/BlogPosting\" itemprop=\"blogPost\" ><div class='avia_textblock  '   itemprop=\"text\" ><p style=\"text-align: justify;\">La industria del aserr\u00edo en la Regi\u00f3n de Ays\u00e9n, una de las mayores reservas de bosques nativos de Chile, est\u00e1 en plena transformaci\u00f3n gracias al Programa Territorial Integrado (PTI) Maderero de Corfo. En su segundo a\u00f1o de ejecuci\u00f3n, esta iniciativa busca consolidar los avances de su primera etapa y fomentar pr\u00e1cticas productivas responsables. Con un enfoque sostenible, el programa apunta a dinamizar la producci\u00f3n maderera, conectando la oferta regional con mercados de alto valor agregado.<\/p>\n<p style=\"text-align: justify;\">El programa Maderero, impulsado por Corfo, con financiamiento del Gobierno Regional de Ays\u00e9n y la ejecuci\u00f3n de CODESSER, responde a brechas hist\u00f3ricas como el acceso limitado a materia prima, la baja inversi\u00f3n tecnol\u00f3gica y la falta de capacitaci\u00f3n especializada.<\/p>\n<p style=\"text-align: justify;\"><strong>HITOS DEL PRIMER A\u00d1O<\/strong><\/p>\n<p style=\"text-align: justify;\">Durante su primera etapa, el programa Maderero logr\u00f3 avances significativos al consolidar un Consejo Estrat\u00e9gico, un espacio de articulaci\u00f3n p\u00fablico-privada que reuni\u00f3 a actores clave como Bienes Nacionales, CONAF, INFOR y empresarios madereros; al desarrollar estudios de factibilidad que identificaron 550 hect\u00e1reas de bosques productivos en terrenos fiscales estrat\u00e9gicos ubicados en Ma\u00f1ihuales y R\u00edo Caj\u00f3n, proyectando ingresos de $7.699 millones en los pr\u00f3ximos ocho a\u00f1os; y al realizar la Expo Feria de la Madera, cuya primera versi\u00f3n convoc\u00f3 a m\u00e1s de 5.000 asistentes y 24 expositores, permitiendo visibilizar la oferta local y conectar a productores con potenciales compradores.<\/p>\n<p style=\"text-align: justify;\">\u00abEste programa no solo busca aumentar la producci\u00f3n, sino tambi\u00e9n garantizar que sea sostenible, agregando valor y generando beneficios sociales y econ\u00f3micos para la regi\u00f3n\u00bb, se\u00f1al\u00f3 Humberto Mar\u00edn Leiva, director de Corfo Ays\u00e9n.<\/p>\n<p style=\"text-align: justify;\">Uno de los pilares centrales del programa es el desarrollo de capacidades especializadas. Durante el primer a\u00f1o se definieron perfiles de capacitaci\u00f3n en \u00e1reas cr\u00edticas como motosierristas, operadores de aserraderos y prevenci\u00f3n de riesgos. Se proyecta, adem\u00e1s, implementar cursos certificados y programas de innovaci\u00f3n tecnol\u00f3gica, destacando la creaci\u00f3n de un cat\u00e1logo digital de productos forestales con valor agregado.<\/p>\n<p style=\"text-align: justify;\"><strong>PROYECCIONES SEGUNDO A\u00d1O<\/strong><\/p>\n<p style=\"text-align: justify;\">En su segunda etapa, el PTI Maderero redoblar\u00e1 esfuerzos para fortalecer la capacitaci\u00f3n t\u00e9cnica especializada; promover ruedas de negocios y ferias que faciliten encuentros comerciales entre la oferta local y el mercado nacional e internacional; e impulsar la sostenibilidad forestal a trav\u00e9s de consultor\u00edas y planes de manejo que aseguren un equilibrio entre productividad y conservaci\u00f3n ambiental.<\/p>\n<p style=\"text-align: justify;\">\u00abAys\u00e9n tiene un potencial forestal \u00fanico, y el PTI est\u00e1 cumpliendo un rol clave en conectar esta oferta con mercados que valoran la calidad y la trazabilidad. Con un horizonte de tres a\u00f1os, el programa Maderero se posiciona como una herramienta clave para transformar la industria del aserr\u00edo en Ays\u00e9n en un motor econ\u00f3mico sostenible y competitivo. A trav\u00e9s del trabajo colaborativo, la inversi\u00f3n tecnol\u00f3gica y la capacitaci\u00f3n, el programa aspira a consolidar a la regi\u00f3n como un referente nacional en producci\u00f3n maderera sustentable\u201d, concluy\u00f3 el director.<\/p>\n<\/div><\/section><\/div><div  style='height:50px' class='hr hr-invisible   avia-builder-el-6  el_after_av_one_full  el_before_av_social_share '><span class='hr-inner ' ><span class='hr-inner-style'><\/span><\/span><\/div><\/p>\n<div  class='av-social-sharing-box  avia-builder-el-7  el_after_av_hr  el_before_av_hr  '><div class='av-share-box'><h5 class='av-share-link-description av-no-toc '>Compartir esta noticia<\/h5><ul class='av-share-box-list noLightbox'><li class='av-share-link av-social-link-facebook' ><a target=\"_blank\" aria-label=\"Compartir en Facebook\" href='https:\/\/www.facebook.com\/sharer.php?u=https:\/\/radiorevelacionfm.cl\/?p=49887&#038;t=Corfo%20busca%20la%20transformaci%C3%B3n%20del%20sector%20forestal%20en%20Ays%C3%A9n%20con%20innovaci%C3%B3n%20y%20sostenibilidad' aria-hidden='false' data-av_icon='\ue8f3' data-av_iconfont='entypo-fontello' title='' data-avia-related-tooltip='Compartir en Facebook' rel=\"noopener\"><span class='avia_hidden_link_text'>Compartir en Facebook<\/span><\/a><\/li><li class='av-share-link av-social-link-twitter' ><a target=\"_blank\" aria-label=\"Compartir en Twitter\" href='https:\/\/twitter.com\/share?text=Corfo%20busca%20la%20transformaci%C3%B3n%20del%20sector%20forestal%20en%20Ays%C3%A9n%20con%20innovaci%C3%B3n%20y%20sostenibilidad&#038;url=https:\/\/radiorevelacionfm.cl\/?p=49887' aria-hidden='false' data-av_icon='\ue8f1' data-av_iconfont='entypo-fontello' title='' data-avia-related-tooltip='Compartir en Twitter' rel=\"noopener\"><span class='avia_hidden_link_text'>Compartir en Twitter<\/span><\/a><\/li><li class='av-share-link av-social-link-whatsapp' ><a target=\"_blank\" aria-label=\"Compartir en Whatsapp\" href='https:\/\/api.whatsapp.com\/send?text=https:\/\/radiorevelacionfm.cl\/?p=49887' aria-hidden='false' data-av_icon='\uf232' data-av_iconfont='entypo-fontello' title='' data-avia-related-tooltip='Compartir en Whatsapp' rel=\"noopener\"><span class='avia_hidden_link_text'>Compartir en Whatsapp<\/span><\/a><\/li><li class='av-share-link av-social-link-linkedin' ><a target=\"_blank\" aria-label=\"Compartir en LinkedIn\" href='https:\/\/linkedin.com\/shareArticle?mini=true&#038;title=Corfo%20busca%20la%20transformaci%C3%B3n%20del%20sector%20forestal%20en%20Ays%C3%A9n%20con%20innovaci%C3%B3n%20y%20sostenibilidad&#038;url=https:\/\/radiorevelacionfm.cl\/?p=49887' aria-hidden='false' data-av_icon='\ue8fc' data-av_iconfont='entypo-fontello' title='' data-avia-related-tooltip='Compartir en LinkedIn' rel=\"noopener\"><span class='avia_hidden_link_text'>Compartir en LinkedIn<\/span><\/a><\/li><li class='av-share-link av-social-link-mail' ><a  aria-label=\"Compartir por correo\" href='mailto:?subject=Corfo%20busca%20la%20transformaci%C3%B3n%20del%20sector%20forestal%20en%20Ays%C3%A9n%20con%20innovaci%C3%B3n%20y%20sostenibilidad&#038;body=https:\/\/radiorevelacionfm.cl\/?p=49887' aria-hidden='false' data-av_icon='\ue805' data-av_iconfont='entypo-fontello' title='' data-avia-related-tooltip='Compartir por correo'><span class='avia_hidden_link_text'>Compartir por correo<\/span><\/a><\/li><\/ul><\/div><\/div>\n<div  style='height:50px' class='hr hr-invisible   avia-builder-el-8  el_after_av_social_share  el_before_av_comments_list '><span class='hr-inner ' ><span class='hr-inner-style'><\/span><\/span><\/div>\n<div  class='av-buildercomment  av-blog-meta-html-info-disabled av-blog-meta-tag-disabled  '><\/div>\n","protected":false},"excerpt":{"rendered":"","protected":false},"author":1,"featured_media":49888,"comment_status":"open","ping_status":"open","sticky":false,"template":"","format":"standard","meta":{"footnotes":""},"categories":[38],"tags":[],"class_list":["post-49887","post","type-post","status-publish","format-standard","has-post-thumbnail","hentry","category-regional"],"jetpack_featured_media_url":"https:\/\/radiorevelacionfm.cl\/wp-content\/uploads\/2025\/01\/pti_maderero-1_optimized-1.jpg","_links":{"self":[{"href":"https:\/\/radiorevelacionfm.cl\/index.php?rest_route=\/wp\/v2\/posts\/49887","targetHints":{"allow":["GET"]}}],"collection":[{"href":"https:\/\/radiorevelacionfm.cl\/index.php?rest_route=\/wp\/v2\/posts"}],"about":[{"href":"https:\/\/radiorevelacionfm.cl\/index.php?rest_route=\/wp\/v2\/types\/post"}],"author":[{"embeddable":true,"href":"https:\/\/radiorevelacionfm.cl\/index.php?rest_route=\/wp\/v2\/users\/1"}],"replies":[{"embeddable":true,"href":"https:\/\/radiorevelacionfm.cl\/index.php?rest_route=%2Fwp%2Fv2%2Fcomments&post=49887"}],"version-history":[{"count":1,"href":"https:\/\/radiorevelacionfm.cl\/index.php?rest_route=\/wp\/v2\/posts\/49887\/revisions"}],"predecessor-version":[{"id":49889,"href":"https:\/\/radiorevelacionfm.cl\/index.php?rest_route=\/wp\/v2\/posts\/49887\/revisions\/49889"}],"wp:featuredmedia":[{"embeddable":true,"href":"https:\/\/radiorevelacionfm.cl\/index.php?rest_route=\/wp\/v2\/media\/49888"}],"wp:attachment":[{"href":"https:\/\/radiorevelacionfm.cl\/index.php?rest_route=%2Fwp%2Fv2%2Fmedia&parent=49887"}],"wp:term":[{"taxonomy":"category","embeddable":true,"href":"https:\/\/radiorevelacionfm.cl\/index.php?rest_route=%2Fwp%2Fv2%2Fcategories&post=49887"},{"taxonomy":"post_tag","embeddable":true,"href":"https:\/\/radiorevelacionfm.cl\/index.php?rest_route=%2Fwp%2Fv2%2Ftags&post=49887"}],"curies":[{"name":"wp","href":"https:\/\/api.w.org\/{rel}","templated":true}]}}