{"id":49884,"date":"2025-01-21T17:12:02","date_gmt":"2025-01-21T20:12:02","guid":{"rendered":"https:\/\/radiorevelacionfm.cl\/?p=49884"},"modified":"2025-01-21T17:12:02","modified_gmt":"2025-01-21T20:12:02","slug":"familias-destacan-los-beneficios-del-programa-vacaciones-en-mi-jardin-2025","status":"publish","type":"post","link":"https:\/\/radiorevelacionfm.cl\/?p=49884","title":{"rendered":"Familias destacan los beneficios del programa \u00abVacaciones en Mi Jard\u00edn\u00bb 2025"},"content":{"rendered":"<div class=\"flex_column av_one_full  flex_column_div av-zero-column-padding first  avia-builder-el-0  el_before_av_one_full  avia-builder-el-first  \" style='border-radius:0px; '><div  class='avia-image-container  av-styling-    avia-builder-el-1  avia-builder-el-no-sibling  avia-align-center '  itemprop=\"image\" itemscope=\"itemscope\" itemtype=\"https:\/\/schema.org\/ImageObject\"  ><div class='avia-image-container-inner'><div class='avia-image-overlay-wrap'><img decoding=\"async\" class='wp-image-49885 avia-img-lazy-loading-not-49885 avia_image' src=\"https:\/\/radiorevelacionfm.cl\/wp-content\/uploads\/2025\/01\/MG_7355-min-1-1.jpg\" alt='' title='_MG_7355-min (1) (1)' height=\"600\" width=\"900\"  itemprop=\"thumbnailUrl\" srcset=\"https:\/\/radiorevelacionfm.cl\/wp-content\/uploads\/2025\/01\/MG_7355-min-1-1.jpg 900w, https:\/\/radiorevelacionfm.cl\/wp-content\/uploads\/2025\/01\/MG_7355-min-1-1-300x200.jpg 300w, https:\/\/radiorevelacionfm.cl\/wp-content\/uploads\/2025\/01\/MG_7355-min-1-1-768x512.jpg 768w, https:\/\/radiorevelacionfm.cl\/wp-content\/uploads\/2025\/01\/MG_7355-min-1-1-705x470.jpg 705w, https:\/\/radiorevelacionfm.cl\/wp-content\/uploads\/2025\/01\/MG_7355-min-1-1-450x300.jpg 450w, https:\/\/radiorevelacionfm.cl\/wp-content\/uploads\/2025\/01\/MG_7355-min-1-1-600x400.jpg 600w\" sizes=\"(max-width: 900px) 100vw, 900px\" \/><\/div><\/div><\/div><\/div><div class=\"flex_column av_one_full  flex_column_div av-zero-column-padding first  avia-builder-el-2  el_after_av_one_full  el_before_av_one_full  column-top-margin\" style='border-radius:0px; '><section class=\"av_textblock_section \"  itemscope=\"itemscope\" itemtype=\"https:\/\/schema.org\/BlogPosting\" itemprop=\"blogPost\" ><div class='avia_textblock  '   itemprop=\"text\" ><p style=\"text-align: center;\"><strong><span style=\"font-size: 18pt;\">Familias destacan los beneficios del programa \u00abVacaciones en Mi Jard\u00edn\u00bb 2025<\/span><\/strong><\/p>\n<div id=\"gtx-trans\" style=\"position: absolute; left: -50px; top: 4.31534px;\">\n<div class=\"gtx-trans-icon\"><\/div>\n<\/div>\n<\/div><\/section><\/div><div class=\"flex_column av_one_full  flex_column_div av-zero-column-padding first  avia-builder-el-4  el_after_av_one_full  el_before_av_hr  column-top-margin\" style='border-radius:0px; '><section class=\"av_textblock_section \"  itemscope=\"itemscope\" itemtype=\"https:\/\/schema.org\/BlogPosting\" itemprop=\"blogPost\" ><div class='avia_textblock  '   itemprop=\"text\" ><p style=\"font-weight: 400; text-align: justify;\"><em>El programa impulsado por Fundaci\u00f3n Integra, ha recibido una alta valoraci\u00f3n por parte de las familias de la regi\u00f3n de Ays\u00e9n, quienes han destacado su impacto positivo tanto en el desarrollo de los ni\u00f1os y ni\u00f1as como en el apoyo brindado a sus din\u00e1micas familiares y laborales.<\/em><\/p>\n<p style=\"font-weight: 400; text-align: justify;\">Desde su inicio el pasado 13 de enero, el programa \u201cVacaciones en Mi Jard\u00edn\u201d (VMJ) ha permitido que 192 p\u00e1rvulos disfruten de un espacio educativo y recreativo dise\u00f1ado para fomentar su bienestar y aprendizaje integral. Las familias beneficiadas han expresado su gratitud y satisfacci\u00f3n por la calidad de la iniciativa y el compromiso de los equipos educativos.<\/p>\n<p style=\"font-weight: 400; text-align: justify;\">As\u00ed lo se\u00f1ala Magdalena Ram\u00edrez, apoderada del programa quien expres\u00f3 estar \u201cfeliz, me encanta que est\u00e9 esta opci\u00f3n. Estamos muy contentos y \u00e9l se ha adaptado muy bien. Los horarios son buenos, hay buena alimentaci\u00f3n y veo a mi hijo contento con las t\u00edas y con sus compa\u00f1eros. Como familia estamos muy agradecidos y muy felices de poder contar con todo este apoyo.\u00bb<\/p>\n<p style=\"font-weight: 400; text-align: justify;\">Una opini\u00f3n similar tiene Catalina Pardo quien destac\u00f3 la importancia del programa para las familias trabajadoras recalcando que \u201ces algo fant\u00e1stico y contribuye para que las mam\u00e1s puedan seguir trabajando y desarrollando sus actividades normales.\u00bb Asimismo, valor\u00f3 el material pedag\u00f3gico dispuesto en el VMJ, subrayando que \u00abtodo este material l\u00fadico puede reforzar las habilidades de los ni\u00f1os y ni\u00f1as, adem\u00e1s de su desarrollo psicomotor y psicosocial. Estamos felices de poder tener esta oportunidad.\u00bb<\/p>\n<p style=\"font-weight: 400; text-align: justify;\">Cabe recordar que el prop\u00f3sito principal del VMJ es ofrecer a los ni\u00f1os y ni\u00f1as un espacio enriquecido y seguro donde puedan desarrollar su creatividad, fortalecer v\u00ednculos con sus pares y disfrutar de experiencias l\u00fadicas y recreativas.<\/p>\n<p style=\"font-weight: 400; text-align: justify;\">Teresa Catal\u00e1n, abuela de uno de los beneficiados, tambi\u00e9n comparti\u00f3 su experiencia con la puesta en marcha del programa revelando que \u00abpara mi hijo y su pareja, esta es una salvaci\u00f3n porque ambos trabajan y tienen salidas a terreno. Tener jard\u00edn de verano los ayuda much\u00edsimo.\u00bb<\/p>\n<p style=\"font-weight: 400; text-align: justify;\">El programa VMJ no solo proporciona un entorno seguro y estimulante para los ni\u00f1os y ni\u00f1as, sino que tambi\u00e9n responde a las necesidades de las familias que requieren un respaldo confiable durante el per\u00edodo estival.<\/p>\n<p style=\"font-weight: 400; text-align: justify;\">La directora regional de Fundaci\u00f3n Integra, Leticia Araya Norambuena, reafirm\u00f3 el compromiso que tiene la instituci\u00f3n con la primera infancia reforzando que \u00abnuestro prop\u00f3sito es garantizar que los ni\u00f1os y ni\u00f1as tengan unas vacaciones llenas de alegr\u00eda, aprendizaje y bienestar, mientras apoyamos a las familias en sus din\u00e1micas cotidianas.\u00bb<\/p>\n<p style=\"font-weight: 400; text-align: justify;\">Fundaci\u00f3n Integra, con m\u00e1s de 34 a\u00f1os de trayectoria y m\u00e1s de 1.200 jardines infantiles gratuitos a lo largo del pa\u00eds, contin\u00faa trabajando para brindar espacios educativos inclusivos, diversos y de calidad que promuevan el desarrollo integral y bienestar de la primera infancia.<\/p>\n<\/div><\/section><\/div><div  style='height:50px' class='hr hr-invisible   avia-builder-el-6  el_after_av_one_full  el_before_av_social_share '><span class='hr-inner ' ><span class='hr-inner-style'><\/span><\/span><\/div><\/p>\n<div  class='av-social-sharing-box  avia-builder-el-7  el_after_av_hr  el_before_av_hr  '><div class='av-share-box'><h5 class='av-share-link-description av-no-toc '>Compartir esta noticia<\/h5><ul class='av-share-box-list noLightbox'><li class='av-share-link av-social-link-facebook' ><a target=\"_blank\" aria-label=\"Compartir en Facebook\" href='https:\/\/www.facebook.com\/sharer.php?u=https:\/\/radiorevelacionfm.cl\/?p=49884&#038;t=Familias%20destacan%20los%20beneficios%20del%20programa%20%C2%ABVacaciones%20en%20Mi%20Jard%C3%ADn%C2%BB%202025' aria-hidden='false' data-av_icon='\ue8f3' data-av_iconfont='entypo-fontello' title='' data-avia-related-tooltip='Compartir en Facebook' rel=\"noopener\"><span class='avia_hidden_link_text'>Compartir en Facebook<\/span><\/a><\/li><li class='av-share-link av-social-link-twitter' ><a target=\"_blank\" aria-label=\"Compartir en Twitter\" href='https:\/\/twitter.com\/share?text=Familias%20destacan%20los%20beneficios%20del%20programa%20%C2%ABVacaciones%20en%20Mi%20Jard%C3%ADn%C2%BB%202025&#038;url=https:\/\/radiorevelacionfm.cl\/?p=49884' aria-hidden='false' data-av_icon='\ue8f1' data-av_iconfont='entypo-fontello' title='' data-avia-related-tooltip='Compartir en Twitter' rel=\"noopener\"><span class='avia_hidden_link_text'>Compartir en Twitter<\/span><\/a><\/li><li class='av-share-link av-social-link-whatsapp' ><a target=\"_blank\" aria-label=\"Compartir en Whatsapp\" href='https:\/\/api.whatsapp.com\/send?text=https:\/\/radiorevelacionfm.cl\/?p=49884' aria-hidden='false' data-av_icon='\uf232' data-av_iconfont='entypo-fontello' title='' data-avia-related-tooltip='Compartir en Whatsapp' rel=\"noopener\"><span class='avia_hidden_link_text'>Compartir en Whatsapp<\/span><\/a><\/li><li class='av-share-link av-social-link-linkedin' ><a target=\"_blank\" aria-label=\"Compartir en LinkedIn\" href='https:\/\/linkedin.com\/shareArticle?mini=true&#038;title=Familias%20destacan%20los%20beneficios%20del%20programa%20%C2%ABVacaciones%20en%20Mi%20Jard%C3%ADn%C2%BB%202025&#038;url=https:\/\/radiorevelacionfm.cl\/?p=49884' aria-hidden='false' data-av_icon='\ue8fc' data-av_iconfont='entypo-fontello' title='' data-avia-related-tooltip='Compartir en LinkedIn' rel=\"noopener\"><span class='avia_hidden_link_text'>Compartir en LinkedIn<\/span><\/a><\/li><li class='av-share-link av-social-link-mail' ><a  aria-label=\"Compartir por correo\" href='mailto:?subject=Familias%20destacan%20los%20beneficios%20del%20programa%20%C2%ABVacaciones%20en%20Mi%20Jard%C3%ADn%C2%BB%202025&#038;body=https:\/\/radiorevelacionfm.cl\/?p=49884' aria-hidden='false' data-av_icon='\ue805' data-av_iconfont='entypo-fontello' title='' data-avia-related-tooltip='Compartir por correo'><span class='avia_hidden_link_text'>Compartir por correo<\/span><\/a><\/li><\/ul><\/div><\/div>\n<div  style='height:50px' class='hr hr-invisible   avia-builder-el-8  el_after_av_social_share  el_before_av_comments_list '><span class='hr-inner ' ><span class='hr-inner-style'><\/span><\/span><\/div>\n<div  class='av-buildercomment  av-blog-meta-html-info-disabled av-blog-meta-tag-disabled  '><\/div>\n","protected":false},"excerpt":{"rendered":"","protected":false},"author":1,"featured_media":49885,"comment_status":"open","ping_status":"open","sticky":false,"template":"","format":"standard","meta":{"footnotes":""},"categories":[49],"tags":[],"class_list":["post-49884","post","type-post","status-publish","format-standard","has-post-thumbnail","hentry","category-educacion"],"jetpack_featured_media_url":"https:\/\/radiorevelacionfm.cl\/wp-content\/uploads\/2025\/01\/MG_7355-min-1-1.jpg","_links":{"self":[{"href":"https:\/\/radiorevelacionfm.cl\/index.php?rest_route=\/wp\/v2\/posts\/49884","targetHints":{"allow":["GET"]}}],"collection":[{"href":"https:\/\/radiorevelacionfm.cl\/index.php?rest_route=\/wp\/v2\/posts"}],"about":[{"href":"https:\/\/radiorevelacionfm.cl\/index.php?rest_route=\/wp\/v2\/types\/post"}],"author":[{"embeddable":true,"href":"https:\/\/radiorevelacionfm.cl\/index.php?rest_route=\/wp\/v2\/users\/1"}],"replies":[{"embeddable":true,"href":"https:\/\/radiorevelacionfm.cl\/index.php?rest_route=%2Fwp%2Fv2%2Fcomments&post=49884"}],"version-history":[{"count":1,"href":"https:\/\/radiorevelacionfm.cl\/index.php?rest_route=\/wp\/v2\/posts\/49884\/revisions"}],"predecessor-version":[{"id":49886,"href":"https:\/\/radiorevelacionfm.cl\/index.php?rest_route=\/wp\/v2\/posts\/49884\/revisions\/49886"}],"wp:featuredmedia":[{"embeddable":true,"href":"https:\/\/radiorevelacionfm.cl\/index.php?rest_route=\/wp\/v2\/media\/49885"}],"wp:attachment":[{"href":"https:\/\/radiorevelacionfm.cl\/index.php?rest_route=%2Fwp%2Fv2%2Fmedia&parent=49884"}],"wp:term":[{"taxonomy":"category","embeddable":true,"href":"https:\/\/radiorevelacionfm.cl\/index.php?rest_route=%2Fwp%2Fv2%2Fcategories&post=49884"},{"taxonomy":"post_tag","embeddable":true,"href":"https:\/\/radiorevelacionfm.cl\/index.php?rest_route=%2Fwp%2Fv2%2Ftags&post=49884"}],"curies":[{"name":"wp","href":"https:\/\/api.w.org\/{rel}","templated":true}]}}