{"id":49877,"date":"2025-01-22T10:17:38","date_gmt":"2025-01-22T13:17:38","guid":{"rendered":"https:\/\/radiorevelacionfm.cl\/?p=49877"},"modified":"2025-01-22T10:17:38","modified_gmt":"2025-01-22T13:17:38","slug":"las-mujeres-destinan-0135-horas-mas-que-los-hombres-a-actividades-de-trabajo-no-remunerado-en-la-region-de-aysen","status":"publish","type":"post","link":"https:\/\/radiorevelacionfm.cl\/?p=49877","title":{"rendered":"Las mujeres destinan 01:35 horas m\u00e1s que los hombres a actividades de trabajo no remunerado en la Regi\u00f3n de Ays\u00e9n"},"content":{"rendered":"<div class=\"flex_column av_one_full  flex_column_div av-zero-column-padding first  avia-builder-el-0  el_before_av_one_full  avia-builder-el-first  \" style='border-radius:0px; '><div  class='avia-image-container  av-styling-    avia-builder-el-1  avia-builder-el-no-sibling  avia-align-center '  itemprop=\"image\" itemscope=\"itemscope\" itemtype=\"https:\/\/schema.org\/ImageObject\"  ><div class='avia-image-container-inner'><div class='avia-image-overlay-wrap'><img decoding=\"async\" class='wp-image-49878 avia-img-lazy-loading-not-49878 avia_image' src=\"https:\/\/radiorevelacionfm.cl\/wp-content\/uploads\/2025\/01\/1-92-1_optimized.jpeg\" alt='' title='1-(92)-(1)_optimized' height=\"600\" width=\"800\"  itemprop=\"thumbnailUrl\" srcset=\"https:\/\/radiorevelacionfm.cl\/wp-content\/uploads\/2025\/01\/1-92-1_optimized.jpeg 800w, https:\/\/radiorevelacionfm.cl\/wp-content\/uploads\/2025\/01\/1-92-1_optimized-300x225.jpeg 300w, https:\/\/radiorevelacionfm.cl\/wp-content\/uploads\/2025\/01\/1-92-1_optimized-768x576.jpeg 768w, https:\/\/radiorevelacionfm.cl\/wp-content\/uploads\/2025\/01\/1-92-1_optimized-705x529.jpeg 705w, https:\/\/radiorevelacionfm.cl\/wp-content\/uploads\/2025\/01\/1-92-1_optimized-450x338.jpeg 450w, https:\/\/radiorevelacionfm.cl\/wp-content\/uploads\/2025\/01\/1-92-1_optimized-600x450.jpeg 600w\" sizes=\"(max-width: 800px) 100vw, 800px\" \/><\/div><\/div><\/div><\/div><div class=\"flex_column av_one_full  flex_column_div av-zero-column-padding first  avia-builder-el-2  el_after_av_one_full  el_before_av_one_full  column-top-margin\" style='border-radius:0px; '><section class=\"av_textblock_section \"  itemscope=\"itemscope\" itemtype=\"https:\/\/schema.org\/BlogPosting\" itemprop=\"blogPost\" ><div class='avia_textblock  '   itemprop=\"text\" ><p style=\"text-align: center;\"><strong><span style=\"font-size: 18pt;\">Las mujeres destinan 01:35 horas m\u00e1s que los hombres a actividades de trabajo no remunerado en la Regi\u00f3n de Ays\u00e9n<\/span><\/strong><\/p>\n<div id=\"gtx-trans\" style=\"position: absolute; left: -50px; top: 4.31534px;\">\n<div class=\"gtx-trans-icon\"><\/div>\n<\/div>\n<\/div><\/section><\/div><div class=\"flex_column av_one_full  flex_column_div av-zero-column-padding first  avia-builder-el-4  el_after_av_one_full  el_before_av_hr  column-top-margin\" style='border-radius:0px; '><section class=\"av_textblock_section \"  itemscope=\"itemscope\" itemtype=\"https:\/\/schema.org\/BlogPosting\" itemprop=\"blogPost\" ><div class='avia_textblock  '   itemprop=\"text\" ><p style=\"text-align: justify;\">El d\u00eda viernes fueron publicados los resultados de la II Encuesta Nacional sobre Uso del Tiempo (ENUT), instrumento que permite cuantificar y valorizar el tiempo dedicado a actividades de trabajo no remunerado, como los cuidados a otras personas o el trabajo dom\u00e9stico. Esta encuesta se realiz\u00f3 entre septiembre y diciembre del 2023, cuyo objetivo fue obtener informaci\u00f3n de c\u00f3mo las personas de 12 a\u00f1os y m\u00e1s utilizan su tiempo, principalmente en torno al trabajo no remunerado, trabajo en la ocupaci\u00f3n y actividades personales; adem\u00e1s de proveer informaci\u00f3n relacionada a su calidad de vida y bienestar respecto al uso del tiempo en las principales zonas urbanas del pa\u00eds. El trabajo de campo realizado por el INE a nivel nacional, recopil\u00f3 informaci\u00f3n en 16.335 hogares y de 48.020 personas, mientras que en la regi\u00f3n de Ays\u00e9n el total de hogares encuestados fue de 580.<\/p>\n<p style=\"text-align: justify;\">En nuestra regi\u00f3n, la ENUT arroj\u00f3 que en un d\u00eda tipo, en promedio, las mujeres destinan 01:35 horas m\u00e1s que los hombres al trabajo no remunerado (TNR), es decir, las mujeres ocupan 4:35 horas versus los hombres que destinan un tiempo de 3:00 horas al trabajo no remunerado (TNR). Esto incluye trabajo dom\u00e9stico, trabajo de cuidados a integrantes del hogar, trabajo voluntario y ayudas a otros hogares.<\/p>\n<p style=\"text-align: justify;\">\u00a0Ahora bien, respecto al trabajo remunerado, en nuestra regi\u00f3n, los hombres destinan 07:00 horas al Trabajo en la Ocupaci\u00f3n (TO) mientras que las mujeres destinan 05:46 horas en un d\u00eda tipo, con una brecha de g\u00e9nero de 01:14 horas en desmedro de las mujeres. Las mujeres destinan 10:47 horas a la Carga global de trabajo, entendida como las actividades productivas provenientes tanto del\u00a0Trabajo en la ocupaci\u00f3n, como tambi\u00e9n del\u00a0Trabajo\u00a0no remuneradas, versus los hombres que destinan 10:04 horas, para aquellas personas que realizan ambas formas de trabajo, sin embargo, esta diferencia no es estad\u00edsticamente significativa.<\/p>\n<p style=\"text-align: justify;\">Isidora Gacit\u00faa, Seremi de la Mujer y Equidad de G\u00e9nero, puso sobre relieve estas cifras, destacando que: <em>\u201cLa ENUT ha develado importantes diferencias en como hombres y mujeres utilizan el tiempo para las labores no remuneradas del hogar, donde se puede evidenciar en que las mujeres en promedio en nuestra regi\u00f3n utilizan 3 horas 11 minutos para estas labores, en cambio los hombres utilizan 2 horas 11 minutos. Desde el Gobierno del presidente Gabriel Boric y desde el Ministerio de la Mujer y Equidad de G\u00e9nero, hemos promovido una serie de medidas para poder avanzar en materia de corresponsabilidad en las labores del hogar, porque entendemos que avanzar en este sentido ayuda primero, a erradicar la violencia de g\u00e9nero y permitir tambi\u00e9n mayor democracia y seguridad para todos y todas\u201d.<\/em><\/p>\n<p style=\"text-align: justify;\">En la regi\u00f3n, al comparar el trabajo dom\u00e9stico no remunerado para el hogar, se presentan diferencias significativas por sexo, ya que un 98,6% de las mujeres realiza este tipo de trabajo y destina en promedio 03:11 horas al trabajo dom\u00e9stico; mientras que un 93,4% de los hombres realiza este tipo de trabajo, con 02:11 horas promedio En cuanto al trabajo de cuidados no remunerado a integrantes del hogar; y trabajo voluntario y ayuda a otros hogares, las mayores tasas de participaci\u00f3n se registran en las mujeres, con un 47,7% y 15,6%, respectivamente.<\/p>\n<p style=\"text-align: justify;\">Al respecto el Seremi de Econom\u00eda, Fomento y Turismo; Felipe Rojas Pizarro indic\u00f3 que: <em>\u00abLa ENUT es un instrumento esencial para medir, reconocer y generar mejores pol\u00edticas p\u00fablicas en relaci\u00f3n con el trabajo no remunerado. <\/em>En espec\u00edfico, sabemos que una de cada dos mujeres destina tiempo a cuidar no remuneradamente a otra persona, mientras que uno de cada siete hombres destina tiempo al cuidado de otros. Esto impacta en las oportunidades para emprender o realizar las actividades econ\u00f3micas, por ejemplo. <em>En ese contexto, relevar la importancia del trabajo que ha realizado el INE, con un despliegue regional robusto que permite hoy, contar con datos estad\u00edsticos de gran importancia para el dise\u00f1o de diversas pol\u00edticas, entre ellas las de fomento productivo para nuestra regi\u00f3n\u201d.<\/em><\/p>\n<p style=\"text-align: justify;\">Al respecto la Seremi de Desarrollo Social y Familia Karina Acevedo Auad, reafirm\u00f3 que <em>\u201cLa encuesta ENUT ratifica lo que ya sabemos respecto al uso del tiempo de mujeres al interior de un hogar, esto es ejercer trabajo de cuidados no remunerado. Es por eso que hemos insistido como gobierno en llevar adelante el proyecto que sigue en su discusi\u00f3n en el Congreso para crear el Sistema Nacional de Apoyos y Cuidados, Chile Cuida que reconoce a los cuidados como un trabajo y a quienes cuidan darles toda la protecci\u00f3n del Estado y garant\u00edas en derechos. Los resultados de la ENUT, nos invita a seguir trabajando con m\u00e1s fuerza en el territorio y seguir ampliando la red para llegar con el Chile Cuida a todos los rincones. La Invitaci\u00f3n es a mujeres que ejercen rol de cuidados que se registren en el complemento del Registro Social de Hogares\u201d.<\/em><\/p>\n<p style=\"text-align: justify;\">Para m\u00e1s informaci\u00f3n los invitamos a revisar los resultados de este estudio en los productos disponibles en el sitio <a href=\"https:\/\/www.ine.gob.cl\/enut\">https:\/\/www.ine.gob.cl\/enut<\/a>, junto a la s\u00edntesis regional de resultados en el sitio\u00a0<a href=\"https:\/\/regiones.ine.cl\/documentos\/default-source\/region-xi\/estadisticas\/uso-del-tiempo\/publicaciones-y-anuarios\/2025\/encuesta-nacional-sobre-uso-del-tiempo---s%C3%ADntesis-de-resultados-enut-2023---regi%C3%B3n-de-ays%C3%A9n.pdf\">Encuesta Nacional sobre Uso del Tiempo &#8211; S\u00edntesis de Resultados ENUT 2023 &#8211; Regi\u00f3n de Ays\u00e9n<\/a><\/p>\n<\/div><\/section><\/div><div  style='height:50px' class='hr hr-invisible   avia-builder-el-6  el_after_av_one_full  el_before_av_social_share '><span class='hr-inner ' ><span class='hr-inner-style'><\/span><\/span><\/div><\/p>\n<div  class='av-social-sharing-box  avia-builder-el-7  el_after_av_hr  el_before_av_hr  '><div class='av-share-box'><h5 class='av-share-link-description av-no-toc '>Compartir esta noticia<\/h5><ul class='av-share-box-list noLightbox'><li class='av-share-link av-social-link-facebook' ><a target=\"_blank\" aria-label=\"Compartir en Facebook\" href='https:\/\/www.facebook.com\/sharer.php?u=https:\/\/radiorevelacionfm.cl\/?p=49877&#038;t=Las%20mujeres%20destinan%2001%3A35%20horas%20m%C3%A1s%20que%20los%20hombres%20a%20actividades%20de%20trabajo%20no%20remunerado%20en%20la%20Regi%C3%B3n%20de%20Ays%C3%A9n' aria-hidden='false' data-av_icon='\ue8f3' data-av_iconfont='entypo-fontello' title='' data-avia-related-tooltip='Compartir en Facebook' rel=\"noopener\"><span class='avia_hidden_link_text'>Compartir en Facebook<\/span><\/a><\/li><li class='av-share-link av-social-link-twitter' ><a target=\"_blank\" aria-label=\"Compartir en Twitter\" href='https:\/\/twitter.com\/share?text=Las%20mujeres%20destinan%2001%3A35%20horas%20m%C3%A1s%20que%20los%20hombres%20a%20actividades%20de%20trabajo%20no%20remunerado%20en%20la%20Regi%C3%B3n%20de%20Ays%C3%A9n&#038;url=https:\/\/radiorevelacionfm.cl\/?p=49877' aria-hidden='false' data-av_icon='\ue8f1' data-av_iconfont='entypo-fontello' title='' data-avia-related-tooltip='Compartir en Twitter' rel=\"noopener\"><span class='avia_hidden_link_text'>Compartir en Twitter<\/span><\/a><\/li><li class='av-share-link av-social-link-whatsapp' ><a target=\"_blank\" aria-label=\"Compartir en Whatsapp\" href='https:\/\/api.whatsapp.com\/send?text=https:\/\/radiorevelacionfm.cl\/?p=49877' aria-hidden='false' data-av_icon='\uf232' data-av_iconfont='entypo-fontello' title='' data-avia-related-tooltip='Compartir en Whatsapp' rel=\"noopener\"><span class='avia_hidden_link_text'>Compartir en Whatsapp<\/span><\/a><\/li><li class='av-share-link av-social-link-linkedin' ><a target=\"_blank\" aria-label=\"Compartir en LinkedIn\" href='https:\/\/linkedin.com\/shareArticle?mini=true&#038;title=Las%20mujeres%20destinan%2001%3A35%20horas%20m%C3%A1s%20que%20los%20hombres%20a%20actividades%20de%20trabajo%20no%20remunerado%20en%20la%20Regi%C3%B3n%20de%20Ays%C3%A9n&#038;url=https:\/\/radiorevelacionfm.cl\/?p=49877' aria-hidden='false' data-av_icon='\ue8fc' data-av_iconfont='entypo-fontello' title='' data-avia-related-tooltip='Compartir en LinkedIn' rel=\"noopener\"><span class='avia_hidden_link_text'>Compartir en LinkedIn<\/span><\/a><\/li><li class='av-share-link av-social-link-mail' ><a  aria-label=\"Compartir por correo\" href='mailto:?subject=Las%20mujeres%20destinan%2001%3A35%20horas%20m%C3%A1s%20que%20los%20hombres%20a%20actividades%20de%20trabajo%20no%20remunerado%20en%20la%20Regi%C3%B3n%20de%20Ays%C3%A9n&#038;body=https:\/\/radiorevelacionfm.cl\/?p=49877' aria-hidden='false' data-av_icon='\ue805' data-av_iconfont='entypo-fontello' title='' data-avia-related-tooltip='Compartir por correo'><span class='avia_hidden_link_text'>Compartir por correo<\/span><\/a><\/li><\/ul><\/div><\/div>\n<div  style='height:50px' class='hr hr-invisible   avia-builder-el-8  el_after_av_social_share  el_before_av_comments_list '><span class='hr-inner ' ><span class='hr-inner-style'><\/span><\/span><\/div>\n<div  class='av-buildercomment  av-blog-meta-html-info-disabled av-blog-meta-tag-disabled  '><\/div>\n","protected":false},"excerpt":{"rendered":"","protected":false},"author":1,"featured_media":49878,"comment_status":"open","ping_status":"open","sticky":false,"template":"","format":"standard","meta":{"footnotes":""},"categories":[38],"tags":[],"class_list":["post-49877","post","type-post","status-publish","format-standard","has-post-thumbnail","hentry","category-regional"],"jetpack_featured_media_url":"https:\/\/radiorevelacionfm.cl\/wp-content\/uploads\/2025\/01\/1-92-1_optimized.jpeg","_links":{"self":[{"href":"https:\/\/radiorevelacionfm.cl\/index.php?rest_route=\/wp\/v2\/posts\/49877","targetHints":{"allow":["GET"]}}],"collection":[{"href":"https:\/\/radiorevelacionfm.cl\/index.php?rest_route=\/wp\/v2\/posts"}],"about":[{"href":"https:\/\/radiorevelacionfm.cl\/index.php?rest_route=\/wp\/v2\/types\/post"}],"author":[{"embeddable":true,"href":"https:\/\/radiorevelacionfm.cl\/index.php?rest_route=\/wp\/v2\/users\/1"}],"replies":[{"embeddable":true,"href":"https:\/\/radiorevelacionfm.cl\/index.php?rest_route=%2Fwp%2Fv2%2Fcomments&post=49877"}],"version-history":[{"count":1,"href":"https:\/\/radiorevelacionfm.cl\/index.php?rest_route=\/wp\/v2\/posts\/49877\/revisions"}],"predecessor-version":[{"id":49879,"href":"https:\/\/radiorevelacionfm.cl\/index.php?rest_route=\/wp\/v2\/posts\/49877\/revisions\/49879"}],"wp:featuredmedia":[{"embeddable":true,"href":"https:\/\/radiorevelacionfm.cl\/index.php?rest_route=\/wp\/v2\/media\/49878"}],"wp:attachment":[{"href":"https:\/\/radiorevelacionfm.cl\/index.php?rest_route=%2Fwp%2Fv2%2Fmedia&parent=49877"}],"wp:term":[{"taxonomy":"category","embeddable":true,"href":"https:\/\/radiorevelacionfm.cl\/index.php?rest_route=%2Fwp%2Fv2%2Fcategories&post=49877"},{"taxonomy":"post_tag","embeddable":true,"href":"https:\/\/radiorevelacionfm.cl\/index.php?rest_route=%2Fwp%2Fv2%2Ftags&post=49877"}],"curies":[{"name":"wp","href":"https:\/\/api.w.org\/{rel}","templated":true}]}}