{"id":49874,"date":"2025-01-21T15:33:07","date_gmt":"2025-01-21T18:33:07","guid":{"rendered":"https:\/\/radiorevelacionfm.cl\/?p=49874"},"modified":"2025-01-21T15:33:07","modified_gmt":"2025-01-21T18:33:07","slug":"calisto-resalto-aprobacion-de-proyecto-que-aumenta-plazo-a-la-ley-del-mono-es-una-buena-noticia-para-la-region-de-aysen","status":"publish","type":"post","link":"https:\/\/radiorevelacionfm.cl\/?p=49874","title":{"rendered":"Calisto resalt\u00f3 aprobaci\u00f3n de proyecto que aumenta plazo a la ley del mono: \u201cEs una buena noticia para la Regi\u00f3n de Ays\u00e9n\u201d"},"content":{"rendered":"<div class=\"flex_column av_one_full  flex_column_div av-zero-column-padding first  avia-builder-el-0  el_before_av_one_full  avia-builder-el-first  \" style='border-radius:0px; '><div  class='avia-image-container  av-styling-    avia-builder-el-1  avia-builder-el-no-sibling  avia-align-center '  itemprop=\"image\" itemscope=\"itemscope\" itemtype=\"https:\/\/schema.org\/ImageObject\"  ><div class='avia-image-container-inner'><div class='avia-image-overlay-wrap'><img decoding=\"async\" class='wp-image-49875 avia-img-lazy-loading-not-49875 avia_image' src=\"https:\/\/radiorevelacionfm.cl\/wp-content\/uploads\/2025\/01\/FOTO-CALISTO-MEDIOS-1-1.jpeg\" alt='' title='FOTO CALISTO MEDIOS (1) (1)' height=\"600\" width=\"900\"  itemprop=\"thumbnailUrl\" srcset=\"https:\/\/radiorevelacionfm.cl\/wp-content\/uploads\/2025\/01\/FOTO-CALISTO-MEDIOS-1-1.jpeg 900w, https:\/\/radiorevelacionfm.cl\/wp-content\/uploads\/2025\/01\/FOTO-CALISTO-MEDIOS-1-1-300x200.jpeg 300w, https:\/\/radiorevelacionfm.cl\/wp-content\/uploads\/2025\/01\/FOTO-CALISTO-MEDIOS-1-1-768x512.jpeg 768w, https:\/\/radiorevelacionfm.cl\/wp-content\/uploads\/2025\/01\/FOTO-CALISTO-MEDIOS-1-1-705x470.jpeg 705w, https:\/\/radiorevelacionfm.cl\/wp-content\/uploads\/2025\/01\/FOTO-CALISTO-MEDIOS-1-1-450x300.jpeg 450w, https:\/\/radiorevelacionfm.cl\/wp-content\/uploads\/2025\/01\/FOTO-CALISTO-MEDIOS-1-1-600x400.jpeg 600w\" sizes=\"(max-width: 900px) 100vw, 900px\" \/><\/div><\/div><\/div><\/div><div class=\"flex_column av_one_full  flex_column_div av-zero-column-padding first  avia-builder-el-2  el_after_av_one_full  el_before_av_one_full  column-top-margin\" style='border-radius:0px; '><section class=\"av_textblock_section \"  itemscope=\"itemscope\" itemtype=\"https:\/\/schema.org\/BlogPosting\" itemprop=\"blogPost\" ><div class='avia_textblock  '   itemprop=\"text\" ><p style=\"text-align: center;\"><span style=\"font-size: 18pt;\"><b>Calisto resalt\u00f3 aprobaci\u00f3n de proyecto que aumenta plazo a la ley del mono: \u201cEs una buena noticia para la Regi\u00f3n de Ays\u00e9n\u201d<\/b><\/span><\/p>\n<div id=\"gtx-trans\" style=\"position: absolute; left: -50px; top: 4.31534px;\">\n<div class=\"gtx-trans-icon\"><\/div>\n<\/div>\n<\/div><\/section><\/div><div class=\"flex_column av_one_full  flex_column_div av-zero-column-padding first  avia-builder-el-4  el_after_av_one_full  el_before_av_hr  column-top-margin\" style='border-radius:0px; '><section class=\"av_textblock_section \"  itemscope=\"itemscope\" itemtype=\"https:\/\/schema.org\/BlogPosting\" itemprop=\"blogPost\" ><div class='avia_textblock  '   itemprop=\"text\" ><p style=\"font-weight: 400; text-align: justify;\">Con el voto a favor del diputado Miguel \u00c1ngel Calisto, se aprob\u00f3 el proyecto que aumenta los plazos de la ley N\u00b020.898, m\u00e1s conocida como la ley del mono, legislaci\u00f3n que tiene como fin facilitar el proceso de regularizaci\u00f3n de viviendas autoconstruidas, asegurando que \u201ces fundamental dar una pr\u00f3rroga para hacerse cargo de esta realidad que se vive en nuestro pa\u00eds\u201d.<\/p>\n<p style=\"font-weight: 400; text-align: justify;\">Seg\u00fan el diputado Miguel \u00c1ngel Calisto, \u201cesta iniciativa permite un procedimiento simplificado para la regularizaci\u00f3n de viviendas de autoconstrucci\u00f3n. Las viviendas de autoconstrucci\u00f3n representan un porcentaje importante y es fundamental la regularizaci\u00f3n a trav\u00e9s de esta ley, tambi\u00e9n \u00a0conocida muy popularmente como la ley del mono\u201d.<\/p>\n<p style=\"font-weight: 400; text-align: justify;\">Calisto agreg\u00f3 que \u201ces fundamental ampliar el plazo y permitir que la gente pueda tener mayor claridad, certeza y sobre todo poder sanear sus viviendas, para poder postular a otros beneficios que entrega el estado.\u00a0 Por eso que es tan importante la regularizaci\u00f3n, porque de esta manera las familias pueden postular, por ejemplo, al mejoramiento t\u00e9rmico, y a los otros programas de mejoramiento de vivienda que tiene el MINVU, que no aplican cuando las viviendas no est\u00e1n regularizadas\u201d.<\/p>\n<p style=\"font-weight: 400; text-align: justify;\">El legislador se\u00f1al\u00f3 que \u201cnosotros tenemos un plan hoy d\u00eda en la zona sur de nuestro pa\u00eds, y concentrado en las zonas de alta contaminaci\u00f3n por el uso de la le\u00f1a.\u00a0 En el caso de Ays\u00e9n, muchas familias terminan pagando un alto copago porque no tienen la casa regularizada, por lo tanto creemos que este tipo de iniciativas que ampl\u00edan el plazo para la regularizaci\u00f3n de viviendas de autoconstrucci\u00f3n, son importantes\u201d.<\/p>\n<p style=\"font-weight: 400; text-align: justify;\">Finalmente, Miguel \u00c1ngel Calisto indic\u00f3 que \u201cnosotros en la regi\u00f3n de Ays\u00e9n tenemos muchos problemas por la contaminaci\u00f3n. El fr\u00edo nos golpea fuertemente en invierno, pro lo que es fundamental tener casas preparadas para las bajas temperaturas, lo que a la larga ayuda a consumir menos le\u00f1a.\u00a0 Este beneficio de la regularizaci\u00f3n de viviendas de autoconstrucci\u00f3n y la ampliaci\u00f3n del plazo hasta el 31 de diciembre del 2027, sin duda es una gran noticia, tremendamente importante para nuestras comunas del pa\u00eds\u201d.<\/p>\n<\/div><\/section><\/div><div  style='height:50px' class='hr hr-invisible   avia-builder-el-6  el_after_av_one_full  el_before_av_social_share '><span class='hr-inner ' ><span class='hr-inner-style'><\/span><\/span><\/div><\/p>\n<div  class='av-social-sharing-box  avia-builder-el-7  el_after_av_hr  el_before_av_hr  '><div class='av-share-box'><h5 class='av-share-link-description av-no-toc '>Compartir esta noticia<\/h5><ul class='av-share-box-list noLightbox'><li class='av-share-link av-social-link-facebook' ><a target=\"_blank\" aria-label=\"Compartir en Facebook\" href='https:\/\/www.facebook.com\/sharer.php?u=https:\/\/radiorevelacionfm.cl\/?p=49874&#038;t=Calisto%20resalt%C3%B3%20aprobaci%C3%B3n%20de%20proyecto%20que%20aumenta%20plazo%20a%20la%20ley%20del%20mono%3A%20%E2%80%9CEs%20una%20buena%20noticia%20para%20la%20Regi%C3%B3n%20de%20Ays%C3%A9n%E2%80%9D' aria-hidden='false' data-av_icon='\ue8f3' data-av_iconfont='entypo-fontello' title='' data-avia-related-tooltip='Compartir en Facebook' rel=\"noopener\"><span class='avia_hidden_link_text'>Compartir en Facebook<\/span><\/a><\/li><li class='av-share-link av-social-link-twitter' ><a target=\"_blank\" aria-label=\"Compartir en Twitter\" href='https:\/\/twitter.com\/share?text=Calisto%20resalt%C3%B3%20aprobaci%C3%B3n%20de%20proyecto%20que%20aumenta%20plazo%20a%20la%20ley%20del%20mono%3A%20%E2%80%9CEs%20una%20buena%20noticia%20para%20la%20Regi%C3%B3n%20de%20Ays%C3%A9n%E2%80%9D&#038;url=https:\/\/radiorevelacionfm.cl\/?p=49874' aria-hidden='false' data-av_icon='\ue8f1' data-av_iconfont='entypo-fontello' title='' data-avia-related-tooltip='Compartir en Twitter' rel=\"noopener\"><span class='avia_hidden_link_text'>Compartir en Twitter<\/span><\/a><\/li><li class='av-share-link av-social-link-whatsapp' ><a target=\"_blank\" aria-label=\"Compartir en Whatsapp\" href='https:\/\/api.whatsapp.com\/send?text=https:\/\/radiorevelacionfm.cl\/?p=49874' aria-hidden='false' data-av_icon='\uf232' data-av_iconfont='entypo-fontello' title='' data-avia-related-tooltip='Compartir en Whatsapp' rel=\"noopener\"><span class='avia_hidden_link_text'>Compartir en Whatsapp<\/span><\/a><\/li><li class='av-share-link av-social-link-linkedin' ><a target=\"_blank\" aria-label=\"Compartir en LinkedIn\" href='https:\/\/linkedin.com\/shareArticle?mini=true&#038;title=Calisto%20resalt%C3%B3%20aprobaci%C3%B3n%20de%20proyecto%20que%20aumenta%20plazo%20a%20la%20ley%20del%20mono%3A%20%E2%80%9CEs%20una%20buena%20noticia%20para%20la%20Regi%C3%B3n%20de%20Ays%C3%A9n%E2%80%9D&#038;url=https:\/\/radiorevelacionfm.cl\/?p=49874' aria-hidden='false' data-av_icon='\ue8fc' data-av_iconfont='entypo-fontello' title='' data-avia-related-tooltip='Compartir en LinkedIn' rel=\"noopener\"><span class='avia_hidden_link_text'>Compartir en LinkedIn<\/span><\/a><\/li><li class='av-share-link av-social-link-mail' ><a  aria-label=\"Compartir por correo\" href='mailto:?subject=Calisto%20resalt%C3%B3%20aprobaci%C3%B3n%20de%20proyecto%20que%20aumenta%20plazo%20a%20la%20ley%20del%20mono%3A%20%E2%80%9CEs%20una%20buena%20noticia%20para%20la%20Regi%C3%B3n%20de%20Ays%C3%A9n%E2%80%9D&#038;body=https:\/\/radiorevelacionfm.cl\/?p=49874' aria-hidden='false' data-av_icon='\ue805' data-av_iconfont='entypo-fontello' title='' data-avia-related-tooltip='Compartir por correo'><span class='avia_hidden_link_text'>Compartir por correo<\/span><\/a><\/li><\/ul><\/div><\/div>\n<div  style='height:50px' class='hr hr-invisible   avia-builder-el-8  el_after_av_social_share  el_before_av_comments_list '><span class='hr-inner ' ><span class='hr-inner-style'><\/span><\/span><\/div>\n<div  class='av-buildercomment  av-blog-meta-html-info-disabled av-blog-meta-tag-disabled  '><\/div>\n","protected":false},"excerpt":{"rendered":"","protected":false},"author":1,"featured_media":49875,"comment_status":"open","ping_status":"open","sticky":false,"template":"","format":"standard","meta":{"footnotes":""},"categories":[35],"tags":[],"class_list":["post-49874","post","type-post","status-publish","format-standard","has-post-thumbnail","hentry","category-politica"],"jetpack_featured_media_url":"https:\/\/radiorevelacionfm.cl\/wp-content\/uploads\/2025\/01\/FOTO-CALISTO-MEDIOS-1-1.jpeg","_links":{"self":[{"href":"https:\/\/radiorevelacionfm.cl\/index.php?rest_route=\/wp\/v2\/posts\/49874","targetHints":{"allow":["GET"]}}],"collection":[{"href":"https:\/\/radiorevelacionfm.cl\/index.php?rest_route=\/wp\/v2\/posts"}],"about":[{"href":"https:\/\/radiorevelacionfm.cl\/index.php?rest_route=\/wp\/v2\/types\/post"}],"author":[{"embeddable":true,"href":"https:\/\/radiorevelacionfm.cl\/index.php?rest_route=\/wp\/v2\/users\/1"}],"replies":[{"embeddable":true,"href":"https:\/\/radiorevelacionfm.cl\/index.php?rest_route=%2Fwp%2Fv2%2Fcomments&post=49874"}],"version-history":[{"count":1,"href":"https:\/\/radiorevelacionfm.cl\/index.php?rest_route=\/wp\/v2\/posts\/49874\/revisions"}],"predecessor-version":[{"id":49876,"href":"https:\/\/radiorevelacionfm.cl\/index.php?rest_route=\/wp\/v2\/posts\/49874\/revisions\/49876"}],"wp:featuredmedia":[{"embeddable":true,"href":"https:\/\/radiorevelacionfm.cl\/index.php?rest_route=\/wp\/v2\/media\/49875"}],"wp:attachment":[{"href":"https:\/\/radiorevelacionfm.cl\/index.php?rest_route=%2Fwp%2Fv2%2Fmedia&parent=49874"}],"wp:term":[{"taxonomy":"category","embeddable":true,"href":"https:\/\/radiorevelacionfm.cl\/index.php?rest_route=%2Fwp%2Fv2%2Fcategories&post=49874"},{"taxonomy":"post_tag","embeddable":true,"href":"https:\/\/radiorevelacionfm.cl\/index.php?rest_route=%2Fwp%2Fv2%2Ftags&post=49874"}],"curies":[{"name":"wp","href":"https:\/\/api.w.org\/{rel}","templated":true}]}}