{"id":4987,"date":"2021-06-07T17:15:07","date_gmt":"2021-06-07T20:15:07","guid":{"rendered":"https:\/\/radiorevelacionfm.cl\/?p=4987"},"modified":"2021-06-07T17:15:07","modified_gmt":"2021-06-07T20:15:07","slug":"su-absoluto-rechazo-expreso-el-seremi-de-vivienda-por-danos-provocados-en-parque-costanera-rio-simpson-de-coyhaique","status":"publish","type":"post","link":"https:\/\/radiorevelacionfm.cl\/?p=4987","title":{"rendered":"Su absoluto rechaz\u00f3 expres\u00f3 el Seremi de Vivienda por da\u00f1os provocados en Parque Costanera R\u00edo Simpson de Coyhaique"},"content":{"rendered":"<div class=\"flex_column av_one_full  flex_column_div av-zero-column-padding first  avia-builder-el-0  el_before_av_one_full  avia-builder-el-first  \" style='border-radius:0px; '><div  class='avia-image-container  av-styling-    avia-builder-el-1  avia-builder-el-no-sibling  avia-align-center '  itemprop=\"image\" itemscope=\"itemscope\" itemtype=\"https:\/\/schema.org\/ImageObject\"  ><div class='avia-image-container-inner'><div class='avia-image-overlay-wrap'><img decoding=\"async\" class='wp-image-0 avia-img-lazy-loading-not-0 avia_image' src=\"https:\/\/radiorevelacionfm.cl\/wp-content\/uploads\/2021\/06\/seremi-de-vivienda-rechaza-danos-en-parque-rio-simpson_optimized.jpeg\" alt='' title=''   itemprop=\"thumbnailUrl\"  \/><\/div><\/div><\/div><\/div><div class=\"flex_column av_one_full  flex_column_div av-zero-column-padding first  avia-builder-el-2  el_after_av_one_full  el_before_av_one_full  column-top-margin\" style='border-radius:0px; '><section class=\"av_textblock_section \"  itemscope=\"itemscope\" itemtype=\"https:\/\/schema.org\/BlogPosting\" itemprop=\"blogPost\" ><div class='avia_textblock  '   itemprop=\"text\" ><p style=\"text-align: center;\"><strong><span style=\"font-size: 18pt;\">Su absoluto rechaz\u00f3 expres\u00f3 el Seremi de Vivienda por da\u00f1os provocados en Parque Costanera R\u00edo Simpson de Coyhaique<\/span><\/strong><\/p>\n<div id=\"gtx-trans\" style=\"position: absolute; left: -50px; top: 4.31534px;\">\n<div class=\"gtx-trans-icon\"><\/div>\n<\/div>\n<\/div><\/section><\/div><div class=\"flex_column av_one_full  flex_column_div av-zero-column-padding first  avia-builder-el-4  el_after_av_one_full  el_before_av_hr  column-top-margin\" style='border-radius:0px; '><section class=\"av_textblock_section \"  itemscope=\"itemscope\" itemtype=\"https:\/\/schema.org\/BlogPosting\" itemprop=\"blogPost\" ><div class='avia_textblock  '   itemprop=\"text\" ><p style=\"text-align: justify;\">El Seremi de Vivienda y Urbanismo, Diego Silva Barrera, expres\u00f3 su m\u00e1s categ\u00f3rico rechazo a la actitud irresponsable de quienes el pasado fin de semana provocaron deliberadamente serios da\u00f1os en el c\u00e9sped del Parque Costanera R\u00edo Simpson de Coyhaique, espacio p\u00fablico muy valorado y visitado por turistas, deportistas y comunidad en general.<\/p>\n<p style=\"text-align: justify;\">Cabe consignar que durante el fin de semana uno o m\u00e1s autom\u00f3viles se subieron al c\u00e9sped del parque realizando acrobacias que causaron serios da\u00f1os en el lugar, dejando adem\u00e1s una imagen lamentable respecto de la cultura que debemos demostrar en el uso los espacios que adem\u00e1s hemos construido con participaci\u00f3n y esfuerzo de todos y todas.<\/p>\n<p style=\"text-align: justify;\">La autoridad lament\u00f3 profundamente que incluso en medio de las complicaciones que ha tra\u00eddo la pandemia por Covid 19 tanto para el desplazamiento como para el uso de los parques, algunas personas de forma irracional e irresponsable sean capaces de hacer da\u00f1o a un espacio construido solo pensando en el bien com\u00fan y en ofrecer opciones para que nuestra gente siga optando a una mejor calidad de vida. \u201cLamentamos y rechazamos categ\u00f3ricamente esta negativa intervenci\u00f3n que fue realizada la noche del domingo en el Parque Urbano Costanera R\u00edo Simpson. Me refiero a un veh\u00edculo que hizo la acrobacia del trompito en el c\u00e9sped, esta acrobacia entre frenos y acelerador en c\u00edrculos, que \u00a0dej\u00f3 el c\u00e9sped muy da\u00f1ado, se ve muy feo, as\u00ed que lamentamos que gente inadaptada realice este tipo de intervenciones que le hacen un tremendo da\u00f1o al parque, a los espacios p\u00fablicos que tenemos para utilizar los coyhaiquinos y coyhaiquinas\u201d, afirm\u00f3.<\/p>\n<p style=\"text-align: justify;\">Finalmente el Seremi de Vivienda hizo un llamado a rechazar y denunciar este tipo de acciones y sobre todo a cuidar entre todos nuestros bienes p\u00fablicos, entendiendo que cada proyecto y cada obra como esta, que es impulsada desde el Ministerio de Vivienda, est\u00e1 basada en las necesidades, las aspiraciones y los sue\u00f1os de nuestras propias familias, y por lo tanto son de todos y entre todos debemos usarlas, disfrutarlas y protegerlas.<\/p>\n<\/div><\/section><\/div><div  style='height:50px' class='hr hr-invisible   avia-builder-el-6  el_after_av_one_full  el_before_av_social_share '><span class='hr-inner ' ><span class='hr-inner-style'><\/span><\/span><\/div><\/p>\n<div  class='av-social-sharing-box  avia-builder-el-7  el_after_av_hr  el_before_av_hr  '><div class='av-share-box'><h5 class='av-share-link-description av-no-toc '>Compartir esta noticia<\/h5><ul class='av-share-box-list noLightbox'><li class='av-share-link av-social-link-facebook' ><a target=\"_blank\" aria-label=\"Compartir en Facebook\" href='https:\/\/www.facebook.com\/sharer.php?u=https:\/\/radiorevelacionfm.cl\/?p=4987&#038;t=Su%20absoluto%20rechaz%C3%B3%20expres%C3%B3%20el%20Seremi%20de%20Vivienda%20por%20da%C3%B1os%20provocados%20en%20Parque%20Costanera%20R%C3%ADo%20Simpson%20de%20Coyhaique' aria-hidden='false' data-av_icon='\ue8f3' data-av_iconfont='entypo-fontello' title='' data-avia-related-tooltip='Compartir en Facebook' rel=\"noopener\"><span class='avia_hidden_link_text'>Compartir en Facebook<\/span><\/a><\/li><li class='av-share-link av-social-link-twitter' ><a target=\"_blank\" aria-label=\"Compartir en Twitter\" href='https:\/\/twitter.com\/share?text=Su%20absoluto%20rechaz%C3%B3%20expres%C3%B3%20el%20Seremi%20de%20Vivienda%20por%20da%C3%B1os%20provocados%20en%20Parque%20Costanera%20R%C3%ADo%20Simpson%20de%20Coyhaique&#038;url=https:\/\/radiorevelacionfm.cl\/?p=4987' aria-hidden='false' data-av_icon='\ue8f1' data-av_iconfont='entypo-fontello' title='' data-avia-related-tooltip='Compartir en Twitter' rel=\"noopener\"><span class='avia_hidden_link_text'>Compartir en Twitter<\/span><\/a><\/li><li class='av-share-link av-social-link-whatsapp' ><a target=\"_blank\" aria-label=\"Compartir en Whatsapp\" href='https:\/\/api.whatsapp.com\/send?text=https:\/\/radiorevelacionfm.cl\/?p=4987' aria-hidden='false' data-av_icon='\uf232' data-av_iconfont='entypo-fontello' title='' data-avia-related-tooltip='Compartir en Whatsapp' rel=\"noopener\"><span class='avia_hidden_link_text'>Compartir en Whatsapp<\/span><\/a><\/li><li class='av-share-link av-social-link-linkedin' ><a target=\"_blank\" aria-label=\"Compartir en LinkedIn\" href='https:\/\/linkedin.com\/shareArticle?mini=true&#038;title=Su%20absoluto%20rechaz%C3%B3%20expres%C3%B3%20el%20Seremi%20de%20Vivienda%20por%20da%C3%B1os%20provocados%20en%20Parque%20Costanera%20R%C3%ADo%20Simpson%20de%20Coyhaique&#038;url=https:\/\/radiorevelacionfm.cl\/?p=4987' aria-hidden='false' data-av_icon='\ue8fc' data-av_iconfont='entypo-fontello' title='' data-avia-related-tooltip='Compartir en LinkedIn' rel=\"noopener\"><span class='avia_hidden_link_text'>Compartir en LinkedIn<\/span><\/a><\/li><li class='av-share-link av-social-link-mail' ><a  aria-label=\"Compartir por correo\" href='mailto:?subject=Su%20absoluto%20rechaz%C3%B3%20expres%C3%B3%20el%20Seremi%20de%20Vivienda%20por%20da%C3%B1os%20provocados%20en%20Parque%20Costanera%20R%C3%ADo%20Simpson%20de%20Coyhaique&#038;body=https:\/\/radiorevelacionfm.cl\/?p=4987' aria-hidden='false' data-av_icon='\ue805' data-av_iconfont='entypo-fontello' title='' data-avia-related-tooltip='Compartir por correo'><span class='avia_hidden_link_text'>Compartir por correo<\/span><\/a><\/li><\/ul><\/div><\/div>\n<div  style='height:50px' class='hr hr-invisible   avia-builder-el-8  el_after_av_social_share  el_before_av_comments_list '><span class='hr-inner ' ><span class='hr-inner-style'><\/span><\/span><\/div>\n<div  class='av-buildercomment  av-blog-meta-html-info-disabled av-blog-meta-tag-disabled  '><\/div>\n","protected":false},"excerpt":{"rendered":"","protected":false},"author":1,"featured_media":0,"comment_status":"open","ping_status":"open","sticky":false,"template":"","format":"standard","meta":{"footnotes":""},"categories":[38],"tags":[],"class_list":["post-4987","post","type-post","status-publish","format-standard","hentry","category-regional"],"jetpack_featured_media_url":"","_links":{"self":[{"href":"https:\/\/radiorevelacionfm.cl\/index.php?rest_route=\/wp\/v2\/posts\/4987","targetHints":{"allow":["GET"]}}],"collection":[{"href":"https:\/\/radiorevelacionfm.cl\/index.php?rest_route=\/wp\/v2\/posts"}],"about":[{"href":"https:\/\/radiorevelacionfm.cl\/index.php?rest_route=\/wp\/v2\/types\/post"}],"author":[{"embeddable":true,"href":"https:\/\/radiorevelacionfm.cl\/index.php?rest_route=\/wp\/v2\/users\/1"}],"replies":[{"embeddable":true,"href":"https:\/\/radiorevelacionfm.cl\/index.php?rest_route=%2Fwp%2Fv2%2Fcomments&post=4987"}],"version-history":[{"count":1,"href":"https:\/\/radiorevelacionfm.cl\/index.php?rest_route=\/wp\/v2\/posts\/4987\/revisions"}],"predecessor-version":[{"id":4989,"href":"https:\/\/radiorevelacionfm.cl\/index.php?rest_route=\/wp\/v2\/posts\/4987\/revisions\/4989"}],"wp:attachment":[{"href":"https:\/\/radiorevelacionfm.cl\/index.php?rest_route=%2Fwp%2Fv2%2Fmedia&parent=4987"}],"wp:term":[{"taxonomy":"category","embeddable":true,"href":"https:\/\/radiorevelacionfm.cl\/index.php?rest_route=%2Fwp%2Fv2%2Fcategories&post=4987"},{"taxonomy":"post_tag","embeddable":true,"href":"https:\/\/radiorevelacionfm.cl\/index.php?rest_route=%2Fwp%2Fv2%2Ftags&post=4987"}],"curies":[{"name":"wp","href":"https:\/\/api.w.org\/{rel}","templated":true}]}}