{"id":49868,"date":"2025-01-23T10:39:31","date_gmt":"2025-01-23T13:39:31","guid":{"rendered":"https:\/\/radiorevelacionfm.cl\/?p=49868"},"modified":"2025-01-23T10:40:34","modified_gmt":"2025-01-23T13:40:34","slug":"quieres-cambiar-de-institucion-en-la-que-te-matriculaste-sernac-y-ses-informan-sobre-el-derecho-a-retracto-en-educacion-superior","status":"publish","type":"post","link":"https:\/\/radiorevelacionfm.cl\/?p=49868","title":{"rendered":"\u00bfQuieres cambiar de instituci\u00f3n en la que te matriculaste?: Sernac y SES informan sobre el derecho a retracto en Educaci\u00f3n Superior"},"content":{"rendered":"<div class=\"flex_column av_one_full  flex_column_div av-zero-column-padding first  avia-builder-el-0  el_before_av_one_full  avia-builder-el-first  \" style='border-radius:0px; '><div  class='avia-image-container  av-styling-    avia-builder-el-1  avia-builder-el-no-sibling  avia-align-center '  itemprop=\"image\" itemscope=\"itemscope\" itemtype=\"https:\/\/schema.org\/ImageObject\"  ><div class='avia-image-container-inner'><div class='avia-image-overlay-wrap'><img decoding=\"async\" class='wp-image-49869 avia-img-lazy-loading-not-49869 avia_image' src=\"https:\/\/radiorevelacionfm.cl\/wp-content\/uploads\/2025\/01\/retractouweb-01-1-1_optimized.jpg\" alt='' title='retractouweb-01-(1)-(1)_optimized' height=\"600\" width=\"900\"  itemprop=\"thumbnailUrl\" srcset=\"https:\/\/radiorevelacionfm.cl\/wp-content\/uploads\/2025\/01\/retractouweb-01-1-1_optimized.jpg 900w, https:\/\/radiorevelacionfm.cl\/wp-content\/uploads\/2025\/01\/retractouweb-01-1-1_optimized-300x200.jpg 300w, https:\/\/radiorevelacionfm.cl\/wp-content\/uploads\/2025\/01\/retractouweb-01-1-1_optimized-768x512.jpg 768w, https:\/\/radiorevelacionfm.cl\/wp-content\/uploads\/2025\/01\/retractouweb-01-1-1_optimized-705x470.jpg 705w, https:\/\/radiorevelacionfm.cl\/wp-content\/uploads\/2025\/01\/retractouweb-01-1-1_optimized-450x300.jpg 450w, https:\/\/radiorevelacionfm.cl\/wp-content\/uploads\/2025\/01\/retractouweb-01-1-1_optimized-600x400.jpg 600w\" sizes=\"(max-width: 900px) 100vw, 900px\" \/><\/div><\/div><\/div><\/div>\n<div class=\"flex_column av_one_full  flex_column_div av-zero-column-padding first  avia-builder-el-2  el_after_av_one_full  el_before_av_one_full  column-top-margin\" style='border-radius:0px; '><section class=\"av_textblock_section \"  itemscope=\"itemscope\" itemtype=\"https:\/\/schema.org\/BlogPosting\" itemprop=\"blogPost\" ><div class='avia_textblock  '   itemprop=\"text\" ><p style=\"text-align: center;\"><strong><span style=\"font-size: 18pt;\">\u00bfQuieres cambiar de instituci\u00f3n en la que te matriculaste?: Sernac y SES informan sobre el derecho a retracto en Educaci\u00f3n Superior<\/span><\/strong><\/p>\n<div id=\"gtx-trans\" style=\"position: absolute; left: -50px; top: 4.31534px;\">\n<div class=\"gtx-trans-icon\"><\/div>\n<\/div>\n<\/div><\/section><\/div><div class=\"flex_column av_one_full  flex_column_div av-zero-column-padding first  avia-builder-el-4  el_after_av_one_full  el_before_av_hr  column-top-margin\" style='border-radius:0px; '><section class=\"av_textblock_section \"  itemscope=\"itemscope\" itemtype=\"https:\/\/schema.org\/BlogPosting\" itemprop=\"blogPost\" ><div class='avia_textblock  '   itemprop=\"text\" ><p style=\"text-align: justify;\">A partir de este <strong>martes 21 y hasta el pr\u00f3ximo jueves 30 de enero<\/strong>, las y los estudiantes que ingresan a primer a\u00f1o de la educaci\u00f3n superior, tendr\u00e1n plazo para poder ejercer el <strong>derecho a retracto<\/strong>, el cual les permite desistir de alg\u00fan contrato firmado previamente con otra instituci\u00f3n educacional.<\/p>\n<p style=\"text-align: justify;\">En espec\u00edfico, la Ley del Consumidor (LPC) establece que <strong>quienes ingresan a primer a\u00f1o de una carrera de pregrado, ya sea en una universidad, centro de formaci\u00f3n t\u00e9cnica (CFT) o instituto profesional (IP)<\/strong>, que se hayan matriculado en otra instituci\u00f3n y que quieran cambiarse, puedan hacerlo luego de conocer los resultados de las postulaciones a las instituciones que forman parte del Sistema de Acceso a la Educaci\u00f3n Superior.<\/p>\n<p style=\"text-align: justify;\">De esta forma, existir\u00e1 un <strong>plazo de 10 d\u00edas corridos para ejercer el derecho a retracto <\/strong>desde que se completa la primera publicaci\u00f3n de los resultados de las postulaciones, es decir, desde este martes 21, hasta el jueves 30 de enero.<\/p>\n<p style=\"text-align: justify;\">Este derecho corre tanto para quienes se matricularon antes de conocer los resultados de las postulaciones, como para quienes lo hicieron durante el primer proceso y prefieren la instituci\u00f3n en la que quedaron asignados durante la segunda etapa.<\/p>\n<p style=\"text-align: justify;\">Por esta raz\u00f3n, el Servicio Nacional del Consumidor (SERNAC) y la Superintendencia de Educaci\u00f3n Superior (SES) trabajar\u00e1n de manera coordinada para monitorear y resguardar el debido cumplimiento de este derecho en caso de ejercerlo.<\/p>\n<p style=\"text-align: justify;\">El Director Nacional del SERNAC, Andr\u00e9s Herrera, se\u00f1al\u00f3 que \u201ces muy importante que las y los estudiantes que ingresan a su primer a\u00f1o de universidad, se informen adecuadamente sobre este derecho, ya que permite resguardar a quienes ya se matricularon en otra instituci\u00f3n para asegurar un cupo\u201d.<\/p>\n<p style=\"text-align: justify;\">Adem\u00e1s, a\u00f1adi\u00f3 que \u201clas instituciones de educaci\u00f3n superior est\u00e1n obligadas a respetar este derecho, por lo que, entre otras cosas, deben devolver lo pagado por la matr\u00edcula\u201d.<\/p>\n<p style=\"text-align: justify;\">Es importante recordar que, para ejercer el retracto, las y los estudiantes deben presentar el comprobante de la segunda matr\u00edcula e idealmente una carta de retracto en la primera instituci\u00f3n de educaci\u00f3n superior.<\/p>\n<p style=\"text-align: justify;\">El Superintendente de Educaci\u00f3n Superior, Jos\u00e9 Miguel Salazar, destac\u00f3 que \u201cel derecho a retracto es una importante herramienta que tienen los postulantes a la educaci\u00f3n superior para tomar una mejor y m\u00e1s informada decisi\u00f3n respecto de su futuro. En ese contexto, la Superintendencia de Educaci\u00f3n Superior hace un llamado a todas las universidades, institutos profesionales y centros de formaci\u00f3n t\u00e9cnica del pa\u00eds a respetar el derecho a retracto y a adoptar las medidas necesarias para que todos los postulantes puedan seguir sus estudios donde estimen conveniente\u201d.<\/p>\n<p style=\"text-align: justify;\">Durante el a\u00f1o 2024, <strong>SERNAC recibi\u00f3 un total de 159 reclamos relacionados con el derecho a retracto<\/strong> en educaci\u00f3n superior, siendo las m\u00e1s reclamadas las universidades, por sobre los Centros de Formaci\u00f3n T\u00e9cnica y los Institutos Profesionales<\/p>\n<p style=\"text-align: justify;\">Lo anterior solo equivale a un 4,7% del total de reclamos (3.389) ingresados contra alguna instituci\u00f3n de educaci\u00f3n superior durante el a\u00f1o reci\u00e9n pasado, lo que, adem\u00e1s, equivale a una baja incidencia en relaci\u00f3n con otros motivos de reclamo.<\/p>\n<p style=\"text-align: justify;\"><strong>SI UTILIZO EL DERECHO A RETRACTO \u00bfQU\u00c9 DEBE HACER LA PRIMERA INSTITUCI\u00d3N EN LA QU\u00c9 ME MATRICUL\u00c9?<\/strong><\/p>\n<ul style=\"text-align: justify;\">\n<li>Debe devolver lo pagado por la matr\u00edcula y la documentaci\u00f3n que respalda el pago del a\u00f1o, dentro del plazo de 10 d\u00edas corridos desde que se ejerci\u00f3 el derecho de retracto.<\/li>\n<li>Podr\u00e1 retener de lo pagado hasta el 1% del arancel anual de la carrera por concepto de costos de administraci\u00f3n.<\/li>\n<li>No podr\u00e1 cobrar por los servicios respecto de los cuales desististe.<\/li>\n<\/ul>\n<p style=\"text-align: justify;\"><strong>PASO A PASO PARA EJERCER EL DERECHO A RETRACTO<\/strong><\/p>\n<ul style=\"text-align: justify;\">\n<li>El primer paso es presentar el comprobante de la segunda matr\u00edcula ante la instituci\u00f3n con la que originalmente se contrat\u00f3.<\/li>\n<li>Acompa\u00f1ar el comprobante de la segunda matr\u00edcula, idealmente con una carta, en la que se manifiesta que se quiere ejercer el derecho a retracto donde quede bien clara la fecha. Los usuarios pueden acceder a un formato de carta visitando <a href=\"http:\/\/www.sernac.cl\/retracto\">sernac.cl\/retracto<\/a> o <a href=\"https:\/\/www.sesuperior.cl\/es_cl\/comunidad-educativa\/derecho-a-retracto-en-instituciones-de-educacion-superior\/\">www.sesuperior\/retracto<\/a>. Las instituciones deber\u00e1n otorgar las facilidades para gestionar las solicitudes de retracto de manera remota.<\/li>\n<li>Pedirle a la instituci\u00f3n que timbre o firme una copia de la carta de manera que quede constancia de la fecha en la que se hizo efectivo el derecho, por si hay problemas posteriores.<\/li>\n<li>Si luego de transcurridos 10 d\u00edas corridos de este tr\u00e1mite y no se ha recibido la devoluci\u00f3n del dinero o la confirmaci\u00f3n de la disoluci\u00f3n del contrato, es una infracci\u00f3n.<\/li>\n<li>Si alguna instituci\u00f3n no respeta este derecho, los estudiantes pueden presentar el reclamo ante SERNAC en <a href=\"http:\/\/www.sernac.cl\">sernac.cl<\/a> o llamando al tel\u00e9fono 800 700 100; o bien directamente en la plataforma de reclamos y denuncias de la SES disponible en <a href=\"http:\/\/www.sesuperior.cl\">www.sesuperior.cl<\/a>.<\/li>\n<\/ul>\n<\/div><\/section><\/div><\/p>\n<div  style='height:50px' class='hr hr-invisible   avia-builder-el-6  el_after_av_one_full  el_before_av_social_share '><span class='hr-inner ' ><span class='hr-inner-style'><\/span><\/span><\/div>\n<div  class='av-social-sharing-box  avia-builder-el-7  el_after_av_hr  el_before_av_hr  '><div class='av-share-box'><h5 class='av-share-link-description av-no-toc '>Compartir esta noticia<\/h5><ul class='av-share-box-list noLightbox'><li class='av-share-link av-social-link-facebook' ><a target=\"_blank\" aria-label=\"Compartir en Facebook\" href='https:\/\/www.facebook.com\/sharer.php?u=https:\/\/radiorevelacionfm.cl\/?p=49868&#038;t=%C2%BFQuieres%20cambiar%20de%20instituci%C3%B3n%20en%20la%20que%20te%20matriculaste%3F%3A%20Sernac%20y%20SES%20informan%20sobre%20el%20derecho%20a%20retracto%20en%20Educaci%C3%B3n%20Superior' aria-hidden='false' data-av_icon='\ue8f3' data-av_iconfont='entypo-fontello' title='' data-avia-related-tooltip='Compartir en Facebook' rel=\"noopener\"><span class='avia_hidden_link_text'>Compartir en Facebook<\/span><\/a><\/li><li class='av-share-link av-social-link-twitter' ><a target=\"_blank\" aria-label=\"Compartir en Twitter\" href='https:\/\/twitter.com\/share?text=%C2%BFQuieres%20cambiar%20de%20instituci%C3%B3n%20en%20la%20que%20te%20matriculaste%3F%3A%20Sernac%20y%20SES%20informan%20sobre%20el%20derecho%20a%20retracto%20en%20Educaci%C3%B3n%20Superior&#038;url=https:\/\/radiorevelacionfm.cl\/?p=49868' aria-hidden='false' data-av_icon='\ue8f1' data-av_iconfont='entypo-fontello' title='' data-avia-related-tooltip='Compartir en Twitter' rel=\"noopener\"><span class='avia_hidden_link_text'>Compartir en Twitter<\/span><\/a><\/li><li class='av-share-link av-social-link-whatsapp' ><a target=\"_blank\" aria-label=\"Compartir en Whatsapp\" href='https:\/\/api.whatsapp.com\/send?text=https:\/\/radiorevelacionfm.cl\/?p=49868' aria-hidden='false' data-av_icon='\uf232' data-av_iconfont='entypo-fontello' title='' data-avia-related-tooltip='Compartir en Whatsapp' rel=\"noopener\"><span class='avia_hidden_link_text'>Compartir en Whatsapp<\/span><\/a><\/li><li class='av-share-link av-social-link-linkedin' ><a target=\"_blank\" aria-label=\"Compartir en LinkedIn\" href='https:\/\/linkedin.com\/shareArticle?mini=true&#038;title=%C2%BFQuieres%20cambiar%20de%20instituci%C3%B3n%20en%20la%20que%20te%20matriculaste%3F%3A%20Sernac%20y%20SES%20informan%20sobre%20el%20derecho%20a%20retracto%20en%20Educaci%C3%B3n%20Superior&#038;url=https:\/\/radiorevelacionfm.cl\/?p=49868' aria-hidden='false' data-av_icon='\ue8fc' data-av_iconfont='entypo-fontello' title='' data-avia-related-tooltip='Compartir en LinkedIn' rel=\"noopener\"><span class='avia_hidden_link_text'>Compartir en LinkedIn<\/span><\/a><\/li><li class='av-share-link av-social-link-mail' ><a  aria-label=\"Compartir por correo\" href='mailto:?subject=%C2%BFQuieres%20cambiar%20de%20instituci%C3%B3n%20en%20la%20que%20te%20matriculaste%3F%3A%20Sernac%20y%20SES%20informan%20sobre%20el%20derecho%20a%20retracto%20en%20Educaci%C3%B3n%20Superior&#038;body=https:\/\/radiorevelacionfm.cl\/?p=49868' aria-hidden='false' data-av_icon='\ue805' data-av_iconfont='entypo-fontello' title='' data-avia-related-tooltip='Compartir por correo'><span class='avia_hidden_link_text'>Compartir por correo<\/span><\/a><\/li><\/ul><\/div><\/div>\n<div  style='height:50px' class='hr hr-invisible   avia-builder-el-8  el_after_av_social_share  el_before_av_comments_list '><span class='hr-inner ' ><span class='hr-inner-style'><\/span><\/span><\/div>\n<div  class='av-buildercomment  av-blog-meta-html-info-disabled av-blog-meta-tag-disabled  '><\/div>\n","protected":false},"excerpt":{"rendered":"","protected":false},"author":1,"featured_media":49869,"comment_status":"open","ping_status":"open","sticky":false,"template":"","format":"standard","meta":{"footnotes":""},"categories":[61],"tags":[],"class_list":["post-49868","post","type-post","status-publish","format-standard","has-post-thumbnail","hentry","category-nacional"],"jetpack_featured_media_url":"https:\/\/radiorevelacionfm.cl\/wp-content\/uploads\/2025\/01\/retractouweb-01-1-1_optimized.jpg","_links":{"self":[{"href":"https:\/\/radiorevelacionfm.cl\/index.php?rest_route=\/wp\/v2\/posts\/49868","targetHints":{"allow":["GET"]}}],"collection":[{"href":"https:\/\/radiorevelacionfm.cl\/index.php?rest_route=\/wp\/v2\/posts"}],"about":[{"href":"https:\/\/radiorevelacionfm.cl\/index.php?rest_route=\/wp\/v2\/types\/post"}],"author":[{"embeddable":true,"href":"https:\/\/radiorevelacionfm.cl\/index.php?rest_route=\/wp\/v2\/users\/1"}],"replies":[{"embeddable":true,"href":"https:\/\/radiorevelacionfm.cl\/index.php?rest_route=%2Fwp%2Fv2%2Fcomments&post=49868"}],"version-history":[{"count":2,"href":"https:\/\/radiorevelacionfm.cl\/index.php?rest_route=\/wp\/v2\/posts\/49868\/revisions"}],"predecessor-version":[{"id":49940,"href":"https:\/\/radiorevelacionfm.cl\/index.php?rest_route=\/wp\/v2\/posts\/49868\/revisions\/49940"}],"wp:featuredmedia":[{"embeddable":true,"href":"https:\/\/radiorevelacionfm.cl\/index.php?rest_route=\/wp\/v2\/media\/49869"}],"wp:attachment":[{"href":"https:\/\/radiorevelacionfm.cl\/index.php?rest_route=%2Fwp%2Fv2%2Fmedia&parent=49868"}],"wp:term":[{"taxonomy":"category","embeddable":true,"href":"https:\/\/radiorevelacionfm.cl\/index.php?rest_route=%2Fwp%2Fv2%2Fcategories&post=49868"},{"taxonomy":"post_tag","embeddable":true,"href":"https:\/\/radiorevelacionfm.cl\/index.php?rest_route=%2Fwp%2Fv2%2Ftags&post=49868"}],"curies":[{"name":"wp","href":"https:\/\/api.w.org\/{rel}","templated":true}]}}